{"id":10934,"date":"2021-05-03T10:19:39","date_gmt":"2021-05-03T07:19:39","guid":{"rendered":"http:\/\/www.rukajarvensuunnanhistoriayhdistys.fi\/rukajarvikeskus\/?p=10934"},"modified":"2021-05-03T10:19:43","modified_gmt":"2021-05-03T07:19:43","slug":"kaikille-avoimet-mottitalkoot-8-5-2021","status":"publish","type":"post","link":"http:\/\/www.rukajarvensuunnanhistoriayhdistys.fi\/rukajarvikeskus\/tapahtumat\/kaikille-avoimet-mottitalkoot-8-5-2021\/","title":{"rendered":"Kaikille avoimet Mottitalkoot 8.5.2021"},"content":{"rendered":"<div class=\"fcbkbttn_buttons_block\" id=\"fcbkbttn_left\"><div class=\"fcbkbttn_like \"><fb:like href=\"http:\/\/www.rukajarvensuunnanhistoriayhdistys.fi\/rukajarvikeskus\/tapahtumat\/kaikille-avoimet-mottitalkoot-8-5-2021\/\" action=\"like\" colorscheme=\"light\" layout=\"button_count\"  size=\"small\"><\/fb:like><\/div><\/div>\n<p><strong>Halot on lopussa. Se on merkki siit\u00e4, ett\u00e4 Rukaj\u00e4rven tiell\u00e4 on vierailijoita.<\/strong><\/p>\n\n\n\n<p><strong>J\u00e4rjest\u00e4mme kaikille avoimet \u201dMottitalkoot Jukolan Motti -pirtill\u00e4\u201d<\/strong><\/p>\n\n\n\n<p><strong>8.5.2021 alkaen klo 9.00<\/strong><\/p>\n\n\n\n<figure class=\"wp-block-image size-large\"><a href=\"http:\/\/www.rukajarvensuunnanhistoriayhdistys.fi\/historiayhdistys\/wp-content\/uploads\/2016\/09\/YUNC0004.jpg\"><img decoding=\"async\" src=\"http:\/\/www.rukajarvensuunnanhistoriayhdistys.fi\/historiayhdistys\/wp-content\/uploads\/2016\/09\/YUNC0004-1024x768.jpg\" alt=\"\" class=\"wp-image-10834\"\/><\/a><figcaption>Jukolan Motti -pirtti rakennettiin talkoovoimin. Yli 60 talkoomiest\u00e4 uurasti syksyll\u00e4 2014 vesi- ja r\u00e4nt\u00e4sateessa. Luntakin tuli ja oli pakkasta. Ty\u00f6 onnistui hyvin ja rakennus on eritt\u00e4in suosittu Rukaj\u00e4rven tien kohde., avajaiset j\u00e4rjestettiin 30.11.2014. Kiitos talkooporukan. Nyt kokoonnutaan tekem\u00e4\u00e4n polttopuita ja toivotaan, ett\u00e4 Lieksaan tulisi tulevana kes\u00e4n\u00e4 suuri m\u00e4\u00e4r\u00e4 matkailijoita tutustumaan Lieksan moniin muihinkin kulttuurikohteisiin. Rukaj\u00e4rven tie nimettiin t\u00e4ll\u00e4 paikalla 2.7.2011 pidetyss\u00e4 kansalaisjuhlassa.<\/figcaption><\/figure>\n\n\n\n<p>Tarjolla makkaraa ja nokipannukahvit korpun kera.<\/p>\n\n\n\n<p>os. Kivivaarantie 73 (n. 5,5 km Nurmij\u00e4rvelt\u00e4)<\/p>\n\n\n\n<p>Tervetuloa. Mukaan ty\u00f6kaluja, kirves riitt\u00e4\u00e4.<\/p>\n\n\n\n<p>Jongunjoen kyl\u00e4yhdistys ry\/Heikki Turunen puh.0400-468394, RSHYry: Jari K\u00e4rkk\u00e4inen puh. 0500-279633 ja Matti Kilpel\u00e4inen puh: 0440-176 111. Llis\u00e4tietoa <a href=\"http:\/\/www.rukajarvensuunnanhistoriayhdistys.fi\">www.rukajarvensuunnanhistoriayhdistys.fi<\/a><\/p>\n\n\n\n<p>Jos tulet kauempaa, samalla voit pist\u00e4yty\u00e4 tutustumassa Nurmeij\u00e4rven Seuralan Rukaj\u00e4rven tien uusittuun valokuvan\u00e4yttelyyn. Avaimen saa Annukan Baarista.<\/p>\n\n\n\n<figure class=\"wp-block-image size-large\"><a href=\"http:\/\/www.rukajarvensuunnanhistoriayhdistys.fi\/rukajarvikeskus\/wp-content\/uploads\/2014\/11\/Seurala.jpg\"><img loading=\"lazy\" decoding=\"async\" width=\"1024\" height=\"723\" src=\"http:\/\/www.rukajarvensuunnanhistoriayhdistys.fi\/rukajarvikeskus\/wp-content\/uploads\/2014\/11\/Seurala-1024x723.jpg\" alt=\"\" class=\"wp-image-1666\" srcset=\"http:\/\/www.rukajarvensuunnanhistoriayhdistys.fi\/rukajarvikeskus\/wp-content\/uploads\/2014\/11\/Seurala-1024x723.jpg 1024w, http:\/\/www.rukajarvensuunnanhistoriayhdistys.fi\/rukajarvikeskus\/wp-content\/uploads\/2014\/11\/Seurala-300x212.jpg 300w, http:\/\/www.rukajarvensuunnanhistoriayhdistys.fi\/rukajarvikeskus\/wp-content\/uploads\/2014\/11\/Seurala.jpg 1754w\" sizes=\"auto, (max-width: 1024px) 100vw, 1024px\" \/><\/a><figcaption>Seurala. Nurmij\u00e4rven kyl\u00e4ll\u00e4 Rukaj\u00e4rven tien varrella, Pysyv\u00e4 Rukaj\u00e4rven tien valokuvan\u00e4yttely avattiin 30.11.2014 . N\u00e4yttely\u00e4 uusittiin 2020.<\/figcaption><\/figure>\n\n\n\n<p><\/p>\n","protected":false},"excerpt":{"rendered":"<p>Halot on lopussa. Se on merkki siit\u00e4, ett\u00e4 Rukaj\u00e4rven tiell\u00e4 on vierailijoita. J\u00e4rjest\u00e4mme kaikille avoimet \u201dMottitalkoot Jukolan Motti -pirtill\u00e4\u201d 8.5.2021 alkaen klo 9.00 Tarjolla makkaraa ja nokipannukahvit korpun kera. os. <a class=\"more-link\" href=\"http:\/\/www.rukajarvensuunnanhistoriayhdistys.fi\/rukajarvikeskus\/tapahtumat\/kaikille-avoimet-mottitalkoot-8-5-2021\/\">Lue lis\u00e4\u00e4&#8230;<span class=\"screen-reader-text\">Kaikille avoimet Mottitalkoot 8.5.2021<\/span><span class=\"meta-nav\">\u2192<\/span><\/a><\/p>\n","protected":false},"author":4,"featured_media":0,"comment_status":"closed","ping_status":"open","sticky":false,"template":"","format":"standard","meta":{"ngg_post_thumbnail":0,"_jetpack_newsletter_access":"","_jetpack_dont_email_post_to_subs":false,"_jetpack_newsletter_tier_id":0,"_jetpack_memberships_contains_paywalled_content":false,"_jetpack_memberships_contains_paid_content":false,"footnotes":""},"categories":[26,32,15],"tags":[],"class_list":["post-10934","post","type-post","status-publish","format-standard","hentry","category-ajankohtaista","category-historiayhdistys","category-tapahtumat"],"jetpack_featured_media_url":"","jetpack_sharing_enabled":true,"jetpack_shortlink":"https:\/\/wp.me\/p72N2f-2Qm","_links":{"self":[{"href":"http:\/\/www.rukajarvensuunnanhistoriayhdistys.fi\/rukajarvikeskus\/wp-json\/wp\/v2\/posts\/10934","targetHints":{"allow":["GET"]}}],"collection":[{"href":"http:\/\/www.rukajarvensuunnanhistoriayhdistys.fi\/rukajarvikeskus\/wp-json\/wp\/v2\/posts"}],"about":[{"href":"http:\/\/www.rukajarvensuunnanhistoriayhdistys.fi\/rukajarvikeskus\/wp-json\/wp\/v2\/types\/post"}],"author":[{"embeddable":true,"href":"http:\/\/www.rukajarvensuunnanhistoriayhdistys.fi\/rukajarvikeskus\/wp-json\/wp\/v2\/users\/4"}],"replies":[{"embeddable":true,"href":"http:\/\/www.rukajarvensuunnanhistoriayhdistys.fi\/rukajarvikeskus\/wp-json\/wp\/v2\/comments?post=10934"}],"version-history":[{"count":1,"href":"http:\/\/www.rukajarvensuunnanhistoriayhdistys.fi\/rukajarvikeskus\/wp-json\/wp\/v2\/posts\/10934\/revisions"}],"predecessor-version":[{"id":10935,"href":"http:\/\/www.rukajarvensuunnanhistoriayhdistys.fi\/rukajarvikeskus\/wp-json\/wp\/v2\/posts\/10934\/revisions\/10935"}],"wp:attachment":[{"href":"http:\/\/www.rukajarvensuunnanhistoriayhdistys.fi\/rukajarvikeskus\/wp-json\/wp\/v2\/media?parent=10934"}],"wp:term":[{"taxonomy":"category","embeddable":true,"href":"http:\/\/www.rukajarvensuunnanhistoriayhdistys.fi\/rukajarvikeskus\/wp-json\/wp\/v2\/categories?post=10934"},{"taxonomy":"post_tag","embeddable":true,"href":"http:\/\/www.rukajarvensuunnanhistoriayhdistys.fi\/rukajarvikeskus\/wp-json\/wp\/v2\/tags?post=10934"}],"curies":[{"name":"wp","href":"https:\/\/api.w.org\/{rel}","templated":true}]}}