{"id":10947,"date":"2021-05-09T00:41:25","date_gmt":"2021-05-08T21:41:25","guid":{"rendered":"http:\/\/www.rukajarvensuunnanhistoriayhdistys.fi\/rukajarvikeskus\/?p=10947"},"modified":"2021-05-11T11:59:32","modified_gmt":"2021-05-11T08:59:32","slug":"mottitalkoot-jukolan-motti-pirtilla-8-5-2021","status":"publish","type":"post","link":"http:\/\/www.rukajarvensuunnanhistoriayhdistys.fi\/rukajarvikeskus\/tapahtumat\/mottitalkoot-jukolan-motti-pirtilla-8-5-2021\/","title":{"rendered":"Mottitalkoot Jukolan Motti -pirtill\u00e4 8.5.2021 &#8211; \u00c4itienp\u00e4iv\u00e4lahja Rukaj\u00e4rven tien matkailijoille"},"content":{"rendered":"<div class=\"fcbkbttn_buttons_block\" id=\"fcbkbttn_left\"><div class=\"fcbkbttn_like \"><fb:like href=\"http:\/\/www.rukajarvensuunnanhistoriayhdistys.fi\/rukajarvikeskus\/tapahtumat\/mottitalkoot-jukolan-motti-pirtilla-8-5-2021\/\" action=\"like\" colorscheme=\"light\" layout=\"button_count\"  size=\"small\"><\/fb:like><\/div><\/div>\n<p>Puut olivat loppuneet Rukaj\u00e4rven tiell\u00e4 Jukolan Motti -pirtill\u00e4. Se on merkki runsaasta vierailijoiden m\u00e4\u00e4r\u00e4st\u00e4. Lieksan Nurmij\u00e4rven kyl\u00e4yhdistyksen ja Rukaj\u00e4rven suunnan historiayhdistyksen j\u00e4rjest\u00e4m\u00e4 talkootapahtuma onnistui t\u00e4ll\u00e4kin kertaa hyvin. &nbsp;L\u00e4hes parikymment\u00e4 talkoolaista uutteroi p\u00e4iv\u00e4n aikana reilun kymmenen kuutiota polttopuita. Puita riitt\u00e4\u00e4 tulevan vuoden tarpeisiin vakuuttaa kyl\u00e4yhdistyksen puheenjohtaja Heikki Turunen.<\/p>\n\n\n\n<figure class=\"wp-block-image size-large is-resized\"><a href=\"http:\/\/www.rukajarvensuunnanhistoriayhdistys.fi\/historiayhdistys\/wp-content\/uploads\/2021\/05\/IMG_20210508_100821-scaled.jpg\"><img loading=\"lazy\" decoding=\"async\" src=\"http:\/\/www.rukajarvensuunnanhistoriayhdistys.fi\/historiayhdistys\/wp-content\/uploads\/2021\/05\/IMG_20210508_100821-1024x768.jpg\" alt=\"\" class=\"wp-image-14247\" width=\"837\" height=\"628\"\/><\/a><\/figure>\n\n\n\n<p>Raimo Saviranta huolehti tarjoilusta, nokipannukahvit ja my\u00f6s makkaraa oli tarjolla.<\/p>\n\n\n\n<figure class=\"wp-block-image size-large\"><a href=\"http:\/\/www.rukajarvensuunnanhistoriayhdistys.fi\/historiayhdistys\/wp-content\/uploads\/2021\/05\/3200937224023290679-Jatta.jpg\"><img decoding=\"async\" src=\"http:\/\/www.rukajarvensuunnanhistoriayhdistys.fi\/historiayhdistys\/wp-content\/uploads\/2021\/05\/3200937224023290679-Jatta.jpg\" alt=\"\" class=\"wp-image-14263\"\/><\/a><figcaption>Sisarukset Ritava Kilpel\u00e4inen ja Jatta Kettunen sek\u00e4 Marja Huuskonen ovat talkooporukan vakiokalustoa. He ovat pelastaneet ty\u00f6ll\u00e4\u00e4n, milloin ohjelmallisten musiikkitapahtumien j\u00e4rjest\u00e4misen kuin my\u00f6s useiden n\u00e4yttelyitten pystytt\u00e4misen. Kuvat Hannu Huuskonen ja Jari K\u00e4rkk\u00e4inen.<\/figcaption><\/figure>\n\n\n\n<p>Talkooporukka oli pitk\u00e4lti sama, mink\u00e4 voimin Jukolan Motti -pirtti vuonna 2014 rakennettiin. Rakennust\u00f6ist\u00e4 tuolloin vastasi \u201dhirsin\u00f6\u00f6riksi\u201d nimetty Matti Kilpel\u00e4inen. Nykyisin Matti Kilpel\u00e4inen toimii RSHYry:n hallituksessa. <strong><a href=\"http:\/\/www.rukajarvensuunnanhistoriayhdistys.fi\/historiayhdistys\/jukolan-motissa-avajaiset-30-11-2014-klo-11-00\/\">Jukolan Motti -pirtin avajaiset pidettiin 30.11.2014.<\/a> <\/strong><\/p>\n\n\n\n<figure class=\"wp-block-image size-large\"><a href=\"http:\/\/www.rukajarvensuunnanhistoriayhdistys.fi\/historiayhdistys\/wp-content\/uploads\/2021\/05\/Jukola_20210508_093308356.jpg\"><img decoding=\"async\" src=\"http:\/\/www.rukajarvensuunnanhistoriayhdistys.fi\/historiayhdistys\/wp-content\/uploads\/2021\/05\/Jukola_20210508_093308356-1024x409.jpg\" alt=\"\" class=\"wp-image-14249\"\/><\/a><\/figure>\n\n\n\n<figure class=\"wp-block-image size-large\"><a href=\"http:\/\/www.rukajarvensuunnanhistoriayhdistys.fi\/historiayhdistys\/wp-content\/uploads\/2021\/05\/A-IMG_5900-Antilta-scaled.jpg\"><img decoding=\"async\" src=\"http:\/\/www.rukajarvensuunnanhistoriayhdistys.fi\/historiayhdistys\/wp-content\/uploads\/2021\/05\/A-IMG_5900-Antilta-1024x768.jpg\" alt=\"\" class=\"wp-image-14264\"\/><\/a><\/figure>\n\n\n\n<figure class=\"wp-block-image size-large\"><a href=\"http:\/\/www.rukajarvensuunnanhistoriayhdistys.fi\/historiayhdistys\/wp-content\/uploads\/2021\/05\/A-Jatta-Kettunen-Jukolan-motti-8-5-2021.jpg\"><img decoding=\"async\" src=\"http:\/\/www.rukajarvensuunnanhistoriayhdistys.fi\/historiayhdistys\/wp-content\/uploads\/2021\/05\/A-Jatta-Kettunen-Jukolan-motti-8-5-2021.jpg\" alt=\"\" class=\"wp-image-14265\"\/><\/a><\/figure>\n\n\n\n<figure class=\"wp-block-image size-large\"><a href=\"http:\/\/www.rukajarvensuunnanhistoriayhdistys.fi\/historiayhdistys\/wp-content\/uploads\/2021\/05\/A-Jukola_20210508_093320109.jpg\"><img decoding=\"async\" src=\"http:\/\/www.rukajarvensuunnanhistoriayhdistys.fi\/historiayhdistys\/wp-content\/uploads\/2021\/05\/A-Jukola_20210508_093320109-1024x553.jpg\" alt=\"\" class=\"wp-image-14266\"\/><\/a><\/figure>\n\n\n\n<figure class=\"wp-block-image size-large\"><a href=\"http:\/\/www.rukajarvensuunnanhistoriayhdistys.fi\/historiayhdistys\/wp-content\/uploads\/2021\/05\/A-IMG_20210508_095305-Hannulta-scaled.jpg\"><img decoding=\"async\" src=\"http:\/\/www.rukajarvensuunnanhistoriayhdistys.fi\/historiayhdistys\/wp-content\/uploads\/2021\/05\/A-IMG_20210508_095305-Hannulta-1024x768.jpg\" alt=\"\" class=\"wp-image-14267\"\/><\/a><\/figure>\n\n\n\n<figure class=\"wp-block-image size-large\"><a href=\"http:\/\/www.rukajarvensuunnanhistoriayhdistys.fi\/historiayhdistys\/wp-content\/uploads\/2021\/05\/IMG_20210508_100856-scaled.jpg\"><img decoding=\"async\" src=\"http:\/\/www.rukajarvensuunnanhistoriayhdistys.fi\/historiayhdistys\/wp-content\/uploads\/2021\/05\/IMG_20210508_100856-1024x768.jpg\" alt=\"\" class=\"wp-image-14268\"\/><\/a><\/figure>\n\n\n\n<figure class=\"wp-block-image size-large\"><a href=\"http:\/\/www.rukajarvensuunnanhistoriayhdistys.fi\/historiayhdistys\/wp-content\/uploads\/2021\/05\/A-IMG_20210508_100839-Hannulta-scaled.jpg\"><img decoding=\"async\" src=\"http:\/\/www.rukajarvensuunnanhistoriayhdistys.fi\/historiayhdistys\/wp-content\/uploads\/2021\/05\/A-IMG_20210508_100839-Hannulta-1024x768.jpg\" alt=\"\" class=\"wp-image-14270\"\/><\/a><\/figure>\n\n\n\n<figure class=\"wp-block-image size-large\"><a href=\"http:\/\/www.rukajarvensuunnanhistoriayhdistys.fi\/historiayhdistys\/wp-content\/uploads\/2021\/05\/A-Jukola_20210508_093230915.jpg\"><img decoding=\"async\" src=\"http:\/\/www.rukajarvensuunnanhistoriayhdistys.fi\/historiayhdistys\/wp-content\/uploads\/2021\/05\/A-Jukola_20210508_093230915.jpg\" alt=\"\" class=\"wp-image-14269\"\/><\/a><figcaption>T\u00e4m\u00e4n jutun kuvat ovat ottaneet, Jatta Kettunen, Ritva Kilpel\u00e4inen, Jari Jolkkonen, Antti Rasilo, Hannu Huuskonen ja Jari K\u00e4rkk\u00e4inen. Tilaisuuteen osallistui kaikkiaan 17 talkoolaista. Kiitos valokuvista ja kiitos ty\u00f6st\u00e4.<\/figcaption><\/figure>\n\n\n\n<p><\/p>\n\n\n\n<p><strong>\u00c4itienp\u00e4iv\u00e4n aaton talkootapahtuma 8.5.2021 oli samalla arvokas lahja \u00c4ideille niin kuin my\u00f6s Rukaj\u00e4rven tien matkailijoille.<\/strong> Jukolan Motti -pirtist\u00e4 on muodostunut suosittu kohde. T\u00e4\u00e4ll\u00e4 voi n\u00e4hd\u00e4 ja kuulla monenlaista tarinaa. <\/p>\n\n\n\n<p><strong>Pari sanaa \u00e4itienp\u00e4iv\u00e4n historiasta.<\/strong><\/p>\n\n\n\n<p>&#8221;\u00c4itienp\u00e4iv\u00e4\u00e4 vietettiin Suomessa ensimm\u00e4isen kerran 1918, 7. hein\u00e4kuuta, kyll\u00e4kin vain Alavieskassa. \u00c4itienp\u00e4iv\u00e4n toi Suomeen aikoinaan kansakoulunopettajana ja kansanedustajana toiminut Vilho Reima&nbsp;Seuraavana vuonna p\u00e4iv\u00e4\u00e4 vietettiin toukokuun kolmantena sunnuntaina ja useallakin paikkakunnalla, mutta 1927 \u00e4itienp\u00e4iv\u00e4ksi vakiintui nykyinen ajankohta. \u00c4itienp\u00e4iv\u00e4 vahvistettiin viralliseksi liputusp\u00e4iv\u00e4ksi 1947.<\/p>\n\n\n\n<p>Jatkosodassa \u00e4itienp\u00e4iv\u00e4n\u00e4 10. toukokuuta 1942 Suomen asevoimien ylip\u00e4\u00e4llikk\u00f6, sotamarsalkka Gustaf Mannerheim my\u00f6nsi antamallaan p\u00e4iv\u00e4k\u00e4skyll\u00e4 kaikille Suomen \u00e4ideille yhteisesti 4. luokan Vapaudenristin kunniamerkin.&nbsp;T\u00e4m\u00e4n p\u00e4iv\u00e4k\u00e4skyn painettu kopio on edelleen kehystettyn\u00e4 monien Suomen evankelis-luterilaisten kirkkorakennusten sein\u00e4ll\u00e4.&#8221; <\/p>\n\n\n\n<figure class=\"wp-block-image size-large is-resized\"><a href=\"http:\/\/www.rukajarvensuunnanhistoriayhdistys.fi\/historiayhdistys\/wp-content\/uploads\/2021\/05\/Ylipaallikon-paivakasky-9-5-1942.jpg\"><img loading=\"lazy\" decoding=\"async\" src=\"http:\/\/www.rukajarvensuunnanhistoriayhdistys.fi\/historiayhdistys\/wp-content\/uploads\/2021\/05\/Ylipaallikon-paivakasky-9-5-1942-716x1024.jpg\" alt=\"\" class=\"wp-image-14256\" width=\"822\" height=\"1176\"\/><\/a><\/figure>\n\n\n\n<p><strong>\u00c4itienp\u00e4iv\u00e4 ei unohtunut my\u00f6sk\u00e4\u00e4n Rukaj\u00e4rven suunnalla sotien aikana,<\/strong> kuten oheisista 14. D:n valistustoimiston sotap\u00e4iv\u00e4kirjoista ilmenee. Vuoden 1944 \u00e4itienp\u00e4iv\u00e4n juhla j\u00e4rjestettiin yhteisty\u00f6ss\u00e4 ja juhlallisuuksiin osallistui my\u00f6s Kansallisteatteri. Sotap\u00e4iv\u00e4kirjan merkint\u00e4 14.5.1944: &#8221;Menestysesityksen j\u00e4lkeen illalliset komentajan l\u00e4sn\u00e4ollessa.&#8221;<\/p>\n\n\n\n<figure class=\"wp-block-image size-large\"><a href=\"http:\/\/www.rukajarvensuunnanhistoriayhdistys.fi\/historiayhdistys\/wp-content\/uploads\/2021\/05\/Aitienpaiva-11-5-1942.jpg\"><img decoding=\"async\" src=\"http:\/\/www.rukajarvensuunnanhistoriayhdistys.fi\/historiayhdistys\/wp-content\/uploads\/2021\/05\/Aitienpaiva-11-5-1942-1024x679.jpg\" alt=\"\" class=\"wp-image-14253\"\/><\/a><figcaption>Rukaj\u00e4rvell\u00e4 \u00e4itienp\u00e4iv\u00e4\u00e4 vietettiin 11.5.1942 my\u00f6s &#8221;Lotanp\u00e4iv\u00e4n merkeiss\u00e4. V\u00e4nrikki Vesterdahl piti puheen \u00e4idille ja lotalle.&#8221;<\/figcaption><\/figure>\n\n\n\n<figure class=\"wp-block-image size-large\"><a href=\"http:\/\/www.rukajarvensuunnanhistoriayhdistys.fi\/historiayhdistys\/wp-content\/uploads\/2021\/05\/Aitienpaiva-9-5-1943.jpg\"><img decoding=\"async\" src=\"http:\/\/www.rukajarvensuunnanhistoriayhdistys.fi\/historiayhdistys\/wp-content\/uploads\/2021\/05\/Aitienpaiva-9-5-1943-1024x437.jpg\" alt=\"\" class=\"wp-image-14254\"\/><\/a><figcaption>Toisena sotavuonna Korven Radio l\u00e4hetti 9.2.1943: &#8221;\u00c4iteinp\u00e4iv\u00e4n ohjelmaa&#8221;<\/figcaption><\/figure>\n\n\n\n<figure class=\"wp-block-image size-large\"><a href=\"http:\/\/www.rukajarvensuunnanhistoriayhdistys.fi\/historiayhdistys\/wp-content\/uploads\/2021\/05\/Aitienpaiva-14-5-1944.jpg\"><img decoding=\"async\" src=\"http:\/\/www.rukajarvensuunnanhistoriayhdistys.fi\/historiayhdistys\/wp-content\/uploads\/2021\/05\/Aitienpaiva-14-5-1944-1024x347.jpg\" alt=\"\" class=\"wp-image-14255\"\/><\/a><figcaption>Kolmannen sotavuoden \u00c4itienp\u00e4iv\u00e4n juhlallisuudet huipentuivat Suomen Kanallisteatterin esitykseen ja menestysesityksen j\u00e4lkeen j\u00e4rjestettyihin illallisiin 14.5.1944.<\/figcaption><\/figure>\n\n\n\n<p>T\u00e4n\u00e4 vuonna tulee kuluneeksi 80 vuotta Jatkosodan alkamisesta. Jukolan Motti -pirtin pihalla heiluu t\u00e4n\u00e4\u00e4n Suomen lippu. Tiedossamme on, ett\u00e4 my\u00f6s t\u00e4n\u00e4\u00e4n \u00e4itienp\u00e4iv\u00e4n\u00e4 Jukolon Motti -pirtiss\u00e4 j\u00e4rjestet\u00e4\u00e4n \u00e4itienp\u00e4iv\u00e4n tilaisuuksia. <\/p>\n\n\n\n<p><strong>Kiitos TALKOOPORUKOILLE !<\/strong><\/p>\n\n\n\n<p>TJT.<\/p>\n","protected":false},"excerpt":{"rendered":"<p>Puut olivat loppuneet Rukaj\u00e4rven tiell\u00e4 Jukolan Motti -pirtill\u00e4. Se on merkki runsaasta vierailijoiden m\u00e4\u00e4r\u00e4st\u00e4. Lieksan Nurmij\u00e4rven kyl\u00e4yhdistyksen ja Rukaj\u00e4rven suunnan historiayhdistyksen j\u00e4rjest\u00e4m\u00e4 talkootapahtuma onnistui t\u00e4ll\u00e4kin kertaa hyvin. &nbsp;L\u00e4hes parikymment\u00e4 talkoolaista <a class=\"more-link\" href=\"http:\/\/www.rukajarvensuunnanhistoriayhdistys.fi\/rukajarvikeskus\/tapahtumat\/mottitalkoot-jukolan-motti-pirtilla-8-5-2021\/\">Lue lis\u00e4\u00e4&#8230;<span class=\"screen-reader-text\">Mottitalkoot Jukolan Motti -pirtill\u00e4 8.5.2021 &#8211; \u00c4itienp\u00e4iv\u00e4lahja Rukaj\u00e4rven tien matkailijoille<\/span><span class=\"meta-nav\">\u2192<\/span><\/a><\/p>\n","protected":false},"author":4,"featured_media":0,"comment_status":"closed","ping_status":"open","sticky":false,"template":"","format":"standard","meta":{"ngg_post_thumbnail":0,"_jetpack_newsletter_access":"","_jetpack_dont_email_post_to_subs":false,"_jetpack_newsletter_tier_id":0,"_jetpack_memberships_contains_paywalled_content":false,"_jetpack_memberships_contains_paid_content":false,"footnotes":""},"categories":[26,32,15],"tags":[],"class_list":["post-10947","post","type-post","status-publish","format-standard","hentry","category-ajankohtaista","category-historiayhdistys","category-tapahtumat"],"jetpack_featured_media_url":"","jetpack_sharing_enabled":true,"jetpack_shortlink":"https:\/\/wp.me\/p72N2f-2Qz","_links":{"self":[{"href":"http:\/\/www.rukajarvensuunnanhistoriayhdistys.fi\/rukajarvikeskus\/wp-json\/wp\/v2\/posts\/10947","targetHints":{"allow":["GET"]}}],"collection":[{"href":"http:\/\/www.rukajarvensuunnanhistoriayhdistys.fi\/rukajarvikeskus\/wp-json\/wp\/v2\/posts"}],"about":[{"href":"http:\/\/www.rukajarvensuunnanhistoriayhdistys.fi\/rukajarvikeskus\/wp-json\/wp\/v2\/types\/post"}],"author":[{"embeddable":true,"href":"http:\/\/www.rukajarvensuunnanhistoriayhdistys.fi\/rukajarvikeskus\/wp-json\/wp\/v2\/users\/4"}],"replies":[{"embeddable":true,"href":"http:\/\/www.rukajarvensuunnanhistoriayhdistys.fi\/rukajarvikeskus\/wp-json\/wp\/v2\/comments?post=10947"}],"version-history":[{"count":4,"href":"http:\/\/www.rukajarvensuunnanhistoriayhdistys.fi\/rukajarvikeskus\/wp-json\/wp\/v2\/posts\/10947\/revisions"}],"predecessor-version":[{"id":10956,"href":"http:\/\/www.rukajarvensuunnanhistoriayhdistys.fi\/rukajarvikeskus\/wp-json\/wp\/v2\/posts\/10947\/revisions\/10956"}],"wp:attachment":[{"href":"http:\/\/www.rukajarvensuunnanhistoriayhdistys.fi\/rukajarvikeskus\/wp-json\/wp\/v2\/media?parent=10947"}],"wp:term":[{"taxonomy":"category","embeddable":true,"href":"http:\/\/www.rukajarvensuunnanhistoriayhdistys.fi\/rukajarvikeskus\/wp-json\/wp\/v2\/categories?post=10947"},{"taxonomy":"post_tag","embeddable":true,"href":"http:\/\/www.rukajarvensuunnanhistoriayhdistys.fi\/rukajarvikeskus\/wp-json\/wp\/v2\/tags?post=10947"}],"curies":[{"name":"wp","href":"https:\/\/api.w.org\/{rel}","templated":true}]}}