{"id":11212,"date":"2022-09-12T23:33:28","date_gmt":"2022-09-12T20:33:28","guid":{"rendered":"http:\/\/www.rukajarvensuunnanhistoriayhdistys.fi\/rukajarvikeskus\/?p=11212"},"modified":"2022-09-22T23:41:10","modified_gmt":"2022-09-22T20:41:10","slug":"radio-sandelssin-kuuntelijamatka-lieksan-sotahistoriakohteisiin-la-24-9-2022","status":"publish","type":"post","link":"http:\/\/www.rukajarvensuunnanhistoriayhdistys.fi\/rukajarvikeskus\/matkakertomukset\/radio-sandelssin-kuuntelijamatka-lieksan-sotahistoriakohteisiin-la-24-9-2022\/","title":{"rendered":"RADIO SANDELSSIN KUUNTELIJAMATKA LIEKSAN SOTAHISTORIAKOHTEISIIN LA 24.9.2022."},"content":{"rendered":"<div class=\"fcbkbttn_buttons_block\" id=\"fcbkbttn_left\"><div class=\"fcbkbttn_like \"><fb:like href=\"http:\/\/www.rukajarvensuunnanhistoriayhdistys.fi\/rukajarvikeskus\/matkakertomukset\/radio-sandelssin-kuuntelijamatka-lieksan-sotahistoriakohteisiin-la-24-9-2022\/\" action=\"like\" colorscheme=\"light\" layout=\"button_count\"  size=\"small\"><\/fb:like><\/div><\/div>\n<p><strong>RADIO SANDELSSIN KUUNTELIJAMATKA LIEKSAN SOTAHISTORIAKOHTEISIIN lauantaina 24.9.2022.<\/strong><\/p>\n\n\n\n<figure class=\"wp-block-image size-full is-resized\"><a href=\"http:\/\/www.rukajarvensuunnanhistoriayhdistys.fi\/rukajarvikeskus\/wp-content\/uploads\/2022\/09\/Nimeton.jpg\"><img loading=\"lazy\" decoding=\"async\" src=\"http:\/\/www.rukajarvensuunnanhistoriayhdistys.fi\/rukajarvikeskus\/wp-content\/uploads\/2022\/09\/Nimeton.jpg\" alt=\"\" class=\"wp-image-11221\" width=\"833\" height=\"1149\" srcset=\"http:\/\/www.rukajarvensuunnanhistoriayhdistys.fi\/rukajarvikeskus\/wp-content\/uploads\/2022\/09\/Nimeton.jpg 566w, http:\/\/www.rukajarvensuunnanhistoriayhdistys.fi\/rukajarvikeskus\/wp-content\/uploads\/2022\/09\/Nimeton-217x300.jpg 217w, http:\/\/www.rukajarvensuunnanhistoriayhdistys.fi\/rukajarvikeskus\/wp-content\/uploads\/2022\/09\/Nimeton-300x414.jpg 300w\" sizes=\"auto, (max-width: 833px) 100vw, 833px\" \/><\/a><\/figure>\n\n\n\n<p>ILMOITTAUTUMINEN VIIMEIST\u00c4\u00c4N 22.9.2022 MENNESS\u00c4 ! \u2013 Matkan varmistuttua matkan toteutumisesta ilmoitetaan ja matkan voi sen j\u00e4lkeen maksaa RSHYry:n pankkitilille FI28 5780 0720 3700 27.<\/p>\n\n\n\n<p>Muistakaa laittaa l\u00e4mmint\u00e4 p\u00e4\u00e4lle!<\/p>\n\n\n\n<p><strong>TERVETULOA<\/strong> !<strong> <\/strong><\/p>\n","protected":false},"excerpt":{"rendered":"<p>RADIO SANDELSSIN KUUNTELIJAMATKA LIEKSAN SOTAHISTORIAKOHTEISIIN lauantaina 24.9.2022. ILMOITTAUTUMINEN VIIMEIST\u00c4\u00c4N 22.9.2022 MENNESS\u00c4 ! \u2013 Matkan varmistuttua matkan toteutumisesta ilmoitetaan ja matkan voi sen j\u00e4lkeen maksaa RSHYry:n pankkitilille FI28 5780 0720 3700 <a class=\"more-link\" href=\"http:\/\/www.rukajarvensuunnanhistoriayhdistys.fi\/rukajarvikeskus\/matkakertomukset\/radio-sandelssin-kuuntelijamatka-lieksan-sotahistoriakohteisiin-la-24-9-2022\/\">Lue lis\u00e4\u00e4&#8230;<span class=\"screen-reader-text\">RADIO SANDELSSIN KUUNTELIJAMATKA LIEKSAN SOTAHISTORIAKOHTEISIIN LA 24.9.2022.<\/span><span class=\"meta-nav\">\u2192<\/span><\/a><\/p>\n","protected":false},"author":4,"featured_media":0,"comment_status":"closed","ping_status":"open","sticky":false,"template":"","format":"standard","meta":{"ngg_post_thumbnail":0,"_jetpack_newsletter_access":"","_jetpack_dont_email_post_to_subs":false,"_jetpack_newsletter_tier_id":0,"_jetpack_memberships_contains_paywalled_content":false,"_jetpack_memberships_contains_paid_content":false,"footnotes":""},"categories":[32,25],"tags":[],"class_list":["post-11212","post","type-post","status-publish","format-standard","hentry","category-historiayhdistys","category-matkakertomukset"],"jetpack_featured_media_url":"","jetpack_sharing_enabled":true,"jetpack_shortlink":"https:\/\/wp.me\/p72N2f-2UQ","_links":{"self":[{"href":"http:\/\/www.rukajarvensuunnanhistoriayhdistys.fi\/rukajarvikeskus\/wp-json\/wp\/v2\/posts\/11212","targetHints":{"allow":["GET"]}}],"collection":[{"href":"http:\/\/www.rukajarvensuunnanhistoriayhdistys.fi\/rukajarvikeskus\/wp-json\/wp\/v2\/posts"}],"about":[{"href":"http:\/\/www.rukajarvensuunnanhistoriayhdistys.fi\/rukajarvikeskus\/wp-json\/wp\/v2\/types\/post"}],"author":[{"embeddable":true,"href":"http:\/\/www.rukajarvensuunnanhistoriayhdistys.fi\/rukajarvikeskus\/wp-json\/wp\/v2\/users\/4"}],"replies":[{"embeddable":true,"href":"http:\/\/www.rukajarvensuunnanhistoriayhdistys.fi\/rukajarvikeskus\/wp-json\/wp\/v2\/comments?post=11212"}],"version-history":[{"count":4,"href":"http:\/\/www.rukajarvensuunnanhistoriayhdistys.fi\/rukajarvikeskus\/wp-json\/wp\/v2\/posts\/11212\/revisions"}],"predecessor-version":[{"id":11223,"href":"http:\/\/www.rukajarvensuunnanhistoriayhdistys.fi\/rukajarvikeskus\/wp-json\/wp\/v2\/posts\/11212\/revisions\/11223"}],"wp:attachment":[{"href":"http:\/\/www.rukajarvensuunnanhistoriayhdistys.fi\/rukajarvikeskus\/wp-json\/wp\/v2\/media?parent=11212"}],"wp:term":[{"taxonomy":"category","embeddable":true,"href":"http:\/\/www.rukajarvensuunnanhistoriayhdistys.fi\/rukajarvikeskus\/wp-json\/wp\/v2\/categories?post=11212"},{"taxonomy":"post_tag","embeddable":true,"href":"http:\/\/www.rukajarvensuunnanhistoriayhdistys.fi\/rukajarvikeskus\/wp-json\/wp\/v2\/tags?post=11212"}],"curies":[{"name":"wp","href":"https:\/\/api.w.org\/{rel}","templated":true}]}}