{"id":11225,"date":"2022-09-26T10:49:05","date_gmt":"2022-09-26T07:49:05","guid":{"rendered":"http:\/\/www.rukajarvensuunnanhistoriayhdistys.fi\/rukajarvikeskus\/?p=11225"},"modified":"2022-09-26T10:49:09","modified_gmt":"2022-09-26T07:49:09","slug":"radio-sandelsin-kuuntelijamatka-mennytta-aikaa-etsimassa-lyhyt-matkakertomus-lieksan-24-9-2022-matkasta","status":"publish","type":"post","link":"http:\/\/www.rukajarvensuunnanhistoriayhdistys.fi\/rukajarvikeskus\/tapahtumat\/radio-sandelsin-kuuntelijamatka-mennytta-aikaa-etsimassa-lyhyt-matkakertomus-lieksan-24-9-2022-matkasta\/","title":{"rendered":"Radio Sandelsin kuuntelijamatka &#8211; Mennytt\u00e4 aikaa etsim\u00e4ss\u00e4 &#8211; Lyhyt matkakertomus Lieksan 24.9.2022 matkasta"},"content":{"rendered":"<div class=\"fcbkbttn_buttons_block\" id=\"fcbkbttn_left\"><div class=\"fcbkbttn_like \"><fb:like href=\"http:\/\/www.rukajarvensuunnanhistoriayhdistys.fi\/rukajarvikeskus\/tapahtumat\/radio-sandelsin-kuuntelijamatka-mennytta-aikaa-etsimassa-lyhyt-matkakertomus-lieksan-24-9-2022-matkasta\/\" action=\"like\" colorscheme=\"light\" layout=\"button_count\"  size=\"small\"><\/fb:like><\/div><\/div>\n<p>Lieksa n\u00e4ytti parhaat puolensa, syyskyinen ruska oli koristellut maisemat aivan kuin meit\u00e4 matkalaisia varten. Tutustumismatkamme n\u00e4in oppaan silmin onnistui tosi hyvin kaikin puolin.<\/p>\n\n\n\n<p>Kiit\u00e4mme Lieksan tukipisteen mainiota keitti\u00f6henkil\u00f6kuntaa, joka j\u00e4lleen yll\u00e4ttiv\u00e4t. Rukaj\u00e4rvi-menu on maittava, se kuultiin niin monesta suusta.<\/p>\n\n\n\n<p>Bussilastillinen Rukaj\u00e4rven suunnan sotahistoriasta kiinnostuneita koostui p\u00e4\u00e4osin Rukaj\u00e4rven veteraanien lapsista ja lapsenlapsista, nuorin matkalainen alle kaksikymppinen. Kaukaisimmat vieraat olivat kotoisin Kouvolasta, Vantaalta ja Espoosta ja tietysti melkein kaikista Pohjois-Savon pit\u00e4jist\u00e4 Kuopiosta, Siilinj\u00e4rvelt\u00e4, Maaningalta, Lapinlahdelta, Sonkaj\u00e4rvelt\u00e4, Iisalmelta, Pyh\u00e4salmelta, Kiuruvedelt\u00e4, ja tietysti Kainuusta, Paltamosta, Hyrynsalmelta, Kajaanista ja Sotkamosta. Vieraskirjan sivut saivat oivan lis\u00e4n eri tutustumiskohteissa.<\/p>\n\n\n\n<p>Matkalle oli suurta kiinnostusta, mutta samaan aikaan j\u00e4rjestetty Lapin ruskamatka ja er\u00e4\u00e4t muut paikkakunnan yleis\u00f6tapahtumat aiheuttivat suuren m\u00e4\u00e4r\u00e4n peruutuksia. Mik\u00e4li kaikki halukkaat olisivat ilman yll\u00e4tt\u00e4vi\u00e4 eteen tulleita esteit\u00e4 p\u00e4\u00e4sseet l\u00e4htem\u00e4\u00e4n matkalle, emme olisi mahtuneet yhteen linja-autoon.<\/p>\n\n\n\n<figure class=\"wp-block-image size-large\"><a href=\"http:\/\/www.rukajarvensuunnanhistoriayhdistys.fi\/historiayhdistys\/wp-content\/uploads\/2022\/09\/Lieksan-rk-24-9-2022-0.jpg\"><img decoding=\"async\" src=\"http:\/\/www.rukajarvensuunnanhistoriayhdistys.fi\/historiayhdistys\/wp-content\/uploads\/2022\/09\/Lieksan-rk-24-9-2022-0-1024x768.jpg\" alt=\"\" class=\"wp-image-14785\"\/><\/a><figcaption>Esitelm\u00e4n aluksi kuultiin nuoren vasta 12-vuotiaan Selene Rossin musiikkiesitys &#8221;Kiitos Teille veteraanit&#8221;.<\/figcaption><\/figure>\n\n\n\n<figure class=\"wp-block-image size-large\"><a href=\"http:\/\/www.rukajarvensuunnanhistoriayhdistys.fi\/historiayhdistys\/wp-content\/uploads\/2022\/09\/Lieksan-rk-24-9-2022-2.jpg\"><img decoding=\"async\" src=\"http:\/\/www.rukajarvensuunnanhistoriayhdistys.fi\/historiayhdistys\/wp-content\/uploads\/2022\/09\/Lieksan-rk-24-9-2022-2-1024x768.jpg\" alt=\"\" class=\"wp-image-14786\"\/><\/a><figcaption>Valitettavasti aika Rukaj\u00e4rvi-keskuksessa j\u00e4i varsin lyhyeksi, vain kahden tunnin mittaiseksi. <\/figcaption><\/figure>\n\n\n\n<p>Kiit\u00e4mme matkalle osallistujia tarkkaavasta esitelmien seuraamisesta kaikissa kohteissa. Meit\u00e4 j\u00e4rjest\u00e4ji\u00e4 t\u00e4m\u00e4 l\u00e4mmitt\u00e4\u00e4. Sopuisa porukka saattoi seurata esittely\u00e4mme ja osallistua matkalle ja s\u00e4\u00e4kin suosi.<\/p>\n\n\n\n<p>Matkan aikataulu petti, koska kaikilla matkalaisilla oli kiinnostusta tutustua ylim\u00e4\u00e4r\u00e4isiin kohteisiin Lieksassa mm. M\u00e4r\u00e4j\u00e4lahden varuskuntaan. T\u00e4m\u00e4 tuntui muodostuvan kiinnostavaksi kohteeksi monestakin syyst\u00e4. Siell\u00e4 asui sodan aikana Mannerheim-ristin ritari Jukka Puustisen perhe, jossa my\u00f6s Puustisen tyt\u00e4r Tarja Hallman vieraili ensimm\u00e4isen kerran sodan j\u00e4lkeen vasta pari vuotta sitten. Lis\u00e4ksi tuolla alueella asui my\u00f6s yksi Suomen armeijan tunnetuimmista sotilaista \u201dLegendaarinen Arnold Majewski\u201d. Majeski oli varuskunnan p\u00e4\u00e4llikk\u00f6. H\u00e4nen asuinsijansa kiinnosti.<\/p>\n\n\n\n<p>Lieksan kaupunkikierros osoitti, ett\u00e4 Lieksan kaupungin hyvin hoidetut puistot, Kirkkopuistoa ja muistomerkkej\u00e4 my\u00f6ten ovat n\u00e4kemisen arvoiset. Jotos muistomerkill\u00e4 matkalaiset halusivat poiketa kuvaamaan vanhempiensa sodanaikaista Rukaj\u00e4rven suunnan muistomerkki\u00e4. Jotos-veistos vihittiin 5.6.1966 asevelitapahtumassa, mik\u00e4 k\u00e4ynnisti varsinaisesti koko laajan sodan j\u00e4lkeisen veteraanity\u00f6n, mik\u00e4 ty\u00f6 jatkuu yhdistyksemme toimesta edelleen.<\/p>\n\n\n\n<p>&nbsp;Lieksan Rukaj\u00e4rven tien kohteet ja muistomerkit k\u00e4ytiin l\u00e4pi yksitellen. \u00c4n\u00e4k\u00e4isiss\u00e4, Hattuselkosen muistomerkill\u00e4 sek\u00e4 Jukolan Motti -pirtill\u00e4 pys\u00e4hdyttiin pidemm\u00e4ksi ajaksi.<\/p>\n\n\n\n<p>P\u00e4\u00e4t\u00f6skahvit nautittiin aina yst\u00e4v\u00e4llisen Annukan baarissa.<\/p>\n\n\n\n<p>Matkalla kuultiin Kajaanista kotoisin olevan Aaron Kemppaisen lukemana h\u00e4nen vanhempiensa sota-aikaista kirjeenvaihtoa. Kaikki meit\u00e4 liikuttavaa kerrontaa, josta kiit\u00e4mme. Linja-autossa oppaat k\u00e4sitteliv\u00e4t laajalti Rukaj\u00e4rven rintaman veteraanien kerrontaa. Seppo R\u00e4ih\u00e4 esitteli Rukaj\u00e4rven suunnan joukkojen kokoamispaikat ja taisteluyksik\u00f6t, kuultiin laaja esitelm\u00e4 monelle t\u00e4ysin uutta tietoa. Pentti K\u00e4rkk\u00e4inen esitteli kaikki hy\u00f6kk\u00e4ysvaiheen taistelut, Ruk\u00e4j\u00e4rven valtaukseen 11.9.1941 saakka. Ossi Laineelta kuultiin hieno esitelm\u00e4 Rukaj\u00e4rven suunnan tappioista sek\u00e4 esitelm\u00e4 \u201dJatkosodan suurimmat partiomatkat vihollisen selustaan. T\u00e4m\u00e4n julkaisun kirjoittaja keskittyi l\u00e4hinn\u00e4 Rukaj\u00e4rven suunnan sodanj\u00e4lkeisen sotahistoriaty\u00f6n esittelyyn ja esitteli automatkan aikana esitetyt veteraanihaastattelut.<\/p>\n\n\n\n<p>T\u00e4ll\u00e4 matkalla kuultiin ensimm\u00e4isen kerran julkisesti Hilja L\u00e4ms\u00e4n haastattelu \u2013 \u201dPikkulottana kotirintamalla\u201d. T\u00e4ysin uuteen ensimm\u00e4isen kerran esill\u00e4 olevaan tietoon matkalaiset saattoivat tutustua n\u00e4hdess\u00e4\u00e4n omissa k\u00e4siss\u00e4\u00e4n yhdistyksemme julkaiseman uuden kirjan \u201dJukka Puustinen \u2013 Sodan kuvat \u2013 Jatkosodan suurimmat partioretket\u201d<\/p>\n\n\n\n<p>Linja-autossa kerroin, ett\u00e4 netist\u00e4 Rukaj\u00e4rvi-keskus hakusanalla l\u00f6ytyy paljon lis\u00e4tietoa ja mm. erinomainen Lieksan Matkailuoppaitten tekem\u00e4 esittely Lieksan kirkkopuistosta (<a href=\"https:\/\/www.youtube.com\/watch?v=HmzcuLaiMMw\">https:\/\/www.youtube.com\/watch?v=HmzcuLaiMMw<\/a> ).<\/p>\n\n\n\n<figure class=\"wp-block-image size-large\"><a href=\"http:\/\/www.rukajarvensuunnanhistoriayhdistys.fi\/historiayhdistys\/wp-content\/uploads\/2022\/06\/IMG_20220604_101131-Jatta-Kettunen-scaled.jpg\"><img decoding=\"async\" src=\"http:\/\/www.rukajarvensuunnanhistoriayhdistys.fi\/historiayhdistys\/wp-content\/uploads\/2022\/06\/IMG_20220604_101131-Jatta-Kettunen-1024x768.jpg\" alt=\"\" class=\"wp-image-14667\"\/><\/a><figcaption>Matkailuoppaitten musiikilla h\u00f6ystetyt esitelm\u00e4t saamme varmaankin kuulla seuraavalla matkalla. Kuvassa Jatta Kettunen. Edess\u00e4 erityist\u00e4 kiinnnostusta her\u00e4tt\u00e4v\u00e4 &#8221;Arnold Majewskin h\u00e4\u00e4lahjakalusto&#8221;. <\/figcaption><\/figure>\n\n\n\n<figure class=\"wp-block-image size-large\"><a href=\"http:\/\/www.rukajarvensuunnanhistoriayhdistys.fi\/historiayhdistys\/wp-content\/uploads\/2022\/06\/DSC00711-scaled.jpg\"><img decoding=\"async\" src=\"http:\/\/www.rukajarvensuunnanhistoriayhdistys.fi\/historiayhdistys\/wp-content\/uploads\/2022\/06\/DSC00711-1024x681.jpg\" alt=\"\" class=\"wp-image-14666\"\/><\/a><figcaption>Jotos-muistomerkki &#8211; kaikki kunnossa ja siivottuna Rukaj\u00e4rven tiell\u00e4 &#8211; Kiitos kuuluu pitk\u00e4lle Lieksan Matkailuoppaille.<\/figcaption><\/figure>\n\n\n\n<p>Lieksan Rukaj\u00e4rvi-keskuksen esittelyist\u00e4 on tavanomaisesti huolehtinut Lieksan Matkailuoppaitten oppaat. Nyt he kaikki olivat estyneit\u00e4. He olivat kokoontuneet Siilinj\u00e4rven kunnonpaikassa j\u00e4rjestettyyn eri maakuntien matkailuoppaitten koulutukseen. Mik\u00e4li he olisivat olleet oppainamme matkamme olisi onnistunut t\u00e4ydellisesti, silloin olisimme kuulleet syv\u00e4llisen esitelm\u00e4n Lieksan kulttuuritarjonnasta ja mm. Pielisen museosta.<\/p>\n\n\n\n<p>Kiit\u00e4mme matkalle osallistuita sotahistoriasta kiinnostuneita matkalaisia. Totesimme sen tosiasian, ett\u00e4 t\u00e4m\u00e4 oli vain pintaraapaisu pienen yhdistyksemme kokoamasta Rukaj\u00e4rven suunnan sotahistoriaa sis\u00e4lt\u00e4v\u00e4st\u00e4 aineistosta, mik\u00e4 lis\u00e4\u00e4ntyi t\u00e4m\u00e4nkin retken aikana.<\/p>\n\n\n\n<p>Hyv\u00e4\u00e4 syksy\u00e4 kaikille ja kiitos my\u00f6s Radio Sandelssille<\/p>\n\n\n\n<p>Tenho Tikkanen \u2013 jutun kirjoittaja<\/p>\n","protected":false},"excerpt":{"rendered":"<p>Lieksa n\u00e4ytti parhaat puolensa, syyskyinen ruska oli koristellut maisemat aivan kuin meit\u00e4 matkalaisia varten. Tutustumismatkamme n\u00e4in oppaan silmin onnistui tosi hyvin kaikin puolin. Kiit\u00e4mme Lieksan tukipisteen mainiota keitti\u00f6henkil\u00f6kuntaa, joka j\u00e4lleen <a class=\"more-link\" href=\"http:\/\/www.rukajarvensuunnanhistoriayhdistys.fi\/rukajarvikeskus\/tapahtumat\/radio-sandelsin-kuuntelijamatka-mennytta-aikaa-etsimassa-lyhyt-matkakertomus-lieksan-24-9-2022-matkasta\/\">Lue lis\u00e4\u00e4&#8230;<span class=\"screen-reader-text\">Radio Sandelsin kuuntelijamatka &#8211; Mennytt\u00e4 aikaa etsim\u00e4ss\u00e4 &#8211; Lyhyt matkakertomus Lieksan 24.9.2022 matkasta<\/span><span class=\"meta-nav\">\u2192<\/span><\/a><\/p>\n","protected":false},"author":4,"featured_media":0,"comment_status":"closed","ping_status":"open","sticky":false,"template":"","format":"standard","meta":{"ngg_post_thumbnail":0,"_jetpack_newsletter_access":"","_jetpack_dont_email_post_to_subs":false,"_jetpack_newsletter_tier_id":0,"_jetpack_memberships_contains_paywalled_content":false,"_jetpack_memberships_contains_paid_content":false,"footnotes":""},"categories":[26,32,25,15],"tags":[],"class_list":["post-11225","post","type-post","status-publish","format-standard","hentry","category-ajankohtaista","category-historiayhdistys","category-matkakertomukset","category-tapahtumat"],"jetpack_featured_media_url":"","jetpack_sharing_enabled":true,"jetpack_shortlink":"https:\/\/wp.me\/p72N2f-2V3","_links":{"self":[{"href":"http:\/\/www.rukajarvensuunnanhistoriayhdistys.fi\/rukajarvikeskus\/wp-json\/wp\/v2\/posts\/11225","targetHints":{"allow":["GET"]}}],"collection":[{"href":"http:\/\/www.rukajarvensuunnanhistoriayhdistys.fi\/rukajarvikeskus\/wp-json\/wp\/v2\/posts"}],"about":[{"href":"http:\/\/www.rukajarvensuunnanhistoriayhdistys.fi\/rukajarvikeskus\/wp-json\/wp\/v2\/types\/post"}],"author":[{"embeddable":true,"href":"http:\/\/www.rukajarvensuunnanhistoriayhdistys.fi\/rukajarvikeskus\/wp-json\/wp\/v2\/users\/4"}],"replies":[{"embeddable":true,"href":"http:\/\/www.rukajarvensuunnanhistoriayhdistys.fi\/rukajarvikeskus\/wp-json\/wp\/v2\/comments?post=11225"}],"version-history":[{"count":1,"href":"http:\/\/www.rukajarvensuunnanhistoriayhdistys.fi\/rukajarvikeskus\/wp-json\/wp\/v2\/posts\/11225\/revisions"}],"predecessor-version":[{"id":11226,"href":"http:\/\/www.rukajarvensuunnanhistoriayhdistys.fi\/rukajarvikeskus\/wp-json\/wp\/v2\/posts\/11225\/revisions\/11226"}],"wp:attachment":[{"href":"http:\/\/www.rukajarvensuunnanhistoriayhdistys.fi\/rukajarvikeskus\/wp-json\/wp\/v2\/media?parent=11225"}],"wp:term":[{"taxonomy":"category","embeddable":true,"href":"http:\/\/www.rukajarvensuunnanhistoriayhdistys.fi\/rukajarvikeskus\/wp-json\/wp\/v2\/categories?post=11225"},{"taxonomy":"post_tag","embeddable":true,"href":"http:\/\/www.rukajarvensuunnanhistoriayhdistys.fi\/rukajarvikeskus\/wp-json\/wp\/v2\/tags?post=11225"}],"curies":[{"name":"wp","href":"https:\/\/api.w.org\/{rel}","templated":true}]}}