{"id":11294,"date":"2023-02-02T22:36:52","date_gmt":"2023-02-02T19:36:52","guid":{"rendered":"http:\/\/www.rukajarvensuunnanhistoriayhdistys.fi\/rukajarvikeskus\/?p=11294"},"modified":"2023-02-02T22:36:57","modified_gmt":"2023-02-02T19:36:57","slug":"mielenkiintoinen-sota-ajan-autenttinen-kuvaus-kirjeita-rukajarvelta-korpikapteeni-urho-kemppaisen-sotataival-esilla-ensimmaisen-kerran-kirjan-kansien-sisalla","status":"publish","type":"post","link":"http:\/\/www.rukajarvensuunnanhistoriayhdistys.fi\/rukajarvikeskus\/ajankohtaista\/mielenkiintoinen-sota-ajan-autenttinen-kuvaus-kirjeita-rukajarvelta-korpikapteeni-urho-kemppaisen-sotataival-esilla-ensimmaisen-kerran-kirjan-kansien-sisalla\/","title":{"rendered":"Mielenkiintoinen sota-ajan autenttinen kuvaus \u2013 &#8221;Kirjeit\u00e4 Rukaj\u00e4rvelt\u00e4 \u2013 Korpikapteeni Urho Kemppaisen sotataival&#8221; \u2013 esill\u00e4 ensimm\u00e4isen kerran kirjan kansien sis\u00e4ll\u00e4."},"content":{"rendered":"<div class=\"fcbkbttn_buttons_block\" id=\"fcbkbttn_left\"><div class=\"fcbkbttn_like \"><fb:like href=\"http:\/\/www.rukajarvensuunnanhistoriayhdistys.fi\/rukajarvikeskus\/ajankohtaista\/mielenkiintoinen-sota-ajan-autenttinen-kuvaus-kirjeita-rukajarvelta-korpikapteeni-urho-kemppaisen-sotataival-esilla-ensimmaisen-kerran-kirjan-kansien-sisalla\/\" action=\"like\" colorscheme=\"light\" layout=\"button_count\"  size=\"small\"><\/fb:like><\/div><\/div>\n<p><strong>J\u00e4lleen hieno sotahistoriateos yhdistyksemme j\u00e4senelt\u00e4<\/strong><\/p>\n\n\n\n<p>Kajaanilainen Aaro Kemppainen havahtui l\u00f6ydetty\u00e4\u00e4n sattumalta vanhempiensa Urhon ja Eilan sota-aikaisen kirjeenvaihdon \u00e4itins\u00e4 kuoleman j\u00e4lkeen. Tutustuttuaan nuoren parin kirjeisiin h\u00e4n havaitsi, ett\u00e4 ne tuovat t\u00e4h\u00e4n ajankohtaan autenttisen ja koskettavan kertomuksen. Kirjeenvaihto sotasensuurin takaa paljastaa lukijalle tunnelmat sek\u00e4 rintamalta ett\u00e4 koti-Suomesta suorastaan liikuttavalla tavalla.<\/p>\n\n\n\n<figure class=\"wp-block-image size-large is-resized\"><a href=\"http:\/\/www.rukajarvensuunnanhistoriayhdistys.fi\/historiayhdistys\/wp-content\/uploads\/2023\/02\/Aaro-ja-Eila-Kemppainen-kuva.jpg\"><img loading=\"lazy\" decoding=\"async\" src=\"http:\/\/www.rukajarvensuunnanhistoriayhdistys.fi\/historiayhdistys\/wp-content\/uploads\/2023\/02\/Aaro-ja-Eila-Kemppainen-kuva-704x1024.jpg\" alt=\"\" class=\"wp-image-14916\" width=\"826\" height=\"1201\"\/><\/a><figcaption class=\"wp-element-caption\">Eila ja Urho Kemppaisen h\u00e4\u00e4kuva 3.5.1942<\/figcaption><\/figure>\n\n\n\n<p>Kirjan tekij\u00e4 Aaro Kemppainen kertoo, ett\u00e4 \u201dt\u00e4m\u00e4 on erilainen kirja\u201d. Se kertoo totuuden siit\u00e4 ajasta miss\u00e4 nuori pari todellisuudessa suunnitteli tulevaa el\u00e4m\u00e4\u00e4ns\u00e4. Kirjeit\u00e4 l\u00f6ytyi per\u00e4ti 700, joista kirjassa esitell\u00e4\u00e4n 518.<\/p>\n\n\n\n<p>Kirjaan on sis\u00e4llytetty muutama erikoisuus. Aaro Kemppainen kertoo Mannerheimin pelastumisesta Tampereen rautatieasemalla, kun Aaron vaari Eino L\u00e4hteenm\u00e4ki pelasti Mannerheimin 18.1.1918 ven\u00e4l\u00e4isten santarmien pid\u00e4tykselt\u00e4.<\/p>\n\n\n\n<p>Harvempi tuntee Rukaj\u00e4rven valtauksessa urhoollisuudesta palkitun l\u00e4hisukulaisen Samppa Kemppaisen \u201dSuomen lipun tarinan\u201d. T\u00e4m\u00e4 sankariteko palkittiin ensin Ty\u00f6mies askilla ja viikon ylim\u00e4\u00e4r\u00e4isell\u00e4 lomalla. Tapahtuma on videokuvattu 13.9.1941 ja julkaistu sarjassa \u201dPuolustusvoimain tiedotuksia 13\u201d. Rukaj\u00e4rven paraatiin voitte tutustua oheisen linkin kautta (Videon alusta kohdalla 7:40 \u2013 9:00.). Rukaj\u00e4rven paraatia koskevaan kuvauksen yhteydess\u00e4 on julkaistu runsaasti harvoin esill\u00e4 olleita valokuvia.<\/p>\n\n\n\n<p>Kirjassa kerrotaan my\u00f6s kirjailija Ilmari Kiannon evakkoon l\u00e4ht\u00f6 Turjanlinnasta. T\u00e4m\u00e4 liittyy Urho Kemppaisen Talvisodan taisteluihin Suomussalmen suunnalla.<\/p>\n\n\n\n<p>Emme halua paljastaa kirjan sis\u00e4lt\u00f6\u00e4 laajemmin, mutta oheisesta kirjan tekij\u00e4n laatimista otteesta saa hiukan lis\u00e4tietoa <strong><a href=\"http:\/\/www.rukajarvensuunnanhistoriayhdistys.fi\/historiayhdistys\/wp-content\/uploads\/2023\/02\/Kirjeita-Rukajarvelta-Aro-Kemppainen.pdf\">T\u00c4\u00c4LT\u00c4<\/a><\/strong>.<\/p>\n\n\n\n<p>Kovakantisen kirjan (240 sivua) kappalehinta on 30 \u20ac + postitus 5 \u20ac. Kirjaa voi tilata Aaro Kemppaiselta suoraan, h\u00e4nen yhteystietonsa ovat: Puhelin: 050-3279759, my\u00f6s tekstiviestill\u00e4 ja s\u00e4hk\u00f6postilla: aaro.kemppainen@kotiposti.net<\/p>\n\n\n\n<figure class=\"wp-block-image size-large is-resized\"><a href=\"http:\/\/www.rukajarvensuunnanhistoriayhdistys.fi\/historiayhdistys\/wp-content\/uploads\/2023\/02\/Kirjeita-Rukajarvelta-Aaro-Kemppainen-scaled.jpg\"><img loading=\"lazy\" decoding=\"async\" src=\"http:\/\/www.rukajarvensuunnanhistoriayhdistys.fi\/historiayhdistys\/wp-content\/uploads\/2023\/02\/Kirjeita-Rukajarvelta-Aaro-Kemppainen-737x1024.jpg\" alt=\"\" class=\"wp-image-14917\" width=\"828\" height=\"1150\"\/><\/a><\/figure>\n\n\n\n<figure class=\"wp-block-image size-large is-resized\"><a href=\"http:\/\/www.rukajarvensuunnanhistoriayhdistys.fi\/historiayhdistys\/wp-content\/uploads\/2023\/02\/Kirjeita-Rukajarvelta-Aaro-Kemppainen-takakansi-scaled.jpg\"><img loading=\"lazy\" decoding=\"async\" src=\"http:\/\/www.rukajarvensuunnanhistoriayhdistys.fi\/historiayhdistys\/wp-content\/uploads\/2023\/02\/Kirjeita-Rukajarvelta-Aaro-Kemppainen-takakansi-683x1024.jpg\" alt=\"\" class=\"wp-image-14918\" width=\"828\" height=\"1241\"\/><\/a><\/figure>\n","protected":false},"excerpt":{"rendered":"<p>J\u00e4lleen hieno sotahistoriateos yhdistyksemme j\u00e4senelt\u00e4 Kajaanilainen Aaro Kemppainen havahtui l\u00f6ydetty\u00e4\u00e4n sattumalta vanhempiensa Urhon ja Eilan sota-aikaisen kirjeenvaihdon \u00e4itins\u00e4 kuoleman j\u00e4lkeen. Tutustuttuaan nuoren parin kirjeisiin h\u00e4n havaitsi, ett\u00e4 ne tuovat t\u00e4h\u00e4n <a class=\"more-link\" href=\"http:\/\/www.rukajarvensuunnanhistoriayhdistys.fi\/rukajarvikeskus\/ajankohtaista\/mielenkiintoinen-sota-ajan-autenttinen-kuvaus-kirjeita-rukajarvelta-korpikapteeni-urho-kemppaisen-sotataival-esilla-ensimmaisen-kerran-kirjan-kansien-sisalla\/\">Lue lis\u00e4\u00e4&#8230;<span class=\"screen-reader-text\">Mielenkiintoinen sota-ajan autenttinen kuvaus \u2013 &#8221;Kirjeit\u00e4 Rukaj\u00e4rvelt\u00e4 \u2013 Korpikapteeni Urho Kemppaisen sotataival&#8221; \u2013 esill\u00e4 ensimm\u00e4isen kerran kirjan kansien sis\u00e4ll\u00e4.<\/span><span class=\"meta-nav\">\u2192<\/span><\/a><\/p>\n","protected":false},"author":4,"featured_media":0,"comment_status":"closed","ping_status":"open","sticky":false,"template":"","format":"standard","meta":{"ngg_post_thumbnail":0,"_jetpack_newsletter_access":"","_jetpack_dont_email_post_to_subs":false,"_jetpack_newsletter_tier_id":0,"_jetpack_memberships_contains_paywalled_content":false,"_jetpack_memberships_contains_paid_content":false,"footnotes":""},"categories":[26,32],"tags":[],"class_list":["post-11294","post","type-post","status-publish","format-standard","hentry","category-ajankohtaista","category-historiayhdistys"],"jetpack_featured_media_url":"","jetpack_sharing_enabled":true,"jetpack_shortlink":"https:\/\/wp.me\/p72N2f-2Wa","_links":{"self":[{"href":"http:\/\/www.rukajarvensuunnanhistoriayhdistys.fi\/rukajarvikeskus\/wp-json\/wp\/v2\/posts\/11294","targetHints":{"allow":["GET"]}}],"collection":[{"href":"http:\/\/www.rukajarvensuunnanhistoriayhdistys.fi\/rukajarvikeskus\/wp-json\/wp\/v2\/posts"}],"about":[{"href":"http:\/\/www.rukajarvensuunnanhistoriayhdistys.fi\/rukajarvikeskus\/wp-json\/wp\/v2\/types\/post"}],"author":[{"embeddable":true,"href":"http:\/\/www.rukajarvensuunnanhistoriayhdistys.fi\/rukajarvikeskus\/wp-json\/wp\/v2\/users\/4"}],"replies":[{"embeddable":true,"href":"http:\/\/www.rukajarvensuunnanhistoriayhdistys.fi\/rukajarvikeskus\/wp-json\/wp\/v2\/comments?post=11294"}],"version-history":[{"count":1,"href":"http:\/\/www.rukajarvensuunnanhistoriayhdistys.fi\/rukajarvikeskus\/wp-json\/wp\/v2\/posts\/11294\/revisions"}],"predecessor-version":[{"id":11295,"href":"http:\/\/www.rukajarvensuunnanhistoriayhdistys.fi\/rukajarvikeskus\/wp-json\/wp\/v2\/posts\/11294\/revisions\/11295"}],"wp:attachment":[{"href":"http:\/\/www.rukajarvensuunnanhistoriayhdistys.fi\/rukajarvikeskus\/wp-json\/wp\/v2\/media?parent=11294"}],"wp:term":[{"taxonomy":"category","embeddable":true,"href":"http:\/\/www.rukajarvensuunnanhistoriayhdistys.fi\/rukajarvikeskus\/wp-json\/wp\/v2\/categories?post=11294"},{"taxonomy":"post_tag","embeddable":true,"href":"http:\/\/www.rukajarvensuunnanhistoriayhdistys.fi\/rukajarvikeskus\/wp-json\/wp\/v2\/tags?post=11294"}],"curies":[{"name":"wp","href":"https:\/\/api.w.org\/{rel}","templated":true}]}}