{"id":11312,"date":"2023-02-28T23:40:29","date_gmt":"2023-02-28T20:40:29","guid":{"rendered":"http:\/\/www.rukajarvensuunnanhistoriayhdistys.fi\/rukajarvikeskus\/?p=11312"},"modified":"2023-02-28T23:40:33","modified_gmt":"2023-02-28T20:40:33","slug":"elava-kirja-urho-kemppaisen-sodista-ja-kirjeenvaihdosta-morsian-eila-lahteenmaen-kanssa","status":"publish","type":"post","link":"http:\/\/www.rukajarvensuunnanhistoriayhdistys.fi\/rukajarvikeskus\/ajankohtaista\/elava-kirja-urho-kemppaisen-sodista-ja-kirjeenvaihdosta-morsian-eila-lahteenmaen-kanssa\/","title":{"rendered":"El\u00e4v\u00e4 kirja Urho Kemppaisen sodista ja kirjeenvaihdosta morsian Eila L\u00e4hteenm\u00e4en kanssa."},"content":{"rendered":"<div class=\"fcbkbttn_buttons_block\" id=\"fcbkbttn_left\"><div class=\"fcbkbttn_like \"><fb:like href=\"http:\/\/www.rukajarvensuunnanhistoriayhdistys.fi\/rukajarvikeskus\/ajankohtaista\/elava-kirja-urho-kemppaisen-sodista-ja-kirjeenvaihdosta-morsian-eila-lahteenmaen-kanssa\/\" action=\"like\" colorscheme=\"light\" layout=\"button_count\"  size=\"small\"><\/fb:like><\/div><\/div>\n<p><strong>Kirjeit\u00e4 Rukaj\u00e4rvelt\u00e4<\/strong><\/p>\n\n\n\n<p><strong>Antti Rasilo &#8211; kirjasta:<\/strong> &#8221;<strong>Korpikapteeni Urho Kemppaisen sotataival<\/strong>&#8221;<\/p>\n\n\n\n<p>Komppanianp\u00e4\u00e4llikk\u00f6 Urho Kemppainen sek\u00e4 h\u00e4nen kolme velje\u00e4\u00e4n taistelivat samassa komppaniassa JR 31:ss\u00e4 Rukaj\u00e4rven suunnalla.<\/p>\n\n\n\n<figure class=\"wp-block-image size-large\"><a href=\"http:\/\/www.rukajarvensuunnanhistoriayhdistys.fi\/historiayhdistys\/wp-content\/uploads\/2023\/02\/Kirjeita-Rukajarvelta-Aaro-Kemppainen-scaled.jpg\"><img decoding=\"async\" src=\"http:\/\/www.rukajarvensuunnanhistoriayhdistys.fi\/historiayhdistys\/wp-content\/uploads\/2023\/02\/Kirjeita-Rukajarvelta-Aaro-Kemppainen-737x1024.jpg\" alt=\"\" class=\"wp-image-14917\"\/><\/a><\/figure>\n\n\n\n<p>Reserviv\u00e4nrikki Urho (Uri) Kemppainen k\u00e4vi ankaran talvisodan Suomussalmella mm Raatteen tiell\u00e4 joukkueen- ja sissiosaston johtajana 24-vuotiaana. Sodan lopussa h\u00e4net ylennettiin luutnantiksi.<\/p>\n\n\n\n<p>Jatkosodassa Rukaj\u00e4rven suunnalla h\u00e4n johti komppanianp\u00e4\u00e4llikk\u00f6n\u00e4 osastonsa moneen menestykseen hy\u00f6kk\u00e4ysvaiheen rajuimmissa taisteluissa, mm Omelissa ja Tsirkka-Kemijoella. Kapteenin arvon h\u00e4n ansaitsi jo syyskuussa 1941. H\u00e4n oli tuolloin 26-vuotias mets\u00e4nhoitaja. Rukaj\u00e4rven suunnalla taisteli Urhon lis\u00e4ksi nelj\u00e4 h\u00e4nen velje\u00e4\u00e4n, Martti, Hannes, Olli ja Aaro.Lis\u00e4ksi Pirkko-sisar toimi kanttiinilottana etulinjassa. Heid\u00e4n kotitalonsa oli Paltamon Mieslahdessa.<\/p>\n\n\n\n<figure class=\"wp-block-image size-large is-resized\"><a href=\"http:\/\/www.rukajarvensuunnanhistoriayhdistys.fi\/historiayhdistys\/wp-content\/uploads\/2023\/02\/Urho-Kemppaisen-tuohikirjekuori-1941-AR.jpg\"><img loading=\"lazy\" decoding=\"async\" src=\"http:\/\/www.rukajarvensuunnanhistoriayhdistys.fi\/historiayhdistys\/wp-content\/uploads\/2023\/02\/Urho-Kemppaisen-tuohikirjekuori-1941-AR-794x1024.jpg\" alt=\"\" class=\"wp-image-14958\" width=\"831\" height=\"1072\"\/><\/a><\/figure>\n\n\n\n<p>Pataljoonan komentaja majuri W. Lepp\u00e4lax arvioi kapteeni Urho Kemppaista kirjallisesti 27.5.1943 mm. seuraavasti:<\/p>\n\n\n\n<p><em>\u201dKapteeni Kemppainen on palvellut pataljoonassani t\u00e4m\u00e4n sodan alusta saakka. Kiv\u00e4\u00e4rikomppanian p\u00e4\u00e4llikk\u00f6n\u00e4 Kemppainen on osallistunut kaikkiin komppaniansa taisteluihin. T\u00e4ll\u00e4 ajalla h\u00e4n on osoittautunut rohkeaksi, neuvokkaaksi ja rauhalliseksi johtajaksi ja erinomaiseksi esimieheksi. Komppaniassaan h\u00e4n on yll\u00e4pit\u00e4nyt hyv\u00e4\u00e4 kuria ja reipasta henke\u00e4.\u201d<\/em><\/p>\n\n\n\n<p>Tilasin Urho Kemppaista k\u00e4sittelev\u00e4n kirjan. Posti toi sen juuri. Nyt en meinaa malttaa laskea sit\u00e4 k\u00e4sist\u00e4ni. Urho Kemppaisen vanhin poika Aaro on toimittanut ja kustantanut t\u00e4m\u00e4n mielenkiintoisen teoksen. Kirja nostaa hienosti esille sotasukupolven uskomattomat suoritukset, mm. p\u00e4\u00e4tt\u00e4v\u00e4isen ja rohkean toiminnan tosipaikoissa. Ihmetell\u00e4 sopii, miten moni rintamies pystyi pit\u00e4m\u00e4\u00e4n itsens\u00e4 kasassa, vaikka asevelji\u00e4 kaatui viereen ja kaikki eiv\u00e4t kest\u00e4neet henkisesti. Urho Kemppainen on selv\u00e4stikin ollut yht\u00e4 aikaa valiosoturi ja inhimillinen porukkansa is\u00e4.<\/p>\n\n\n\n<p>Kirja avaa esimerkillisest\u00e4 sotilaasta toisenkin puolen, rakastuneen nuoren miehen maailman. Urho kirjoittaa tihe\u00e4sti morsiamelleen Tampereelle. Ainakin yhden kirjekuoren h\u00e4n taiteilee tuohesta ja sinet\u00f6i sen tuohipannalla niin hienosti, ettei sensuurikaan rohkene sit\u00e4 murtaa. (Kirjekuri oheisessa kuvassa.) Repolassa Urho ihailee porukkansa kanssa Lieksanj\u00e4rven kaunista saarta ja suunnittelee ostavansa saaren sodan j\u00e4lkeen ja perustavansa sinne oman \u201dvaltakuntansa\u201d.<\/p>\n\n\n\n<p>My\u00f6s morsiamen usko tulevaisuuteen on kirjeiden perusteella luja ja luottavainen. (Toivottavasti ukrainalaisten tulevaisuus toteutuu yht\u00e4 valoisana kuin Suomen. Urho ja Eila Kemppaisen kaltaisilla oli suuri merkitys kansamme selviytymisess\u00e4 ja kasvussa kukoistukseen.)<\/p>\n\n\n\n<p>Kirjan kiehtovuuden salaisuus on varmaan sen autenttisuudessa. Teksti ei ole j\u00e4lkik\u00e4teen kirjoitettua kuvausta vaan sodan kokeneiden sodan aikana luomaa.<\/p>\n\n\n\n<p>Kiitos Aaro Kemppaiselle! H\u00e4n on rikastanut sotiemme ja Rukaj\u00e4rven perint\u00f6\u00e4 arvokkaalla ja ajattelemaan her\u00e4tt\u00e4v\u00e4ll\u00e4 teoksella.<\/p>\n\n\n\n<p>Antti Rasilo 27.2.2023<\/p>\n\n\n\n<p>PS: Kovakantisen kirjan (240 sivua) kappalehinta on 30 \u20ac + postitus 5 \u20ac. Kirjaa voi tilata Aaro Kemppaiselta suoraan, h\u00e4nen yhteystietonsa ovat: Puhelin: 050-3279759, my\u00f6s tekstiviestill\u00e4 ja s\u00e4hk\u00f6postilla:<\/p>\n\n\n\n<p>aaro.kemppainen@kotiposti.net<\/p>\n","protected":false},"excerpt":{"rendered":"<p>Kirjeit\u00e4 Rukaj\u00e4rvelt\u00e4 Antti Rasilo &#8211; kirjasta: &#8221;Korpikapteeni Urho Kemppaisen sotataival&#8221; Komppanianp\u00e4\u00e4llikk\u00f6 Urho Kemppainen sek\u00e4 h\u00e4nen kolme velje\u00e4\u00e4n taistelivat samassa komppaniassa JR 31:ss\u00e4 Rukaj\u00e4rven suunnalla. Reserviv\u00e4nrikki Urho (Uri) Kemppainen k\u00e4vi ankaran <a class=\"more-link\" href=\"http:\/\/www.rukajarvensuunnanhistoriayhdistys.fi\/rukajarvikeskus\/ajankohtaista\/elava-kirja-urho-kemppaisen-sodista-ja-kirjeenvaihdosta-morsian-eila-lahteenmaen-kanssa\/\">Lue lis\u00e4\u00e4&#8230;<span class=\"screen-reader-text\">El\u00e4v\u00e4 kirja Urho Kemppaisen sodista ja kirjeenvaihdosta morsian Eila L\u00e4hteenm\u00e4en kanssa.<\/span><span class=\"meta-nav\">\u2192<\/span><\/a><\/p>\n","protected":false},"author":4,"featured_media":0,"comment_status":"closed","ping_status":"open","sticky":false,"template":"","format":"standard","meta":{"ngg_post_thumbnail":0,"_jetpack_newsletter_access":"","_jetpack_dont_email_post_to_subs":false,"_jetpack_newsletter_tier_id":0,"_jetpack_memberships_contains_paywalled_content":false,"_jetpack_memberships_contains_paid_content":false,"footnotes":""},"categories":[26,32],"tags":[],"class_list":["post-11312","post","type-post","status-publish","format-standard","hentry","category-ajankohtaista","category-historiayhdistys"],"jetpack_featured_media_url":"","jetpack_sharing_enabled":true,"jetpack_shortlink":"https:\/\/wp.me\/p72N2f-2Ws","_links":{"self":[{"href":"http:\/\/www.rukajarvensuunnanhistoriayhdistys.fi\/rukajarvikeskus\/wp-json\/wp\/v2\/posts\/11312","targetHints":{"allow":["GET"]}}],"collection":[{"href":"http:\/\/www.rukajarvensuunnanhistoriayhdistys.fi\/rukajarvikeskus\/wp-json\/wp\/v2\/posts"}],"about":[{"href":"http:\/\/www.rukajarvensuunnanhistoriayhdistys.fi\/rukajarvikeskus\/wp-json\/wp\/v2\/types\/post"}],"author":[{"embeddable":true,"href":"http:\/\/www.rukajarvensuunnanhistoriayhdistys.fi\/rukajarvikeskus\/wp-json\/wp\/v2\/users\/4"}],"replies":[{"embeddable":true,"href":"http:\/\/www.rukajarvensuunnanhistoriayhdistys.fi\/rukajarvikeskus\/wp-json\/wp\/v2\/comments?post=11312"}],"version-history":[{"count":1,"href":"http:\/\/www.rukajarvensuunnanhistoriayhdistys.fi\/rukajarvikeskus\/wp-json\/wp\/v2\/posts\/11312\/revisions"}],"predecessor-version":[{"id":11313,"href":"http:\/\/www.rukajarvensuunnanhistoriayhdistys.fi\/rukajarvikeskus\/wp-json\/wp\/v2\/posts\/11312\/revisions\/11313"}],"wp:attachment":[{"href":"http:\/\/www.rukajarvensuunnanhistoriayhdistys.fi\/rukajarvikeskus\/wp-json\/wp\/v2\/media?parent=11312"}],"wp:term":[{"taxonomy":"category","embeddable":true,"href":"http:\/\/www.rukajarvensuunnanhistoriayhdistys.fi\/rukajarvikeskus\/wp-json\/wp\/v2\/categories?post=11312"},{"taxonomy":"post_tag","embeddable":true,"href":"http:\/\/www.rukajarvensuunnanhistoriayhdistys.fi\/rukajarvikeskus\/wp-json\/wp\/v2\/tags?post=11312"}],"curies":[{"name":"wp","href":"https:\/\/api.w.org\/{rel}","templated":true}]}}