{"id":11315,"date":"2023-03-02T00:41:47","date_gmt":"2023-03-01T21:41:47","guid":{"rendered":"http:\/\/www.rukajarvensuunnanhistoriayhdistys.fi\/rukajarvikeskus\/?p=11315"},"modified":"2023-03-02T00:46:53","modified_gmt":"2023-03-01T21:46:53","slug":"kaj-erik-adolf-asplund-1924-2023","status":"publish","type":"post","link":"http:\/\/www.rukajarvensuunnanhistoriayhdistys.fi\/rukajarvikeskus\/muistokirjoitukset\/kaj-erik-adolf-asplund-1924-2023\/","title":{"rendered":"Kaj-Erik Adolf Asplund 1924\u20132023"},"content":{"rendered":"<div class=\"fcbkbttn_buttons_block\" id=\"fcbkbttn_left\"><div class=\"fcbkbttn_like \"><fb:like href=\"http:\/\/www.rukajarvensuunnanhistoriayhdistys.fi\/rukajarvikeskus\/muistokirjoitukset\/kaj-erik-adolf-asplund-1924-2023\/\" action=\"like\" colorscheme=\"light\" layout=\"button_count\"  size=\"small\"><\/fb:like><\/div><\/div>\n<p id=\"block-d49af57a-af08-407f-b08d-dc268d7c96ee\">Mets\u00e4nhoitaja, sotaveteraani Kaj-Erik Adolf Asplund kuoli Vantaalla, Kuninkaankartanon hoivakodissa 30.1. 2023. H\u00e4n oli 98-vuotias, syntynyt Alaj\u00e4rvell\u00e4 23.5. 1924 apteekkari F. A. Asplundin perheeseen. Lapsuusvuodet hehkuivat onnellisina Kaj-Erikin tarinoissa, kes\u00e4t kuluivat Pappilansaaren m\u00f6kill\u00e4 sisarusten kanssa. \u201dAurinko poltti sel\u00e4n ainakin kolme kertaa kes\u00e4ss\u00e4. Uimahousut pantiin kes\u00e4n alussa jalkaan ja vaatteet puettiin vasta syksyll\u00e4.\u201d Saaresta karanneiden lehmien h\u00e4nn\u00e4ss\u00e4 roikkuen oli hauska uida. Partioharrastus vei retkille Ruotsiin 1938 ja Saksaan 1939. Alaj\u00e4rvell\u00e4 alkanut koulutie vaihtui Vaasan kouluun jo kymmenvuotiaana. Alaj\u00e4rven opettaja loukkaantui Vaasaan l\u00e4hd\u00f6st\u00e4 ja tokaisi: \u201dSin\u00e4 olet niin tyhm\u00e4, ett\u00e4 et ikin\u00e4 p\u00e4\u00e4se ylioppilaaksi!\u201d Vaasassa kuitenkin avautuivat Lyseon ovet jo seuraavana vuonna. Sotavuodet muuttivat suunnitelmia. Talvisodan aikana 15-vuotias Asplund toimi suojeluskunnan l\u00e4hettin\u00e4 viem\u00e4ss\u00e4 kyl\u00e4n miehille sotaanl\u00e4ht\u00f6m\u00e4\u00e4r\u00e4yksi\u00e4 ja kuljettamassa sankarivainajia Lapuan rautatieasemalta kotiin.<\/p>\n\n\n\n<figure class=\"wp-block-image is-resized\" id=\"block-d26aba98-8d7d-4aa2-a3ca-5307448e0e2d\"><img loading=\"lazy\" decoding=\"async\" src=\"http:\/\/www.rukajarvensuunnanhistoriayhdistys.fi\/historiayhdistys\/wp-content\/uploads\/2023\/03\/Kaj-Erik-Asplund-753x1024.jpg\" alt=\"T\u00e4m\u00e4n kuvan alt-attribuutti on tyhj\u00e4; Tiedoston nimi on Kaj-Erik-Asplund-753x1024.jpg\" width=\"830\" height=\"1129\"\/><figcaption class=\"wp-element-caption\">Mets\u00e4nhoitaja, Rukaj\u00e4rven veteraani Kaj-Erik Adolf Asplund (23.5.1924 &#8211; 30.1.2023).<\/figcaption><\/figure>\n\n\n\n<p id=\"block-eb6feac8-0aa7-4dd5-be87-427ced798564\">Syyskes\u00e4ll\u00e4 1941 Asplund l\u00e4hti vapaaehtoisena IS-komppaniaan. Matka k\u00e4vi Raatteentiet\u00e4 kohti Vuokkinieme\u00e4, Kuittij\u00e4rven it\u00e4puolelle asti. Marraskuussa tuli m\u00e4\u00e4r\u00e4ys, ett\u00e4 alle 18-vuotiaat on kotiutettava. Lyseon viidett\u00e4 luokkaa Kaj ehti k\u00e4yd\u00e4 vain muutaman kuukauden ennen kutsuntoja. Asplund liittyi ennen vuodenvaihdetta 1942 <strong>Rukaj\u00e4rvell\u00e4 pioneeripataljoona 24:een<\/strong>. Miinoitus, piikkilankaesteiden ja teiden rakentaminen keskeytyi ajoittain vihollisen tulitukseen, tiukkojakin paikkoja oli. Rauhan tultua k\u00e4sky k\u00e4vi viel\u00e4 takaisin it\u00e4\u00e4n purkamaan miinakentti\u00e4 ven\u00e4l\u00e4iskomennossa. Hetken n\u00e4ytti, ett\u00e4 matka jatkuisi viel\u00e4 Lapin sotaan, junaa jo lastattiin, mutta helpottava peruutus tuli. Siviiliin Asplund p\u00e4\u00e4si maaliskuussa 1945.<\/p>\n\n\n\n<p id=\"block-e1fcbec2-3865-4194-936d-ed1bddbb44ae\">Kuultuaan koulukavereilta Niinisalon internaatista Kaj l\u00e4hti sinne, vaikka asianmukainen kouluhallituksen paperi puuttui. Osastorehtori arvosti rohkeaotteista omatoimisuutta ja antoi Kaj\u2019n jatkaa opintojaan. Ylioppilaskirjoituksissa kompastuskiveksi oli koitua saksa, mutta kotiapteekkiin tulleen nuoren farmaseutin Sylvia Castr\u00e9nin kanssa kes\u00e4ll\u00e4 soudellessa tarttui saksakin sen verran, ett\u00e4 syksyll\u00e4 1946 22-vuotias Kaj sai ylioppilaslakin. Kaj ja Sylvia vihittiin hein\u00e4kuussa 1947, perheen esikoinen syntyi seuraavana vuonna.<\/p>\n\n\n\n<p id=\"block-4e63aca8-2e6e-4117-9958-63a7ccdc9e30\">Mets\u00e4nhoidon teht\u00e4v\u00e4t olivat tulleet tutuksi jo koulupoikana kes\u00e4t\u00f6iss\u00e4, niinp\u00e4 suunta mets\u00e4nhoitajaopintoihin oli luonteva. Kaj valmistui vuonna 1953. Pro gradu -ty\u00f6 syntyi yhdess\u00e4 opiskelutoveri Veikko Huovisen kanssa. Koko ty\u00f6uransa Asplund teki Mets\u00e4hallituksen palveluksessa. Ensimm\u00e4inen virka oli Saarij\u00e4rvell\u00e4, hoitoalueen avustavana mets\u00e4nhoitajana. Rohkea ja ty\u00f6t\u00e4 kehitt\u00e4v\u00e4 ote n\u00e4kyi viranhoidossa. Kaj oli keskeisess\u00e4 osassa Pataman taimitarhan ja k\u00e4pykaristamon rakennus- ja k\u00e4ynnistysvaiheessa. Saarij\u00e4rven vuosina perhe kasvoi seitsenhenkiseksi. Uusi ty\u00f6maa l\u00f6ytyi pohjoisesta, ja perhe muutti Rovaniemelle vuonna 1968. Mets\u00e4hallituksen kehitt\u00e4misjaoston ylitarkastajan teht\u00e4v\u00e4ss\u00e4 Hirvaalla Asplundin teht\u00e4v\u00e4n\u00e4 oli mets\u00e4nhoidon kaikkien osa-alueiden kehitt\u00e4minen. Perheen oma koti rakennettiin Korkalovaaraan. Seuraava askel uralla oli Per\u00e4-Pohjolan piirikuntakonttorin ylimets\u00e4nhoitajan virka. Vuonna 1981 suunta oli etel\u00e4\u00e4n, mets\u00e4hallituksen mets\u00e4nhoito-osaston mets\u00e4neuvoksen virkaan. Uusi koti puutarhoineen l\u00f6ytyi Korsosta. Vuonna 1985 Asplund nimitettiin valtionmets\u00e4talouden osastoryhm\u00e4n ylijohtajaksi, josta teht\u00e4v\u00e4st\u00e4 h\u00e4n j\u00e4i el\u00e4kkeelle 1990.<\/p>\n\n\n\n<p id=\"block-beb7b778-fb0b-439f-9187-d273dceb7f27\">Mets\u00e4stys, mets\u00e4styskoirat ja puutarhanhoito olivat Kaj\u2019n rakkaimmat harrastukset. Saarij\u00e4rven vuosina hankittu kes\u00e4m\u00f6kki Konginkankaan Lekosaaressa oli suureksi kasvaneelle perheelle t\u00e4rke\u00e4 kokoontumispaikka. Sylvian kuoltua 2007 alkoi Kaj\u2019n el\u00e4m\u00e4npiiri v\u00e4hitellen pienenty\u00e4. Muistisairauden takia Kaj-Erik vietti viimeiset vuodet hoivakodissa. Valoisaa ja leikkis\u00e4\u00e4 Ukkia j\u00e4\u00e4v\u00e4t kaipaamaan tyt\u00e4r Merja perheineen, tyt\u00e4r Maija-Riitta, edesmenneitten poikien perheet, 15 lastenlasta ja 18 lastenlastenlasta, sek\u00e4 muut sukulaiset ja yst\u00e4v\u00e4t.<\/p>\n\n\n\n<p id=\"block-ce5cebfa-434c-47c9-9355-886da9949e8f\">Osmo Kangas<\/p>\n\n\n\n<p id=\"block-05505cf8-579a-4c3b-a1c4-7cc77fa109a3\">Kirjoittaja on Kaj Asplundin v\u00e4vy.<\/p>\n\n\n\n<figure class=\"wp-block-image\" id=\"block-a60a93b5-8659-4d29-b95b-53de9b959841\"><img decoding=\"async\" src=\"http:\/\/www.rukajarvensuunnanhistoriayhdistys.fi\/historiayhdistys\/wp-content\/uploads\/2023\/03\/Asplund-Kaj-Erik-HS-26-2-2023-kuolinilmoitus.jpg\" alt=\"T\u00e4m\u00e4n kuvan alt-attribuutti on tyhj\u00e4; Tiedoston nimi on Asplund-Kaj-Erik-HS-26-2-2023-kuolinilmoitus.jpg\"\/><\/figure>\n\n\n\n<p><strong>Otamme osaa omaisten suruun.<\/strong><\/p>\n\n\n\n<p>Rukaj\u00e4rven suunnan veteraaniveljet, Rukaj\u00e4rven suunnan historiikkitoimikunta, Rukaj\u00e4rven suunnan historiayhdistys ry. ja Rukaj\u00e4rven Tiell\u00e4 ry. <\/p>\n\n\n\n<p>\ufeff<\/p>\n\n\n\n<h2 class=\"wp-block-heading\"><\/h2>\n","protected":false},"excerpt":{"rendered":"<p>Mets\u00e4nhoitaja, sotaveteraani Kaj-Erik Adolf Asplund kuoli Vantaalla, Kuninkaankartanon hoivakodissa 30.1. 2023. H\u00e4n oli 98-vuotias, syntynyt Alaj\u00e4rvell\u00e4 23.5. 1924 apteekkari F. A. Asplundin perheeseen. Lapsuusvuodet hehkuivat onnellisina Kaj-Erikin tarinoissa, kes\u00e4t kuluivat <a class=\"more-link\" href=\"http:\/\/www.rukajarvensuunnanhistoriayhdistys.fi\/rukajarvikeskus\/muistokirjoitukset\/kaj-erik-adolf-asplund-1924-2023\/\">Lue lis\u00e4\u00e4&#8230;<span class=\"screen-reader-text\">Kaj-Erik Adolf Asplund 1924\u20132023<\/span><span class=\"meta-nav\">\u2192<\/span><\/a><\/p>\n","protected":false},"author":4,"featured_media":0,"comment_status":"closed","ping_status":"open","sticky":false,"template":"","format":"standard","meta":{"ngg_post_thumbnail":0,"_jetpack_newsletter_access":"","_jetpack_dont_email_post_to_subs":false,"_jetpack_newsletter_tier_id":0,"_jetpack_memberships_contains_paywalled_content":false,"_jetpack_memberships_contains_paid_content":false,"footnotes":""},"categories":[26,24],"tags":[],"class_list":["post-11315","post","type-post","status-publish","format-standard","hentry","category-ajankohtaista","category-muistokirjoitukset"],"jetpack_featured_media_url":"","jetpack_sharing_enabled":true,"jetpack_shortlink":"https:\/\/wp.me\/p72N2f-2Wv","_links":{"self":[{"href":"http:\/\/www.rukajarvensuunnanhistoriayhdistys.fi\/rukajarvikeskus\/wp-json\/wp\/v2\/posts\/11315","targetHints":{"allow":["GET"]}}],"collection":[{"href":"http:\/\/www.rukajarvensuunnanhistoriayhdistys.fi\/rukajarvikeskus\/wp-json\/wp\/v2\/posts"}],"about":[{"href":"http:\/\/www.rukajarvensuunnanhistoriayhdistys.fi\/rukajarvikeskus\/wp-json\/wp\/v2\/types\/post"}],"author":[{"embeddable":true,"href":"http:\/\/www.rukajarvensuunnanhistoriayhdistys.fi\/rukajarvikeskus\/wp-json\/wp\/v2\/users\/4"}],"replies":[{"embeddable":true,"href":"http:\/\/www.rukajarvensuunnanhistoriayhdistys.fi\/rukajarvikeskus\/wp-json\/wp\/v2\/comments?post=11315"}],"version-history":[{"count":4,"href":"http:\/\/www.rukajarvensuunnanhistoriayhdistys.fi\/rukajarvikeskus\/wp-json\/wp\/v2\/posts\/11315\/revisions"}],"predecessor-version":[{"id":11320,"href":"http:\/\/www.rukajarvensuunnanhistoriayhdistys.fi\/rukajarvikeskus\/wp-json\/wp\/v2\/posts\/11315\/revisions\/11320"}],"wp:attachment":[{"href":"http:\/\/www.rukajarvensuunnanhistoriayhdistys.fi\/rukajarvikeskus\/wp-json\/wp\/v2\/media?parent=11315"}],"wp:term":[{"taxonomy":"category","embeddable":true,"href":"http:\/\/www.rukajarvensuunnanhistoriayhdistys.fi\/rukajarvikeskus\/wp-json\/wp\/v2\/categories?post=11315"},{"taxonomy":"post_tag","embeddable":true,"href":"http:\/\/www.rukajarvensuunnanhistoriayhdistys.fi\/rukajarvikeskus\/wp-json\/wp\/v2\/tags?post=11315"}],"curies":[{"name":"wp","href":"https:\/\/api.w.org\/{rel}","templated":true}]}}