{"id":11504,"date":"2024-02-25T14:20:30","date_gmt":"2024-02-25T11:20:30","guid":{"rendered":"http:\/\/www.rukajarvensuunnanhistoriayhdistys.fi\/rukajarvikeskus\/?p=11504"},"modified":"2024-02-27T15:49:16","modified_gmt":"2024-02-27T12:49:16","slug":"hannes-tuovisen-100-vuotisjuhlat-vihdin-kirkko-tayttyi-juhlavieraista","status":"publish","type":"post","link":"http:\/\/www.rukajarvensuunnanhistoriayhdistys.fi\/rukajarvikeskus\/ajankohtaista\/hannes-tuovisen-100-vuotisjuhlat-vihdin-kirkko-tayttyi-juhlavieraista\/","title":{"rendered":"Hannes Tuovisen 100-vuotisjuhlat &#8211; Vihdin kirkko t\u00e4yttyi juhlavieraista"},"content":{"rendered":"<div class=\"fcbkbttn_buttons_block\" id=\"fcbkbttn_left\"><div class=\"fcbkbttn_like \"><fb:like href=\"http:\/\/www.rukajarvensuunnanhistoriayhdistys.fi\/rukajarvikeskus\/ajankohtaista\/hannes-tuovisen-100-vuotisjuhlat-vihdin-kirkko-tayttyi-juhlavieraista\/\" action=\"like\" colorscheme=\"light\" layout=\"button_count\"  size=\"small\"><\/fb:like><\/div><\/div>\n<p>Hannes Tuovisen 100-vuotisjuhla kiinnosti ihmisi\u00e4. Vihdin kirkko ja seurakuntakoti oli tupaten t\u00e4ynn\u00e4 juhlavieraita. Moni olisi halunnut istua Hanneksen vieress\u00e4, mutta t\u00e4ll\u00e4 kertaa siihen ei tarjoutunut kaikille tilaisuutta. Veteraani k\u00e4tteli vieraansa kahteen kertaan, ensin kirkossa ja sitten juhlasta l\u00e4htiess\u00e4 ja mik\u00e4 yll\u00e4tt\u00e4vint\u00e4 seisaalta jaloin.<\/p>\n\n\n\n<p>Vihdin kirkkoherran onnittelupuhe kirkossa oli koskettava, lis\u00e4ksi kirkkoherra juonsi varsinaisen seurakuntatalossa pidetyn juhlan. Kirkkoherra pyysi puhumaan lyhyesti. H\u00e4n n\u00e4ytti olevan selvill\u00e4 siit\u00e4, ett\u00e4 n\u00e4in mahdollisimman monelle juhlavieraalle, joita oli 364 tarjoutuisi n\u00e4in tilaisuus lausua omat henkil\u00f6kohtaiset onnittelunsa julkisesti.<\/p>\n\n\n\n<figure class=\"wp-block-image size-large is-resized\"><a href=\"http:\/\/www.rukajarvensuunnanhistoriayhdistys.fi\/historiayhdistys\/wp-content\/uploads\/2024\/02\/IMG_20240224_153401-Hannes-Tuovinen-1-scaled.jpg\"><img decoding=\"async\" src=\"http:\/\/www.rukajarvensuunnanhistoriayhdistys.fi\/historiayhdistys\/wp-content\/uploads\/2024\/02\/IMG_20240224_153401-Hannes-Tuovinen-1-768x1024.jpg\" alt=\"\" class=\"wp-image-15357\" style=\"width:838px;height:auto\"\/><\/a><\/figure>\n\n\n\n<figure class=\"wp-block-image size-large\"><a href=\"http:\/\/www.rukajarvensuunnanhistoriayhdistys.fi\/historiayhdistys\/wp-content\/uploads\/2024\/02\/IMG_20240224_143715-Eino-Gron-scaled.jpg\"><img decoding=\"async\" src=\"http:\/\/www.rukajarvensuunnanhistoriayhdistys.fi\/historiayhdistys\/wp-content\/uploads\/2024\/02\/IMG_20240224_143715-Eino-Gron-1024x768.jpg\" alt=\"\" class=\"wp-image-15358\"\/><\/a><\/figure>\n\n\n\n<p>Juhlatilaisuudessa n\u00e4htiin pari erikoista yll\u00e4tyst\u00e4. Sotilaspukuun pukeutunut kiv\u00e4\u00e4ri\u00e4 kantava l\u00e4hetti toi veteraanille 100-vuotisonnittelut Rukaj\u00e4rven rintamalta ja lis\u00e4ksi itse Eino Gr\u00f6n esiintyi tilaisuudessa.<\/p>\n\n\n\n<figure class=\"wp-block-image size-large is-resized\"><a href=\"http:\/\/www.rukajarvensuunnanhistoriayhdistys.fi\/historiayhdistys\/wp-content\/uploads\/2024\/02\/IMG_20240224_115629-scaled.jpg\"><img decoding=\"async\" src=\"http:\/\/www.rukajarvensuunnanhistoriayhdistys.fi\/historiayhdistys\/wp-content\/uploads\/2024\/02\/IMG_20240224_115629-1024x768.jpg\" alt=\"\" class=\"wp-image-15360\" style=\"width:840px;height:auto\"\/><\/a><\/figure>\n\n\n\n<p><em>Viipurin lauluveikot, johtajana Ilkka Aunu<\/em><\/p>\n\n\n\n<figure class=\"wp-block-image size-large is-resized\"><a href=\"http:\/\/www.rukajarvensuunnanhistoriayhdistys.fi\/historiayhdistys\/wp-content\/uploads\/2024\/02\/IMG_20240224_124522-lapsikuoro-scaled.jpg\"><img decoding=\"async\" src=\"http:\/\/www.rukajarvensuunnanhistoriayhdistys.fi\/historiayhdistys\/wp-content\/uploads\/2024\/02\/IMG_20240224_124522-lapsikuoro-1024x768.jpg\" alt=\"\" class=\"wp-image-15359\" style=\"width:840px;height:auto\"\/><\/a><\/figure>\n\n\n\n<p><em>Tytt\u00f6kuoo Piritat ja Junnukuoro, jota johti kanttori Ulla-Eho-Saario<\/em>.<\/p>\n\n\n\n<p>Tilaisuudessa olivat paikalla Vihdin seurakunnan vapaaehtoisty\u00f6ntekij\u00e4t. Varsinaisista j\u00e4rjestelyist\u00e4 huolehtivat Vihdin maanpuolustusnaiset ja sotilaskotisisaret ja heid\u00e4n toimestaan juhlan tarjoilu oli tosi sujuvaa. N\u00e4in sodanajan kentt\u00e4keitti\u00f6ss\u00e4 valmistettu tuore ja tosi maukas hernesoppa nautittiin viel\u00e4p\u00e4 n\u00e4in suurelle yleis\u00f6m\u00e4\u00e4r\u00e4lle valmiiseen p\u00f6yt\u00e4\u00e4n ja kirkkoherran esitt\u00e4m\u00e4n toivomuksen mukaisesti pysyttiin aikataulussa.<\/p>\n\n\n\n<figure class=\"wp-block-image size-large is-resized\"><a href=\"http:\/\/www.rukajarvensuunnanhistoriayhdistys.fi\/historiayhdistys\/wp-content\/uploads\/2024\/02\/IMG_20240224_131059-soppatykki-1-scaled.jpg\"><img decoding=\"async\" src=\"http:\/\/www.rukajarvensuunnanhistoriayhdistys.fi\/historiayhdistys\/wp-content\/uploads\/2024\/02\/IMG_20240224_131059-soppatykki-1-1024x768.jpg\" alt=\"\" class=\"wp-image-15365\" style=\"width:840px;height:auto\"\/><\/a><\/figure>\n\n\n\n<p><em>Maukas juhlaruoka valmistui oikein &#8221;sodank\u00e4yneell\u00e4&#8221; soppatykill\u00e4.<\/em><\/p>\n\n\n\n<p>Toimittaja Paula Lehdist\u00f6 on yksi aktiivisimmista kirkon vapaaehtoisista. H\u00e4nelt\u00e4 kuulimme todisteen sille, ett\u00e4 YLE:ss\u00e4kin k\u00e4ytiin vilkasta keskustelua siit\u00e4, ett\u00e4 Valtakunnallisen veteraanip\u00e4iv\u00e4n juhla l\u00e4hetett\u00e4isiin suoranako l\u00e4hetyksen\u00e4 eik\u00e4 koosteena. Kuten tied\u00e4mme ensimm\u00e4isen kerran Valtakunnallista veteraanip\u00e4iv\u00e4\u00e4 vietettiin 1987. Suorat l\u00e4hetykset sai aikaan toimittajapariskunta Leo ja Paula Lehdist\u00f6, joista Paula oli nyt mukana Vihdin seurakunnan vapaaehtoisty\u00f6ntekij\u00f6itten kanssa Hanneksen juhlaa j\u00e4rjest\u00e4m\u00e4ss\u00e4. Paula Lehdist\u00f6 toimi YLE:ss\u00e4 valtakunnallisen veteraanip\u00e4iv\u00e4l\u00e4hetysten tuottajana. Kerromme t\u00e4st\u00e4, koska uskomme, ett\u00e4 asia on j\u00e4\u00e4nyt suurelle yleis\u00f6lle t\u00e4ysin tuntemattomaksi.<\/p>\n\n\n\n<p><strong>Hannes Tuovisen juhlan \u201dJatkot\u201d<\/strong><\/p>\n\n\n\n<p>T\u00e4m\u00e4 juttu on Hannes Tuovisen juhlan \u201dJatkoista\u201d, mitk\u00e4 vietet\u00e4\u00e4n t\u00e4ll\u00e4 kertaa, ei kuusen alla kuten sota-aikana, vaan nettipalveluitten kautta. N\u00e4ill\u00e4 \u201dJatkoilla\u201d julkaistaan kirkkoherran puhe sek\u00e4 Rukaj\u00e4rven suunnan historiayhdistyksen puheenjohtajan juhlatilaisuudessa veteraanille esitt\u00e4m\u00e4t onnittelut sek\u00e4 jo varsinaisena syntym\u00e4p\u00e4iv\u00e4n\u00e4 veteraanille itselleen pit\u00e4m\u00e4 juhlaesitelm\u00e4 sek\u00e4 rintamalla kuultuja ja siell\u00e4 sanoitettuja ja s\u00e4vellettyj\u00e4 lauluesityksi\u00e4. Mielenkiintoisin niist\u00e4 lienee Rukaj\u00e4rven orkesterissa rintamalla toimineen Arvo Kuikan lauluesitykset ja v. 2013 antama videohaastattelu.<\/p>\n\n\n\n<p>Juhlan onnistumisen takana oli paljon n\u00e4kym\u00e4t\u00f6nt\u00e4 ty\u00f6t\u00e4. Siksikin hieno kiitos Hannekselle ja j\u00e4rjest\u00e4jille siit\u00e4, ett\u00e4 paikalla oli my\u00f6s mittava m\u00e4\u00e4r\u00e4 yleis\u00f6\u00e4. Erityisesti Hanneksen poika Erkki Tuovinen, vaativissa liiketoiminnan johtoteht\u00e4viss\u00e4 kouliintunut veteraanin poika ansaitsee kiitoksen sanan. Vihdin seurakunnasta j\u00e4i se vaikutelma, etteiv\u00e4t he ole ensimm\u00e4ist\u00e4 kertaa \u201dpappia kyydiss\u00e4\u201d, vaan heille voi jatkossakin antaa tyylipisteit\u00e4 juhlaj\u00e4rjestelyist\u00e4. Tasokkaan Viipurin lauluveikkojen ja erityisen onnistuneen lapsikuorojen esitykset sek\u00e4 kuoroa johtaneen kanttorin <strong>Ulla Eho-Saarion<\/strong> vauhdikas johtaminen j\u00e4i erityisesti juhlayleis\u00f6n mieleen, mik\u00e4 on merkki paikkakunnan sivistyksest\u00e4. <\/p>\n\n\n\n<figure class=\"wp-block-image size-large\"><a href=\"http:\/\/www.rukajarvensuunnanhistoriayhdistys.fi\/historiayhdistys\/wp-content\/uploads\/2024\/02\/IMG_20240224_145745-Matti-ja-kirrkoherra-scaled.jpg\"><img decoding=\"async\" src=\"http:\/\/www.rukajarvensuunnanhistoriayhdistys.fi\/historiayhdistys\/wp-content\/uploads\/2024\/02\/IMG_20240224_145745-Matti-ja-kirrkoherra-1024x768.jpg\" alt=\"\" class=\"wp-image-15361\"\/><\/a><\/figure>\n\n\n\n<p>Paikalla oli my\u00f6s Hanneksen sukulaisia, joista 11 vuotta nuorempi veli Matti kertoi veljesten nuoruusvuosien kokemuksista ja lausui kirjoittamiaan runoja.<\/p>\n\n\n\n<p><\/p>\n\n\n\n<p><strong>Rukaj\u00e4rvell\u00e4 sanoitettua ja s\u00e4velletty\u00e4 musiikkia<\/strong><\/p>\n\n\n\n<p><strong>Arvo Kuikka \u2013 Arvot paikallaan, haastattelu v. 2013:<\/strong> (<a href=\"https:\/\/www.youtube.com\/watch?v=BlQoqKKSLZE\"><strong>T\u00c4\u00c4LT\u00c4<\/strong><\/a>):<\/p>\n\n\n\n<p>Arvo Kuikka toimi sota-aikana Rukaj\u00e4rven suunnan orkesterissa. Kuikka palveli sodan j\u00e4lkeen Puolustusvoimain ylikapellimerstarina. Haastattelu tehtiin h\u00e4nen kotonaan Lauttasaaressa 2013. &nbsp;Musiikki alkaa 9 minuutin kohdalta.<\/p>\n\n\n\n<p><strong>Rukaj\u00e4rven laulu \u2013 Sodanj\u00e4lkeinen kantaesitys 13.3.2014 Iisalmessa (<a href=\"https:\/\/www.youtube.com\/watch?v=-iCKR0SBry4\">T\u00c4\u00c4LT\u00c4<\/a>):<\/strong><\/p>\n\n\n\n<h1 class=\"wp-block-heading\">Marsalkka Mannerheim 13.3.2014 Iisalmen Rukaj\u00e4rvi-keskuksen avajaiset<\/h1>\n\n\n\n<p>Marsalkka Mannerheimia esitt\u00e4\u00e4 Kiuruvedelt\u00e4 kotoisin oleva Mikko Remes. Videolla on lis\u00e4ksi Rukaj\u00e4rven laulun jatkosodanj\u00e4lkeinen kantaesitys, jonka esitt\u00e4\u00e4 Taito Kainulainen ja h\u00e4nt\u00e4 s\u00e4est\u00e4\u00e4 Raimo Jokisalmi.<\/p>\n\n\n\n<p>Laulun sanat on arkistoitu E\/JR 52:n viimeisen sotap\u00e4iv\u00e4kirjan liitteeksi (25.8.1944-15.11.1944, arkistotunnus 12686, liitteet). Kirjoitus on kahtena kappaleena, mutta se on kirjoitettu eritt\u00e4in ohuelle paperille ja siksi ep\u00e4selv\u00e4. Laulun sanojen kirjoittajan nimi sek\u00e4 s\u00e4vel j\u00e4iv\u00e4t edell\u00e4 mainitusta syyst\u00e4 tunnistamatta.&nbsp; Ellei kysymys ole italialaisesta kansans\u00e4velm\u00e4st\u00e4 \u201dVieni Sul Mar\u201d, mik\u00e4 tarkoittaa Suomessakin tunnettua laulua \u201dTule merelle\u201d? Itse musiikki alkaa videon kohdalta 5 m 40 s:n kohdalta.<\/p>\n\n\n\n<p>Laulun sanat on kirjoitettu kirjoituskoneella ja siihen on tehty kahteen kohden k\u00e4sin korjaukset.<\/p>\n\n\n\n<p>(Arkistotekstist\u00e4 puhtaaksikirjoittanut Tenho Tikkanen 20.5.2006) Paavo Lehikoisen sanoituksen l\u00f6yd\u00e4t <strong><a href=\"http:\/\/www.rukajarvensuunnanhistoriayhdistys.fi\/historiayhdistys\/wp-content\/uploads\/2024\/02\/RUKAJARVENLAULU.pdf\">T\u00c4\u00c4LT\u00c4<\/a><\/strong>: <\/p>\n\n\n\n<p><strong>Papan perint\u00f6 \u2013 Emmi Mustosen sanoitus ja s\u00e4vellys. (<a href=\"https:\/\/www.youtube.com\/watch?v=2d_ZeKB6yQQ\">T\u00c4\u00c4LT\u00c4<\/a>):<\/strong><\/p>\n\n\n\n<p>Laulajat: Edith M\u00e4ki, Liina M\u00e4ki, Minnea Mustonen, Amanda Mustonen ja Leea M\u00e4ki Sanoitus &amp; s\u00e4vellys: Emmi Mustonen 2016 Sovitus &amp; tuotanto: Jari Nieminen 2020 Video: tmeuronenphotography Julkaisija &amp; tukija: Rukaj\u00e4rven suunnan historiayhdistys ry. Kappale kertoo Rukaj\u00e4rven suunnan veteraanin Tapio Laukkasen (II\/ JR52 5.-6.komppania) keskusteluista pojantytt\u00e4rens\u00e4 Emmin kanssa. Tapio (6.12.1922 &#8211; 16.6.2020) l\u00e4hti taivasmatkalle kes\u00e4kuussa 2020. Kappale on tehty alunperin Sotaveteraaniliiton Suomi100- juhlavuoden kunniaksi j\u00e4rjestettyyn nuorille suunnattuun s\u00e4vellyskilpailuun.<\/p>\n\n\n\n<p>Kirkkoherra Pekka Valkeap\u00e4\u00e4n puheeseen voitte tutustua <strong><a href=\"http:\/\/www.rukajarvensuunnanhistoriayhdistys.fi\/historiayhdistys\/wp-content\/uploads\/2024\/02\/Puhe-Hannes-Tuovisen-100-vuotta-kirkkoherra-Pekka-Valkeapaa.pdf\">T\u00c4\u00c4LT\u00c4<\/a><\/strong>:<\/p>\n\n\n\n<p>Puheenjohtaja Tenho Tikkasen juhlaesitelm\u00e4\u00e4n (23.2.2024 pidetty) voitte tutustua <strong><a href=\"http:\/\/www.rukajarvensuunnanhistoriayhdistys.fi\/historiayhdistys\/wp-content\/uploads\/2024\/02\/Hannes-Tuovinen-100-vuotta-23-2-2024-juhlaesitelma.pdf\">T\u00c4\u00c4LT\u00c4<\/a><\/strong>:<\/p>\n\n\n\n<p>Puheenjohtaja Tenho Tikkasen Hannes Tuovisen 100-vuotisjuhlan onnittelupuhe (24.2.2024 Vihdin seurakuntatalo) <strong><a href=\"http:\/\/www.rukajarvensuunnanhistoriayhdistys.fi\/historiayhdistys\/wp-content\/uploads\/2024\/02\/Tenho-Tikkasen-onnittelut-Hannes-Tuovisen-100-24-2-2024.pdf\">T\u00c4\u00c4LT\u00c4<\/a><\/strong>:<\/p>\n\n\n\n<figure class=\"wp-block-image size-large is-resized\"><a href=\"http:\/\/www.rukajarvensuunnanhistoriayhdistys.fi\/historiayhdistys\/wp-content\/uploads\/2024\/02\/IMG_20240224_153401-Hannes-Tuovinen-scaled.jpg\"><img decoding=\"async\" src=\"http:\/\/www.rukajarvensuunnanhistoriayhdistys.fi\/historiayhdistys\/wp-content\/uploads\/2024\/02\/IMG_20240224_153401-Hannes-Tuovinen-768x1024.jpg\" alt=\"\" class=\"wp-image-15356\" style=\"width:837px;height:auto\"\/><\/a><\/figure>\n\n\n\n<p>Rukaj\u00e4rven suunnan historiayhdistys luovutti veteraanille yhdistyksen standaadin. T\u00e4n\u00e4\u00e4n sunnuntaina 25.2.2024 veteraani on kuntoilemassa halkopinolla.<\/p>\n\n\n\n<figure class=\"wp-block-image size-large is-resized\"><a href=\"http:\/\/www.rukajarvensuunnanhistoriayhdistys.fi\/historiayhdistys\/wp-content\/uploads\/2024\/02\/IMG_20240225_125546-scaled.jpg\"><img decoding=\"async\" src=\"http:\/\/www.rukajarvensuunnanhistoriayhdistys.fi\/historiayhdistys\/wp-content\/uploads\/2024\/02\/IMG_20240225_125546-1024x768.jpg\" alt=\"\" class=\"wp-image-15366\" style=\"width:840px;height:auto\"\/><\/a><\/figure>\n\n\n\n<p>Kuvassa Rukaj\u00e4rven suunnan historiikkitoimikunnan standaari vasemmalla ja oikealla Rukaj\u00e4rven suunnan historiayhdistyksen standaari. Rukaj\u00e4rven suunnan historiikkitoimikunnan standaari luovutettiin kaikille niille 23:lle vuosina 1987-1993 veteraanien haastatteluty\u00f6h\u00f6n osallistuvalle j\u00e4senelle. Nykyisin Rukaj\u00e4rven suunnan historiikkitoimikuntaan kuuluu kirjailija Antti Tuurin lis\u00e4ksi professori Martti Soikkeli ja Tenho Tikkanen. <\/p>\n","protected":false},"excerpt":{"rendered":"<p>Hannes Tuovisen 100-vuotisjuhla kiinnosti ihmisi\u00e4. Vihdin kirkko ja seurakuntakoti oli tupaten t\u00e4ynn\u00e4 juhlavieraita. Moni olisi halunnut istua Hanneksen vieress\u00e4, mutta t\u00e4ll\u00e4 kertaa siihen ei tarjoutunut kaikille tilaisuutta. Veteraani k\u00e4tteli vieraansa <a class=\"more-link\" href=\"http:\/\/www.rukajarvensuunnanhistoriayhdistys.fi\/rukajarvikeskus\/ajankohtaista\/hannes-tuovisen-100-vuotisjuhlat-vihdin-kirkko-tayttyi-juhlavieraista\/\">Lue lis\u00e4\u00e4&#8230;<span class=\"screen-reader-text\">Hannes Tuovisen 100-vuotisjuhlat &#8211; Vihdin kirkko t\u00e4yttyi juhlavieraista<\/span><span class=\"meta-nav\">\u2192<\/span><\/a><\/p>\n","protected":false},"author":4,"featured_media":0,"comment_status":"closed","ping_status":"open","sticky":false,"template":"","format":"standard","meta":{"ngg_post_thumbnail":0,"_jetpack_newsletter_access":"","_jetpack_dont_email_post_to_subs":false,"_jetpack_newsletter_tier_id":0,"_jetpack_memberships_contains_paywalled_content":false,"_jetpack_memberships_contains_paid_content":false,"footnotes":""},"categories":[26,31,32,27],"tags":[],"class_list":["post-11504","post","type-post","status-publish","format-standard","hentry","category-ajankohtaista","category-esitelmat","category-historiayhdistys","category-juhlapuheet"],"jetpack_featured_media_url":"","jetpack_sharing_enabled":true,"jetpack_shortlink":"https:\/\/wp.me\/p72N2f-2Zy","_links":{"self":[{"href":"http:\/\/www.rukajarvensuunnanhistoriayhdistys.fi\/rukajarvikeskus\/wp-json\/wp\/v2\/posts\/11504","targetHints":{"allow":["GET"]}}],"collection":[{"href":"http:\/\/www.rukajarvensuunnanhistoriayhdistys.fi\/rukajarvikeskus\/wp-json\/wp\/v2\/posts"}],"about":[{"href":"http:\/\/www.rukajarvensuunnanhistoriayhdistys.fi\/rukajarvikeskus\/wp-json\/wp\/v2\/types\/post"}],"author":[{"embeddable":true,"href":"http:\/\/www.rukajarvensuunnanhistoriayhdistys.fi\/rukajarvikeskus\/wp-json\/wp\/v2\/users\/4"}],"replies":[{"embeddable":true,"href":"http:\/\/www.rukajarvensuunnanhistoriayhdistys.fi\/rukajarvikeskus\/wp-json\/wp\/v2\/comments?post=11504"}],"version-history":[{"count":7,"href":"http:\/\/www.rukajarvensuunnanhistoriayhdistys.fi\/rukajarvikeskus\/wp-json\/wp\/v2\/posts\/11504\/revisions"}],"predecessor-version":[{"id":11514,"href":"http:\/\/www.rukajarvensuunnanhistoriayhdistys.fi\/rukajarvikeskus\/wp-json\/wp\/v2\/posts\/11504\/revisions\/11514"}],"wp:attachment":[{"href":"http:\/\/www.rukajarvensuunnanhistoriayhdistys.fi\/rukajarvikeskus\/wp-json\/wp\/v2\/media?parent=11504"}],"wp:term":[{"taxonomy":"category","embeddable":true,"href":"http:\/\/www.rukajarvensuunnanhistoriayhdistys.fi\/rukajarvikeskus\/wp-json\/wp\/v2\/categories?post=11504"},{"taxonomy":"post_tag","embeddable":true,"href":"http:\/\/www.rukajarvensuunnanhistoriayhdistys.fi\/rukajarvikeskus\/wp-json\/wp\/v2\/tags?post=11504"}],"curies":[{"name":"wp","href":"https:\/\/api.w.org\/{rel}","templated":true}]}}