{"id":11629,"date":"2024-06-15T12:55:52","date_gmt":"2024-06-15T09:55:52","guid":{"rendered":"http:\/\/www.rukajarvensuunnanhistoriayhdistys.fi\/rukajarvikeskus\/?p=11629"},"modified":"2024-06-17T09:44:04","modified_gmt":"2024-06-17T06:44:04","slug":"lieksan-rautatieaseman-saneeraustyot-alkoivat-museoviraston-katselmuksella","status":"publish","type":"post","link":"http:\/\/www.rukajarvensuunnanhistoriayhdistys.fi\/rukajarvikeskus\/tapahtumat\/lieksan-rautatieaseman-saneeraustyot-alkoivat-museoviraston-katselmuksella\/","title":{"rendered":"Lieksan rautatieaseman saneerausty\u00f6t alkoivat Museoviraston katselmuksella"},"content":{"rendered":"<div class=\"fcbkbttn_buttons_block\" id=\"fcbkbttn_left\"><div class=\"fcbkbttn_like \"><fb:like href=\"http:\/\/www.rukajarvensuunnanhistoriayhdistys.fi\/rukajarvikeskus\/tapahtumat\/lieksan-rautatieaseman-saneeraustyot-alkoivat-museoviraston-katselmuksella\/\" action=\"like\" colorscheme=\"light\" layout=\"button_count\"  size=\"small\"><\/fb:like><\/div><\/div>\n<p id=\"block-bf5d72b6-c14a-4b05-a7a4-6bd71ffdb869\">Museovirasto suoritti katselmuksen Lieksan rautatieasemalla tiistaina 11.6.2024. Museoviraston edustajat amanuenssit Mikko Westman ja Teemu Kuivalainen ohjeistivat yhdistyksen edustajia tulevan aseman kunnostamisessa yhdess\u00e4 Lieksan rakennustarkastaja Jorma Sarkkisen kanssa. Ohjeita saatiin my\u00f6s Laura Mularilta, joka on juuri valittu Pielisen Museon johtajaksi.<\/p>\n\n\n\n<figure class=\"wp-block-image\" id=\"block-73a20506-b231-492c-9b48-29fd3f0470bf\"><a href=\"http:\/\/www.rukajarvensuunnanhistoriayhdistys.fi\/historiayhdistys\/wp-content\/uploads\/2024\/06\/A-IMG_20240611_154704-scaled.jpg\"><img decoding=\"async\" src=\"http:\/\/www.rukajarvensuunnanhistoriayhdistys.fi\/historiayhdistys\/wp-content\/uploads\/2024\/06\/A-IMG_20240611_154704-1024x768.jpg\" alt=\"T\u00e4m\u00e4n kuvan alt-attribuutti on tyhj\u00e4; Tiedoston nimi on A-IMG_20240611_154704-1024x768.jpg\"\/><\/a><\/figure>\n\n\n\n<p id=\"block-400159d1-b39c-437b-97af-998bddaa1476\"><em>Pielisen museon johtaja Laura Mulari ja Museoviraston edustajana katselmusta johti amanuenssi Mikko Westman<\/em>. <em>Kuva Pekka Tenhunen.<\/em><\/p>\n\n\n\n<figure class=\"wp-block-image\" id=\"block-8f94c1a9-392f-402b-9daa-fe7a9a1b9be6\"><a href=\"http:\/\/www.rukajarvensuunnanhistoriayhdistys.fi\/historiayhdistys\/wp-content\/uploads\/2024\/06\/A-IMG-20240611-WA0009.jpg\"><img decoding=\"async\" src=\"http:\/\/www.rukajarvensuunnanhistoriayhdistys.fi\/historiayhdistys\/wp-content\/uploads\/2024\/06\/A-IMG-20240611-WA0009-1024x576.jpg\" alt=\"T\u00e4m\u00e4n kuvan alt-attribuutti on tyhj\u00e4; Tiedoston nimi on A-IMG-20240611-WA0009-1024x576.jpg\"\/><\/a><\/figure>\n\n\n\n<p id=\"block-d488d81d-12f8-443d-a016-01d8a407ab74\"><em>Arvorakennuksen saneeraus vie rakennustarkastaja Jorma Sarkkisen katseen vakavoitumaan. Kuvassa vas. Tenho Tikkanen ottaa vastaan ohjeita Irma Nyk\u00e4nen, Mikko Westman, Laura Mulari, Teemu Kuivalainen ja Jorma Sarkkinen.<\/em> <em>Kuva Pekka Tenhunen.<\/em><\/p>\n\n\n\n<p id=\"block-1fd14c0e-4619-4493-8c08-ea33551bcb5c\">Museoviraston edustajat katsoivat hankinnan olevan erityisen merkitt\u00e4v\u00e4n kohteen, sit\u00e4 arvostetaan kaikissa ammattipiireiss\u00e4.<\/p>\n\n\n\n<p id=\"block-e41bfc01-d8d3-46f4-8714-251ddc2d0f1a\">Hanketta k\u00e4siteltiin tilaisuudessa laajemmaltikin. Selviteltiin Lieksan rautatieaseman historiatietoja sek\u00e4 tilan tulevaa k\u00e4ytt\u00f6\u00e4. Tutustuttiin tiloihin niin sis\u00e4lt\u00e4 kuin ulkoa. Rakennus on kooltaan n. 400 k-m2, josta t\u00e4ll\u00e4 hetkell\u00e4 on puolet vuokrattuna Lieksan Tukipiste ry:lle. Vuokrasuhde jatkuu entisell\u00e4\u00e4n. Uusiin tiloihin kaavaillaan rautatie- ja seutuliikenteen matkailijoille kahviota. Kahvio tulisi olemaan avoimena aina junien kulkuaikoina.<\/p>\n\n\n\n<figure class=\"wp-block-image\" id=\"block-cf361036-9712-4591-ac0e-1d18c2267221\"><a href=\"http:\/\/www.rukajarvensuunnanhistoriayhdistys.fi\/historiayhdistys\/wp-content\/uploads\/2024\/06\/A-IMG-20240611-WA0003.jpg\"><img decoding=\"async\" src=\"http:\/\/www.rukajarvensuunnanhistoriayhdistys.fi\/historiayhdistys\/wp-content\/uploads\/2024\/06\/A-IMG-20240611-WA0003-1024x576.jpg\" alt=\"T\u00e4m\u00e4n kuvan alt-attribuutti on tyhj\u00e4; Tiedoston nimi on A-IMG-20240611-WA0003-1024x576.jpg\"\/><\/a><\/figure>\n\n\n\n<p id=\"block-363dbd1b-eed8-4aef-9180-834aef0ba493\"><em>Kuvassa Jatta Kettunen, P\u00e4ivi Putkonen, Teemu Kuivalainen, Seppo R\u00e4ih\u00e4, Raimo Jokisalmi, Rauni Kivinen, Jorma Sarkkinen ja Irma Nyk\u00e4nen.<\/em> <em>Kuva Pekka Tenhunen.<\/em><\/p>\n\n\n\n<figure class=\"wp-block-image\" id=\"block-345b61cf-8a3e-4b7d-b7a4-d497f04212d7\"><a href=\"http:\/\/www.rukajarvensuunnanhistoriayhdistys.fi\/historiayhdistys\/wp-content\/uploads\/2024\/06\/A-IMG_20240611_141313-scaled.jpg\"><img decoding=\"async\" src=\"http:\/\/www.rukajarvensuunnanhistoriayhdistys.fi\/historiayhdistys\/wp-content\/uploads\/2024\/06\/A-IMG_20240611_141313-1024x768.jpg\" alt=\"T\u00e4m\u00e4n kuvan alt-attribuutti on tyhj\u00e4; Tiedoston nimi on A-IMG_20240611_141313-1024x768.jpg\"\/><\/a><\/figure>\n\n\n\n<p id=\"block-866d4145-10b1-4561-9785-5bac4fc8eb39\"><em>Katselmustilaisuuteen tuli Kuopiosta yll\u00e4tysvieraita Leena Jauhiainen (vas.) is\u00e4ns\u00e4 Erkin valokuvan kera ja kertoi ajatuksiaan uuden tilan kehtitt\u00e4miseksi. <em>Hyv\u00e4 esimerkki Lieksan matkailutarjonnasta, ensimm\u00e4ist\u00e4 kertaa Lieksassa ja kolme y\u00f6t\u00e4.<\/em> Kuvan muut henkil\u00f6t Reijo Paananen, Mikko Westman, Teuvo ja Jatta Kettunen, P\u00e4ivi Putkonen, Teemu Kuivalainen ja Seppo R\u00e4ih\u00e4.<\/em> <em>Kuva Pekka Tenhunen.<\/em><\/p>\n\n\n\n<p id=\"block-928709a2-1d20-415b-9b1c-7373689b90c1\">Tilaisuuteen osallistuivat yksityishenkil\u00f6in\u00e4, kuten Jatta ja Teuvo Kettunen sek\u00e4 Ritva Kilpel\u00e4inen ilmaisivat osallistumistaan. Puheenjohtaja Tenho Tikkanen kiitteli juuri Lieksan matkailuoppaissa toimivien em. henkil\u00f6itten idearikkautta ja asiantuntemusta. Juuri sit\u00e4 tullaan tarvitsemaan erityisesti siin\u00e4 vaiheessa, kun aseman n\u00e4yttelytiloja suunnitellaan. Ritva Kilpel\u00e4inen toivoi, ett\u00e4 asemalle sijoitettaisiin my\u00f6s Lieksan kaupungin matkailuinfopiste, koska paikka on hyvin keskeinen sijaintinsa puolesta. Yhdistyksen puolelta sille ei ole esteit\u00e4, vaan kaikessa tavoitellaan Lieksan parasta. Emme p\u00e4\u00e4llep\u00e4sm\u00e4r\u00f6i, vaan tarjoamme mahdollisuuksia, n\u00e4in puheenjohtaja t\u00e4hdensi yhdistyksens\u00e4 tavoitteita uusien tilojen k\u00e4yt\u00f6st\u00e4.<\/p>\n\n\n\n<p id=\"block-76a6716f-e65a-474c-87f6-296f46647277\">Asemarakennuksen kahvio tullaan avaamaan mahdollisimman pian ja n\u00e4yttelyt my\u00f6s heti kun tilat ovat vapautuneet entisen omistajan k\u00e4yt\u00f6st\u00e4.<\/p>\n\n\n\n<p id=\"block-c3711268-65db-441a-b83e-5dcef186938d\">Uudet tilat tuovat Lieksan kaupunkikuvaan muutoksen. Rakennus maalataan ja piha asfaltoidaan. Sis\u00e4tiloihin saadaan kahvion lis\u00e4ksi my\u00f6s n\u00e4yttelyit\u00e4. Yhdistyksen hallinnassa on maan laajin rintamataidekokoelma ja lis\u00e4ksi juuri Lieksan rautatieasemalla on syntynyt maailmankuulu \u201dH\u00e4vitt\u00e4j\u00e4-\u00c4ss\u00e4\u201d Ilmari Juutilainen, jonka muistomerkki on yhdistyksen entuudestaan omistamalla asemaravintolan tontilla.<\/p>\n\n\n\n<figure class=\"wp-block-image\" id=\"block-f23d6689-0b3d-4ad4-97c3-5c74955bbc3a\"><a href=\"http:\/\/www.rukajarvensuunnanhistoriayhdistys.fi\/historiayhdistys\/wp-content\/uploads\/2024\/06\/A-IMG-20240611-WA0005.jpg\"><img decoding=\"async\" src=\"http:\/\/www.rukajarvensuunnanhistoriayhdistys.fi\/historiayhdistys\/wp-content\/uploads\/2024\/06\/A-IMG-20240611-WA0005-1024x576.jpg\" alt=\"T\u00e4m\u00e4n kuvan alt-attribuutti on tyhj\u00e4; Tiedoston nimi on A-IMG-20240611-WA0005-1024x576.jpg\"\/><\/a><\/figure>\n\n\n\n<p id=\"block-3921d58b-4811-4fac-b659-0992d4f4f54f\"><em>Paikalla oli my\u00f6s Lieksan Lehden toimittaja Panu K\u00e4rkk\u00e4inen ja Lieksan Kehitys Oy:n erityisasiantuntija Mari Mustonen.<\/em> <em>Kuva Pekka Tenhunen.<\/em><\/p>\n\n\n\n<p id=\"block-155cd11e-75fe-4384-9f32-0ede3026a7a1\">Tilaisuuteen osallistui my\u00f6s Lieksan Kehitys Oy:st\u00e4 matkailun <strong>erityisasiantuntija Mari Mustonen<\/strong>, joka antoi kannustavaa palautetta tulevalle hankkeelle. Erityisesti Lieksaan on tulevana kes\u00e4n\u00e4 tulossa kansainv\u00e4lisi\u00e4 matkailijoita, joten siihen tulisi varautua my\u00f6s juuri kaikissa sotahistoriakohteissa. Puheenjohtaja Tikkanen tuntui kuiskaavan vieruskaverilleen, ett\u00e4 siin\u00e4p\u00e4 on tulisieluinen ihminen oikealla paikalla.<\/p>\n\n\n\n<figure class=\"wp-block-image\" id=\"block-db980b55-533e-4e4e-a962-b3001d01eea5\"><a href=\"http:\/\/www.rukajarvensuunnanhistoriayhdistys.fi\/historiayhdistys\/wp-content\/uploads\/2024\/06\/IMG-20240611-WA0006.jpg\"><img decoding=\"async\" src=\"http:\/\/www.rukajarvensuunnanhistoriayhdistys.fi\/historiayhdistys\/wp-content\/uploads\/2024\/06\/IMG-20240611-WA0006-1024x576.jpg\" alt=\"T\u00e4m\u00e4n kuvan alt-attribuutti on tyhj\u00e4; Tiedoston nimi on IMG-20240611-WA0006-1024x576.jpg\"\/><\/a><\/figure>\n\n\n\n<p id=\"block-294834df-c5b8-4fe2-bd55-976d7e2efe86\"><em>Raimo Jokisalmi, Rauni Kivinen, Tapani Laaksomien, Jorma Sarkkinen, Tenho Tikkanen ja Irma Nyk\u00e4nen, selin Seppo R\u00e4ih\u00e4.<\/em> <em>Kuva Pekka Tenhunen.<\/em><\/p>\n\n\n\n<p id=\"block-40a57ad8-32be-44c5-a27a-486f351090b8\">Tilaisuudessa kuultiin my\u00f6s Lieksan Tukipiste ry:n puheenjohtaja Irma Nyk\u00e4sen ja Rauni Kivisen kannustavat puheenvuorot tulevan toiminnan kehitt\u00e4misest\u00e4.<\/p>\n\n\n\n<p id=\"block-98338a49-504a-4f32-bea2-06021cc6f33f\">Rukaj\u00e4rven suunnan historiayhdistyksest\u00e4 tilaisuudessa olivat paikalla puheenjohtaja Tikkanen ja Seppo R\u00e4ih\u00e4 sek\u00e4 hallituksen j\u00e4senist\u00e4 Raimo Jokisalmi ja Pekka Tenhunen.<\/p>\n\n\n\n<p id=\"block-5a6aa86c-890e-4aae-b27b-b31a98724d22\">Tilaisuuteen osallistui my\u00f6s Nurmeksesta museojunayritt\u00e4j\u00e4 Tapani Laaksomies, jolta kuultiin yksityiskohtaista tietoa h\u00e4nen yrityksens\u00e4 tulevan kes\u00e4n toiminnasta. Tilaisuuteen osallistuvat ihastelivat kuulemaansa siit\u00e4, ett\u00e4 juna liikkuu sittenkin Lieksan suunnalla.<\/p>\n\n\n\n<p id=\"block-41793345-1ac0-459a-9946-67f3b5720d35\">Keskustelun p\u00e4\u00e4tteeksi kuultiin, ett\u00e4 Rautatieasema tullaan vihkim\u00e4\u00e4n Rukaj\u00e4rven suunnan sotahistoriaty\u00f6n k\u00e4ytt\u00f6\u00f6n 5.9.2024 kansalaisjuhlassa, silloin tulee kuluneeksi 80 vuotta Jatkosodan p\u00e4\u00e4ttymisest\u00e4. H\u00f6yryveturiyritt\u00e4j\u00e4 Tapani Laaksomies p\u00e4\u00e4t\u00f6spuheessaan vahvisti, ett\u00e4 juhlavierailla on juhlap\u00e4iv\u00e4n\u00e4 mahdollisuus p\u00e4\u00e4st\u00e4 sodanajan tunnelmiin ja saada h\u00f6yryjuna kyyti Nurmeksesta Lieksaan.<\/p>\n\n\n\n<p id=\"block-5519e2da-a6d1-4814-b55b-f6ef316d62a7\">Juhlaan on tulossa muutamia veteraaneja, he iloitsivat kuultuaan mahdollisuudesta ajella h\u00f6yryjunalla perinteiseen tapaan.<\/p>\n\n\n\n<p id=\"block-3de6c343-3b2d-4b73-a115-df617b99b32e\">Tilaisuudessa kuultiin, ett\u00e4 Rukaj\u00e4rvi-keskuksen vieraat halusivat kuulla 4.-5.9.2014 juhlajunamatkan esittelyn. TV2:n rauhanjuna dokumentin voi jokainen katsoa linkin takaa <strong><a href=\"https:\/\/areena.yle.fi\/1-2380168\">T\u00c4\u00c4LT\u00c4<\/a><\/strong> \u2013 \u201dOnnistunut kansanjuhla s\u00e4\u00e4kin suosi\u201d, juhlaan osallistui yhteens\u00e4 per\u00e4ti 3.500 henke\u00e4. Dokumentti on kuvaus edellisest\u00e4 Lieksan juhlasta, joka j\u00e4rjestettiin, kun Jatkosodan p\u00e4\u00e4ttymisest\u00e4 oli kulunut 70 vuotta.<\/p>\n\n\n\n<p id=\"block-7c480e3d-1de8-4418-9e61-b3d7cbe74e49\">Tilaisuuteen oli kutsuttu Museoviraston edustajien toivomuksesta my\u00f6s Lieksan kaupungin ja Maakuntaliiton edustajat, mutta he olivat estyneit\u00e4 saapumaan paikalle, koska he osallistuivat samaan aikaan Kolilla Maatalousministeri\u00f6n j\u00e4rjest\u00e4m\u00e4\u00e4n koko It\u00e4-Suomen matkailua k\u00e4sittelev\u00e4\u00e4n \u201dSaaristoseminaariin\u201d.<\/p>\n\n\n\n<p id=\"block-051f11c7-a245-436c-ab25-89bd2e857952\">Tilaisuudessa Rukaj\u00e4rven suunnan historiayhdistyksen puheenjohtaja kiitti tilaisuuteen osallistujia aktiivisesta keskustelusta ja hyvist\u00e4 ohjeista, mitk\u00e4 tulevat olemaan meille arvokkaan kiinteist\u00f6n kunnostajille &#8221;Jumalan sanan asemassa&#8221;. Kiitos niist\u00e4. Lis\u00e4ksi puheenjohtaja pyysi, ettei kukaan unohtaisi yhdistyst\u00e4. Me emme tule selviytym\u00e4\u00e4n yksin, vaan vetoamme n\u00e4iden maakuntien v\u00e4est\u00f6\u00f6n kansanliikkeen muodostamiseksi hankkeen tueksi.<\/p>\n\n\n\n<figure class=\"wp-block-image is-resized\" id=\"block-08a79f30-7fbf-4c32-ac77-a0d38b1a03ea\"><a href=\"http:\/\/www.rukajarvensuunnanhistoriayhdistys.fi\/historiayhdistys\/wp-content\/uploads\/2024\/06\/IMG_20240611_180229-Lieksan-rautatieasema-scaled.jpg\"><img decoding=\"async\" src=\"http:\/\/www.rukajarvensuunnanhistoriayhdistys.fi\/historiayhdistys\/wp-content\/uploads\/2024\/06\/IMG_20240611_180229-Lieksan-rautatieasema-1024x768.jpg\" alt=\"T\u00e4m\u00e4n kuvan alt-attribuutti on tyhj\u00e4; Tiedoston nimi on IMG_20240611_180229-Lieksan-rautatieasema-1024x768.jpg\" style=\"width:705px;height:auto\"\/><\/a><\/figure>\n\n\n\n<figure class=\"wp-block-image\" id=\"block-0962a3a2-e3cb-48e7-b481-b97aad6d1764\"><a href=\"http:\/\/www.rukajarvensuunnanhistoriayhdistys.fi\/historiayhdistys\/wp-content\/uploads\/2024\/06\/IMG_20240611_144403-scaled.jpg\"><img decoding=\"async\" src=\"http:\/\/www.rukajarvensuunnanhistoriayhdistys.fi\/historiayhdistys\/wp-content\/uploads\/2024\/06\/IMG_20240611_144403-1024x768.jpg\" alt=\"T\u00e4m\u00e4n kuvan alt-attribuutti on tyhj\u00e4; Tiedoston nimi on IMG_20240611_144403-1024x768.jpg\"\/><\/a><\/figure>\n\n\n\n<p id=\"block-e1f54127-1906-4f54-a552-63be89c77351\"><em>Nurmeksesta kotoisin oleva h\u00f6yryjunayritt\u00e4j\u00e4 Tapani Laaksomies lupasi johdattaa 5.9.2024 Lieksan rautatieaseman vihki\u00e4isiin ja kansanjuhlaan veteraanien lis\u00e4ksi suuren m\u00e4\u00e4r\u00e4n juhlavieraita, aivan kuten kymmenen vuotta aikaisemmin 5.9.2014 pidettyyn juhlaaan.<\/em><\/p>\n\n\n\n<figure class=\"wp-block-image\" id=\"block-141cc070-393a-4740-9762-9d7ee617a8ad\"><a href=\"http:\/\/www.rukajarvensuunnanhistoriayhdistys.fi\/historiayhdistys\/wp-content\/uploads\/2024\/03\/Dia2.jpg\"><img decoding=\"async\" src=\"http:\/\/www.rukajarvensuunnanhistoriayhdistys.fi\/historiayhdistys\/wp-content\/uploads\/2024\/03\/Dia2-1024x576.jpg\" alt=\"T\u00e4m\u00e4n kuvan alt-attribuutti on tyhj\u00e4; Tiedoston nimi on Dia2-1024x576.jpg\"\/><\/a><\/figure>\n\n\n\n<p id=\"block-28b263f3-0e48-4077-ace5-780819b5aed8\"><em>Lieksassa matkailija viihtyy, t\u00e4\u00e4ll\u00e4 on paljon muutakin n\u00e4ht\u00e4v\u00e4\u00e4 kuin mit\u00e4 olemme Rukaj\u00e4rvi-keskukseen koonneet.<\/em><\/p>\n","protected":false},"excerpt":{"rendered":"<p>Museovirasto suoritti katselmuksen Lieksan rautatieasemalla tiistaina 11.6.2024. Museoviraston edustajat amanuenssit Mikko Westman ja Teemu Kuivalainen ohjeistivat yhdistyksen edustajia tulevan aseman kunnostamisessa yhdess\u00e4 Lieksan rakennustarkastaja Jorma Sarkkisen kanssa. Ohjeita saatiin my\u00f6s <a class=\"more-link\" href=\"http:\/\/www.rukajarvensuunnanhistoriayhdistys.fi\/rukajarvikeskus\/tapahtumat\/lieksan-rautatieaseman-saneeraustyot-alkoivat-museoviraston-katselmuksella\/\">Lue lis\u00e4\u00e4&#8230;<span class=\"screen-reader-text\">Lieksan rautatieaseman saneerausty\u00f6t alkoivat Museoviraston katselmuksella<\/span><span class=\"meta-nav\">\u2192<\/span><\/a><\/p>\n","protected":false},"author":4,"featured_media":0,"comment_status":"closed","ping_status":"open","sticky":false,"template":"","format":"standard","meta":{"ngg_post_thumbnail":0,"_jetpack_newsletter_access":"","_jetpack_dont_email_post_to_subs":false,"_jetpack_newsletter_tier_id":0,"_jetpack_memberships_contains_paywalled_content":false,"_jetpack_memberships_contains_paid_content":false,"footnotes":""},"categories":[26,32,15],"tags":[],"class_list":["post-11629","post","type-post","status-publish","format-standard","hentry","category-ajankohtaista","category-historiayhdistys","category-tapahtumat"],"jetpack_featured_media_url":"","jetpack_sharing_enabled":true,"jetpack_shortlink":"https:\/\/wp.me\/p72N2f-31z","_links":{"self":[{"href":"http:\/\/www.rukajarvensuunnanhistoriayhdistys.fi\/rukajarvikeskus\/wp-json\/wp\/v2\/posts\/11629","targetHints":{"allow":["GET"]}}],"collection":[{"href":"http:\/\/www.rukajarvensuunnanhistoriayhdistys.fi\/rukajarvikeskus\/wp-json\/wp\/v2\/posts"}],"about":[{"href":"http:\/\/www.rukajarvensuunnanhistoriayhdistys.fi\/rukajarvikeskus\/wp-json\/wp\/v2\/types\/post"}],"author":[{"embeddable":true,"href":"http:\/\/www.rukajarvensuunnanhistoriayhdistys.fi\/rukajarvikeskus\/wp-json\/wp\/v2\/users\/4"}],"replies":[{"embeddable":true,"href":"http:\/\/www.rukajarvensuunnanhistoriayhdistys.fi\/rukajarvikeskus\/wp-json\/wp\/v2\/comments?post=11629"}],"version-history":[{"count":8,"href":"http:\/\/www.rukajarvensuunnanhistoriayhdistys.fi\/rukajarvikeskus\/wp-json\/wp\/v2\/posts\/11629\/revisions"}],"predecessor-version":[{"id":11647,"href":"http:\/\/www.rukajarvensuunnanhistoriayhdistys.fi\/rukajarvikeskus\/wp-json\/wp\/v2\/posts\/11629\/revisions\/11647"}],"wp:attachment":[{"href":"http:\/\/www.rukajarvensuunnanhistoriayhdistys.fi\/rukajarvikeskus\/wp-json\/wp\/v2\/media?parent=11629"}],"wp:term":[{"taxonomy":"category","embeddable":true,"href":"http:\/\/www.rukajarvensuunnanhistoriayhdistys.fi\/rukajarvikeskus\/wp-json\/wp\/v2\/categories?post=11629"},{"taxonomy":"post_tag","embeddable":true,"href":"http:\/\/www.rukajarvensuunnanhistoriayhdistys.fi\/rukajarvikeskus\/wp-json\/wp\/v2\/tags?post=11629"}],"curies":[{"name":"wp","href":"https:\/\/api.w.org\/{rel}","templated":true}]}}