{"id":11697,"date":"2024-07-08T22:57:17","date_gmt":"2024-07-08T19:57:17","guid":{"rendered":"http:\/\/www.rukajarvensuunnanhistoriayhdistys.fi\/rukajarvikeskus\/?p=11697"},"modified":"2024-07-24T01:27:38","modified_gmt":"2024-07-23T22:27:38","slug":"rukajarvi-keskuksen-opastus-kiuruveden-kesatapahtumien-aikana","status":"publish","type":"post","link":"http:\/\/www.rukajarvensuunnanhistoriayhdistys.fi\/rukajarvikeskus\/tapahtumat\/rukajarvi-keskuksen-opastus-kiuruveden-kesatapahtumien-aikana\/","title":{"rendered":"Rukaj\u00e4rvi-keskuksen opastus &#8211; Kiuruveden kes\u00e4tapahtumien aikana"},"content":{"rendered":"<div class=\"fcbkbttn_buttons_block\" id=\"fcbkbttn_left\"><div class=\"fcbkbttn_like \"><fb:like href=\"http:\/\/www.rukajarvensuunnanhistoriayhdistys.fi\/rukajarvikeskus\/tapahtumat\/rukajarvi-keskuksen-opastus-kiuruveden-kesatapahtumien-aikana\/\" action=\"like\" colorscheme=\"light\" layout=\"button_count\"  size=\"small\"><\/fb:like><\/div><\/div>\n<p><strong>Rukaj\u00e4rvi-keskuksen opastus &#8211; Kiuruveden kes\u00e4tapahtumien aikana<\/strong><\/p>\n\n\n\n<figure class=\"wp-block-image size-full\"><a href=\"http:\/\/www.rukajarvensuunnanhistoriayhdistys.fi\/rukajarvikeskus\/wp-content\/uploads\/2024\/07\/Rukajarven-risti-logo.jpg\"><img loading=\"lazy\" decoding=\"async\" width=\"775\" height=\"360\" src=\"http:\/\/www.rukajarvensuunnanhistoriayhdistys.fi\/rukajarvikeskus\/wp-content\/uploads\/2024\/07\/Rukajarven-risti-logo.jpg\" alt=\"\" class=\"wp-image-11701\" srcset=\"http:\/\/www.rukajarvensuunnanhistoriayhdistys.fi\/rukajarvikeskus\/wp-content\/uploads\/2024\/07\/Rukajarven-risti-logo.jpg 775w, http:\/\/www.rukajarvensuunnanhistoriayhdistys.fi\/rukajarvikeskus\/wp-content\/uploads\/2024\/07\/Rukajarven-risti-logo-300x139.jpg 300w, http:\/\/www.rukajarvensuunnanhistoriayhdistys.fi\/rukajarvikeskus\/wp-content\/uploads\/2024\/07\/Rukajarven-risti-logo-768x357.jpg 768w\" sizes=\"auto, (max-width: 775px) 100vw, 775px\" \/><\/a><\/figure>\n\n\n\n<p><strong>Karavaanip\u00e4iv\u00e4t Kiuruvedell\u00e4 9. \u2013 11.7.2024<\/strong> &#8211; <a href=\"https:\/\/nordicrally.fi\/\"><strong>lis\u00e4tietoa<\/strong><\/a>:<\/p>\n\n\n\n<figure class=\"wp-block-image size-large\"><a href=\"http:\/\/www.rukajarvensuunnanhistoriayhdistys.fi\/historiayhdistys\/wp-content\/uploads\/2024\/07\/Karavaanipaivat-Kiuruvedella-2024.jpg\"><img decoding=\"async\" src=\"http:\/\/www.rukajarvensuunnanhistoriayhdistys.fi\/historiayhdistys\/wp-content\/uploads\/2024\/07\/Karavaanipaivat-Kiuruvedella-2024-1024x515.jpg\" alt=\"\" class=\"wp-image-15671\"\/><\/a><\/figure>\n\n\n\n<p><strong>Iskelm\u00e4viikot Kiuruvedell\u00e4 15. \u2013 21.7.2024<\/strong> &#8211; <strong><a href=\"https:\/\/www.iskelmaviikko.fi\/\">lis\u00e4tietoa<\/a><\/strong>:<\/p>\n\n\n\n<figure class=\"wp-block-image size-full\"><a href=\"http:\/\/www.rukajarvensuunnanhistoriayhdistys.fi\/historiayhdistys\/wp-content\/uploads\/2024\/07\/Ikelmaviikon-logo-teksti-2024-1.jpg\"><img decoding=\"async\" src=\"http:\/\/www.rukajarvensuunnanhistoriayhdistys.fi\/historiayhdistys\/wp-content\/uploads\/2024\/07\/Ikelmaviikon-logo-teksti-2024-1.jpg\" alt=\"\" class=\"wp-image-15672\"\/><\/a><\/figure>\n\n\n\n<p>Opastus tapahtumiin osallistujille sis\u00e4ltyy lipun hintaan. Oppaita on rajoitettu m\u00e4\u00e4r\u00e4, joten emme voi varmuudella taata opastusta kaikkina aikoina. Oppaina hallituksen j\u00e4senet.<\/p>\n\n\n\n<p>Opastuksen voi tilata puh. 040-5408045, varaukset hyviss\u00e4 ajoin, mieluiten edellisen\u00e4 p\u00e4iv\u00e4n\u00e4.<\/p>\n\n\n\n<p>Muista my\u00f6s Rukaj\u00e4rven rintamataiden\u00e4yttely esill\u00e4 Kiuruveden kulttuurikeskuksessa Kiuruveden kes\u00e4tapahtumien ajan \u2013 ei p\u00e4\u00e4symaksua. T\u00e4m\u00e4 on maan laajin rintamataiden\u00e4yttely.<\/p>\n\n\n\n<p><a href=\"https:\/\/www.kiuruvesi.fi\/Suomeksi\/Palvelut\/Kulttuuritoimi-ja-kirjasto\/Kiuruveden-kulttuuritalo\"><strong>Kiuruveden kulttuuritalo<\/strong><\/a>, osoite L\u00e4hteentie 10, 74700 Kiuruvesi<\/p>\n\n\n\n<p>Kulttuuritalon aukioloajat: ma \u2013 ke 8 \u2013 18, to \u2013 pe 8 \u2013 16, lauantaina ja sunnuntaina suljettu.<\/p>\n\n\n\n<p><strong>Tervetuloa &#8211; Luomu-Suomen p\u00e4\u00e4kaupunkiin ja samalla voi tutustua sotahistoriaan!<\/strong><\/p>\n","protected":false},"excerpt":{"rendered":"<p>Rukaj\u00e4rvi-keskuksen opastus &#8211; Kiuruveden kes\u00e4tapahtumien aikana Karavaanip\u00e4iv\u00e4t Kiuruvedell\u00e4 9. \u2013 11.7.2024 &#8211; lis\u00e4tietoa: Iskelm\u00e4viikot Kiuruvedell\u00e4 15. \u2013 21.7.2024 &#8211; lis\u00e4tietoa: Opastus tapahtumiin osallistujille sis\u00e4ltyy lipun hintaan. Oppaita on rajoitettu m\u00e4\u00e4r\u00e4, <a class=\"more-link\" href=\"http:\/\/www.rukajarvensuunnanhistoriayhdistys.fi\/rukajarvikeskus\/tapahtumat\/rukajarvi-keskuksen-opastus-kiuruveden-kesatapahtumien-aikana\/\">Lue lis\u00e4\u00e4&#8230;<span class=\"screen-reader-text\">Rukaj\u00e4rvi-keskuksen opastus &#8211; Kiuruveden kes\u00e4tapahtumien aikana<\/span><span class=\"meta-nav\">\u2192<\/span><\/a><\/p>\n","protected":false},"author":4,"featured_media":0,"comment_status":"closed","ping_status":"open","sticky":false,"template":"","format":"standard","meta":{"ngg_post_thumbnail":0,"_jetpack_newsletter_access":"","_jetpack_dont_email_post_to_subs":false,"_jetpack_newsletter_tier_id":0,"_jetpack_memberships_contains_paywalled_content":false,"_jetpack_memberships_contains_paid_content":false,"footnotes":""},"categories":[26,32,15],"tags":[],"class_list":["post-11697","post","type-post","status-publish","format-standard","hentry","category-ajankohtaista","category-historiayhdistys","category-tapahtumat"],"jetpack_featured_media_url":"","jetpack_sharing_enabled":true,"jetpack_shortlink":"https:\/\/wp.me\/p72N2f-32F","_links":{"self":[{"href":"http:\/\/www.rukajarvensuunnanhistoriayhdistys.fi\/rukajarvikeskus\/wp-json\/wp\/v2\/posts\/11697","targetHints":{"allow":["GET"]}}],"collection":[{"href":"http:\/\/www.rukajarvensuunnanhistoriayhdistys.fi\/rukajarvikeskus\/wp-json\/wp\/v2\/posts"}],"about":[{"href":"http:\/\/www.rukajarvensuunnanhistoriayhdistys.fi\/rukajarvikeskus\/wp-json\/wp\/v2\/types\/post"}],"author":[{"embeddable":true,"href":"http:\/\/www.rukajarvensuunnanhistoriayhdistys.fi\/rukajarvikeskus\/wp-json\/wp\/v2\/users\/4"}],"replies":[{"embeddable":true,"href":"http:\/\/www.rukajarvensuunnanhistoriayhdistys.fi\/rukajarvikeskus\/wp-json\/wp\/v2\/comments?post=11697"}],"version-history":[{"count":4,"href":"http:\/\/www.rukajarvensuunnanhistoriayhdistys.fi\/rukajarvikeskus\/wp-json\/wp\/v2\/posts\/11697\/revisions"}],"predecessor-version":[{"id":11703,"href":"http:\/\/www.rukajarvensuunnanhistoriayhdistys.fi\/rukajarvikeskus\/wp-json\/wp\/v2\/posts\/11697\/revisions\/11703"}],"wp:attachment":[{"href":"http:\/\/www.rukajarvensuunnanhistoriayhdistys.fi\/rukajarvikeskus\/wp-json\/wp\/v2\/media?parent=11697"}],"wp:term":[{"taxonomy":"category","embeddable":true,"href":"http:\/\/www.rukajarvensuunnanhistoriayhdistys.fi\/rukajarvikeskus\/wp-json\/wp\/v2\/categories?post=11697"},{"taxonomy":"post_tag","embeddable":true,"href":"http:\/\/www.rukajarvensuunnanhistoriayhdistys.fi\/rukajarvikeskus\/wp-json\/wp\/v2\/tags?post=11697"}],"curies":[{"name":"wp","href":"https:\/\/api.w.org\/{rel}","templated":true}]}}