{"id":11705,"date":"2024-07-12T11:37:17","date_gmt":"2024-07-12T08:37:17","guid":{"rendered":"http:\/\/www.rukajarvensuunnanhistoriayhdistys.fi\/rukajarvikeskus\/?p=11705"},"modified":"2024-07-12T16:12:45","modified_gmt":"2024-07-12T13:12:45","slug":"rukajarvi-keskus-avattiin-tanaan-kainuuseen-raatteentiella","status":"publish","type":"post","link":"http:\/\/www.rukajarvensuunnanhistoriayhdistys.fi\/rukajarvikeskus\/tapahtumat\/rukajarvi-keskus-avattiin-tanaan-kainuuseen-raatteentiella\/","title":{"rendered":"Rukaj\u00e4rvi-keskus avattiin t\u00e4n\u00e4\u00e4n Kainuuseen Raatteentiell\u00e4"},"content":{"rendered":"<div class=\"fcbkbttn_buttons_block\" id=\"fcbkbttn_left\"><div class=\"fcbkbttn_like \"><fb:like href=\"http:\/\/www.rukajarvensuunnanhistoriayhdistys.fi\/rukajarvikeskus\/tapahtumat\/rukajarvi-keskus-avattiin-tanaan-kainuuseen-raatteentiella\/\" action=\"like\" colorscheme=\"light\" layout=\"button_count\"  size=\"small\"><\/fb:like><\/div><\/div>\n<p>Kainuussa Raatteentiell\u00e4 avattiin t\u00e4n\u00e4\u00e4n 12.7.2024 Rukaj\u00e4rvi-keskus, mink\u00e4 avulla yhdistys toivoo onnistuvan entist\u00e4kin paremmin sotahistoriaty\u00f6ss\u00e4\u00e4n. <\/p>\n\n\n\n<figure class=\"wp-block-image size-large is-resized\"><a href=\"http:\/\/www.rukajarvensuunnanhistoriayhdistys.fi\/historiayhdistys\/wp-content\/uploads\/2024\/07\/A-Ossi-Laine-12-7-2024.jpg\"><img decoding=\"async\" src=\"http:\/\/www.rukajarvensuunnanhistoriayhdistys.fi\/historiayhdistys\/wp-content\/uploads\/2024\/07\/A-Ossi-Laine-12-7-2024-768x1024.jpg\" alt=\"\" class=\"wp-image-15684\" style=\"width:836px;height:auto\"\/><\/a><\/figure>\n\n\n\n<p><em>Keskuksen avasi Kainuun reservil\u00e4ispiirin puheenjohtaja Ossi Laine<\/em>.<\/p>\n\n\n\n<p><strong>Ossi Laineen avajaispuhe.<\/strong><\/p>\n\n\n\n<p>Hyv\u00e4t naiset ja herrat, arvoisat vieraat. Toivotan teid\u00e4t tervetulleeksi Rukaj\u00e4rvi-keskuksen Raatteentien uuden pysyv\u00e4n valokuvan\u00e4yttelyn avajaisiin!<\/p>\n\n\n\n<p>T\u00e4ll\u00e4 n\u00e4yttelyll\u00e4 haluamme kunnioittaa ja muistaa edelt\u00e4vi\u00e4 sukupolvia, niit\u00e4 rohkeita miehi\u00e4 ja naisia, jotka taistelivat ja eliv\u00e4t l\u00e4pi monet sodan koettelemukset Rukaj\u00e4rven suunnalla.<\/p>\n\n\n\n<p>N\u00e4m\u00e4 naiset ja miehet oli koottu t\u00e4\u00e4lt\u00e4 Kainuusta, Yl\u00e4-Savosta ja Pielisen-Karjalasta. Kenraali Raappanan johdolla he k\u00e4viv\u00e4t todellista er\u00e4maasotaa jatkosodan vuosina noin Sveitsin kokoisella alueella rajan takana Kuhmon ja Lieksan korkeudella. Nuo vuodet j\u00e4ttiv\u00e4t l\u00e4htem\u00e4tt\u00f6m\u00e4t j\u00e4ljet jokaiseen heist\u00e4.<\/p>\n\n\n\n<p>N\u00e4yttelyyn on pyritty kokoamaan Rukaj\u00e4rven suunnan taisteluihin osallistuneitten Kainuusta kotoisin olevien sotilaiden ja lottien valokuvia ja kertomuksia. Monet t\u00e4\u00e4ll\u00e4 esill\u00e4 olevista miehist\u00e4 taistelivat jo talvisodassa Suomussalmella ja t\u00e4\u00e4ll\u00e4 Raatteentiell\u00e4.<\/p>\n\n\n\n<p>N\u00e4m\u00e4 Sota-ajan valokuvat vie meid\u00e4t ajassa taaksep\u00e4in, hetkiin, jotka olivat merkityksellisi\u00e4 niin yksil\u00f6ille kuin my\u00f6s koko kansakunnalle. N\u00e4m\u00e4 kuvat ovat osa maamme historiaa, ne muistuttavat meit\u00e4 niist\u00e4 kokemuksista ja uhrauksista, joihin sodan ajan sukupolvi joutui. Monet veteraanit vaikenivat sodan j\u00e4lkeen kokemuksistaan. Kesken\u00e4\u00e4n he kyll\u00e4 puhuivat tapahtumista, mutta seuraavat sukupolvet eiv\u00e4t niist\u00e4 v\u00e4ltt\u00e4m\u00e4tt\u00e4 tienneet paljonkaan. Syit\u00e4 oli monia, suurvallan varjossa el\u00e4nyt kansakunta halusi pitk\u00e4\u00e4n vaieta sotiemme veteraaneista. Vasta 1980-luvulla yhteiskunnassa veteraanien arvostus nousi sille kuuluvalle tasolle.<\/p>\n\n\n\n<p>N\u00e4m\u00e4 valokuvat ovat muutakin, kuin kuvia sota-ajalta. Niiden taustalla on tarinoita ihmisist\u00e4, perheist\u00e4 ja aseveljeydest\u00e4. Ne kertovat rohkeudesta ja sitkeydest\u00e4, selviytymisest\u00e4 ja toivosta vaikeuksien keskell\u00e4. Jokainen valokuva heijastaa omalta osaltaan sodan vaikutuksia. N\u00e4yttelyn tarkoituksena on her\u00e4tt\u00e4\u00e4 ajatuksia ja syvemp\u00e4\u00e4 ymm\u00e4rryst\u00e4 sodan ajasta ja sen vaikutuksista yhteiskuntaan. &nbsp;<\/p>\n\n\n\n<p>Sodalla oli monia ulottuvuuksia. N\u00e4iden kuvien kautta voimme n\u00e4hd\u00e4, mit\u00e4 kaikkea taisteluiden lis\u00e4ksi sis\u00e4ltyi rintamajoukkojen el\u00e4m\u00e4\u00e4n. Joukkojen mielialaa kohottivat viihdytysjoukot, kotiseutuvierailut ja urheilu. Esimerkiksi olympiatason hiiht\u00e4j\u00e4, paltamolaissyntyinen Frans Heikkinen toimi divisioonan urheilu-upseerina ja opasti halukkaita hiihtotekniikassa. Hiihdon lis\u00e4ksi harrastettiin mm. yleisurheilua, painia, nyrkkeily\u00e4 sek\u00e4 uintia.<\/p>\n\n\n\n<p>Kaikki eiv\u00e4t palanneet kotiin sodasta. Monessa kainuulaisessa kodissa oli sodan j\u00e4lkeen tyhj\u00e4 paikka. Kentille j\u00e4i monen puoliso, is\u00e4 tai veli. Rukaj\u00e4rvell\u00e4 kaatui 2750 sotilasta, joista lottia oli 8. Kokonaistappiot olivat noin 7200 sotilasta.<\/p>\n\n\n\n<p>Toivon, ett\u00e4 t\u00e4m\u00e4 n\u00e4yttely tarjoaa n\u00e4yttelyvieraille uusia n\u00e4k\u00f6kulmia ja laajempaa ymm\u00e4rryst\u00e4 Rukaj\u00e4rven suunnan taisteluista ja sen vaikutuksista.<\/p>\n\n\n\n<p>Meid\u00e4n teht\u00e4v\u00e4mme on muistaa ja kunnioittaa sodan ajan sukupolvea, mutta my\u00f6s samalla oppia menneisyydest\u00e4, jotta voidaan rakentaa parempaa tulevaisuutta.<\/p>\n\n\n\n<p>Antakoon t\u00e4m\u00e4 valokuvan\u00e4yttely meille kaikille mahdollisuuden hetken pys\u00e4hty\u00e4 ja pohtia sen \u00e4\u00e4rell\u00e4, mit\u00e4 rauha ja vapaus meille merkitsev\u00e4t.<\/p>\n\n\n\n<p>Julistan Rukaj\u00e4rven suunnan sotavalokuvan\u00e4yttelyn virallisesti avatuksi. Kiitos.<\/p>\n\n\n\n<p><strong>Ossi Laine<\/strong> &#8211; Kainuun Reservil\u00e4ispiirin puheenjohtaja ja Rukaj\u00e4rven suunnan historiayhdistyksen hallituksen j\u00e4sen.<\/p>\n\n\n\n<figure class=\"wp-block-image size-large is-resized\"><a href=\"http:\/\/www.rukajarvensuunnanhistoriayhdistys.fi\/historiayhdistys\/wp-content\/uploads\/2024\/07\/A-Aaro-Mikkonen-12-7-2024.jpg\"><img decoding=\"async\" src=\"http:\/\/www.rukajarvensuunnanhistoriayhdistys.fi\/historiayhdistys\/wp-content\/uploads\/2024\/07\/A-Aaro-Mikkonen-12-7-2024-768x1024.jpg\" alt=\"\" class=\"wp-image-15685\" style=\"width:838px;height:auto\"\/><\/a><\/figure>\n\n\n\n<p><em>Tilaisuudessa puhui my\u00f6s Raatteentien kiinteist\u00f6n omistaja Aaro Mikkonen. Tilaisuuden juonsi taustalla seisova RSHYry:n vpj. Seppo R\u00e4ih\u00e4<em>, joka my\u00f6s esitteli n\u00e4yttelyn<\/em>.<\/em><\/p>\n\n\n\n<figure class=\"wp-block-image size-large is-resized\"><a href=\"http:\/\/www.rukajarvensuunnanhistoriayhdistys.fi\/historiayhdistys\/wp-content\/uploads\/2024\/07\/A-Matti-Kemppainen-12-7-2024.jpg\"><img decoding=\"async\" src=\"http:\/\/www.rukajarvensuunnanhistoriayhdistys.fi\/historiayhdistys\/wp-content\/uploads\/2024\/07\/A-Matti-Kemppainen-12-7-2024-768x1024.jpg\" alt=\"\" class=\"wp-image-15686\" style=\"width:840px;height:auto\"\/><\/a><\/figure>\n\n\n\n<p><em>RSHYry:n hallituksen j\u00e4sen Matti Kemppainen kertoi mm. &#8221;Pallon taistelusta&#8221; kes\u00e4lt\u00e4 1943.<\/em><\/p>\n\n\n\n<figure class=\"wp-block-image size-full is-resized\"><a href=\"http:\/\/www.rukajarvensuunnanhistoriayhdistys.fi\/historiayhdistys\/wp-content\/uploads\/2024\/07\/B-Raatteentie-nayttelyn-juliste-7-2024.jpg\"><img decoding=\"async\" src=\"http:\/\/www.rukajarvensuunnanhistoriayhdistys.fi\/historiayhdistys\/wp-content\/uploads\/2024\/07\/B-Raatteentie-nayttelyn-juliste-7-2024.jpg\" alt=\"\" class=\"wp-image-15681\" style=\"width:839px;height:auto\"\/><\/a><\/figure>\n\n\n\n<figure class=\"wp-block-image size-large is-resized\"><a href=\"http:\/\/www.rukajarvensuunnanhistoriayhdistys.fi\/historiayhdistys\/wp-content\/uploads\/2024\/07\/A-Avajaiset-Raatteentie-12-7-2024-2.jpg\"><img decoding=\"async\" src=\"http:\/\/www.rukajarvensuunnanhistoriayhdistys.fi\/historiayhdistys\/wp-content\/uploads\/2024\/07\/A-Avajaiset-Raatteentie-12-7-2024-2-768x1024.jpg\" alt=\"\" class=\"wp-image-15687\" style=\"width:839px;height:auto\"\/><\/a><\/figure>\n\n\n\n<p><em>Raatteentien n\u00e4yttely on sijoitettu Rajavartiolaitoksen entisiin rivitalohuoneistoon<\/em> (3h+k).<\/p>\n\n\n\n<p><strong>Rukaj\u00e4rven suunnan historiayhdistyksen muut kohteet<\/strong><\/p>\n\n\n\n<figure class=\"wp-block-image size-large is-resized\"><a href=\"http:\/\/www.rukajarvensuunnanhistoriayhdistys.fi\/historiayhdistys\/wp-content\/uploads\/2024\/07\/Rukajarvi-keskukset-ja-nayttelyt-kartta.jpg\"><img decoding=\"async\" src=\"http:\/\/www.rukajarvensuunnanhistoriayhdistys.fi\/historiayhdistys\/wp-content\/uploads\/2024\/07\/Rukajarvi-keskukset-ja-nayttelyt-kartta-1024x648.jpg\" alt=\"\" class=\"wp-image-15680\" style=\"width:840px;height:auto\"\/><\/a><\/figure>\n\n\n\n<p>Rukaj\u00e4rven suunnan historiayhdistys perustettiin 19.9.2009 Marskin Majalla. Ensimm\u00e4iseen toimintasuunnitelmaansa 2009 \u2013 2010 yhdistys kirjasi tavoitteekseen perustaa Rukaj\u00e4rvi-keskuksen \u201dkeskeisille paikkakunnille, mist\u00e4 Rukaj\u00e4rven joukkoja koottiin. Keskuksen avulla yll\u00e4pidett\u00e4isiin sek\u00e4 paikallisesti ett\u00e4 koko maan kattavaa Rukaj\u00e4rvi-tietoutta.\u201d<\/p>\n\n\n\n<p>Ensimm\u00e4isess\u00e4 toimintasuunnitelmassa oli my\u00f6s muita keskeisi\u00e4 tavoitteita kuten: \u201dYhdistyksen pidemm\u00e4n t\u00e4ht\u00e4imen toiminta-ajatuksena on Rukaj\u00e4rven suunnan joukkojen historiallinen perinne- ja taistelupaikkojen sek\u00e4 sotateiden ja tukialueiden monipuolinen tunnetuksi tekeminen\u201d.<\/p>\n\n\n\n<p>Nyt kun Rukaj\u00e4rvi-keskus on avattu my\u00f6s Kainuuseen yhdistyksen perustavassa kokouksessa asetetut tavoitteet ovat kirjaimellisesti toteutuneet.<\/p>\n\n\n\n<p>Rukaj\u00e4rvi-keskusten perustaminen on osoittautunut k\u00e4yt\u00e4nn\u00f6ss\u00e4 eritt\u00e4in kauaskantoiseksi ratkaisuksi. Veteraanien poismeno ei n\u00e4yt\u00e4 muodostuvan esteeksi sotahistoria-aineiston ker\u00e4ysty\u00f6ss\u00e4, vaan aineistoa toimitetaan keskuksiin, kun sellainen paikka on kerran tiedossa.<\/p>\n\n\n\n<p>N\u00e4yttelyyn on koottu p\u00e4\u00e4osin Rukaj\u00e4rven suunnan taisteluihin osallistuneitten Kainuun maakunnasta kotoisin olevien sotilaiden ja lottien valokuvia ja taistelukertomuksia. N\u00e4yttelyyn on koottu my\u00f6s tuoreimmat kainuulaisten sotilaiden sodanaikaista toiminnasta kertovat kirjat.<\/p>\n\n\n\n<p>Avajaistilaisuuden juontajana toimi yhdistyksemme varapuheenjohtaja Seppo R\u00e4ih\u00e4, joka esitteli n\u00e4yttelyn. Kohteen avajaisiin osallistui my\u00f6s Matti Kemppainen Hyrynsalmelta, joka on Rukaj\u00e4rven suunnan historiayhdistyksen hallituksen j\u00e4sen.<\/p>\n\n\n\n<p>Raatteentien p\u00e4\u00e4ss\u00e4 os. Raatteentie 183 toimii nykyisin jo ennest\u00e4\u00e4n Suomussalmen kunnan yll\u00e4pit\u00e4m\u00e4 Raatteentien rajavartiomuseo ja sodanajan kotiseutu n\u00e4yttely.<\/p>\n\n\n\n<p>Raatteentie on yksi niist\u00e4 nelj\u00e4st\u00e4 autenttisesta kohteesta maassamme, Suomen nykyisen rajan sis\u00e4ll\u00e4 miss\u00e4 k\u00e4ytiin taisteluja Toisen maailmansodan aikana, Kuhmon, Lieksan ja Ilomantsin lis\u00e4ksi. Raatteentie on ainut Talvisodan auktorisoitu sotatie ja Rukaj\u00e4rven tie on puolestaan ainut auktorisoitu Jatkosodan taistelutie maassamme.<\/p>\n\n\n\n<p>Lieksan rintamaa Talvisodassa johti kenraali E.J. Raappana ja Lieksan rintama oli ainut rintama maassamme mink\u00e4 alueella ei ollut Talvisodan lopulla vihollisen joukkoja vanhan rajan sis\u00e4ll\u00e4. Jo heti joulun j\u00e4lkeen 1939 E.J. Raappana siirtyi Kainuuseen johtamaan taisteluita Kuhmossa. N\u00e4in ollen Raatteentiell\u00e4 ja Rukaj\u00e4rven tiell\u00e4 on monta yhtym\u00e4kohtaa maamme historian kulkuun.<\/p>\n\n\n\n<p><strong>Rukaj\u00e4rven suunnan historiayhdistyksen sotahistoriaty\u00f6st\u00e4<\/strong><\/p>\n\n\n\n<p>Raatteentien n\u00e4yttely\u00e4 varten oli laadittu n\u00e4yttelyesite, miss\u00e4 kerrotaan yhdistyksen ty\u00f6n tuloksista seuraavasti:<\/p>\n\n\n\n<p><em>\u201dJuuri yhdistyksen talkooty\u00f6n tuloksena perustamisen j\u00e4lkeen on saatu kootuksi maan mittavin sotahistoria-aineisto, julkaistu yli 20 sotahistoriateosta, ker\u00e4tty aineisto on valtava yli 30.000 valokuvaa, on tehty satoja veteraanihaastatteluja videolle. Lis\u00e4ksi:<\/em><\/p>\n\n\n\n<ul class=\"wp-block-list\">\n<li><em>Rukaj\u00e4rven tie nimettiin 2.7.2011 Jukolan Motissa, mik\u00e4 piti sis\u00e4ll\u00e4\u00e4n 14 opasteen pystytt\u00e4misen Rukaj\u00e4rven tien varteen, Kumossa opasteita on Rajakankaan kivell\u00e4, Hukkaj\u00e4rvell\u00e4, Vartiuksessa ja Miinoan kivell\u00e4, mist\u00e4 Suomen joukot ylittiv\u00e4t rajan 2. \u2013 3.7.1941 v\u00e4lisen\u00e4 y\u00f6n\u00e4 ensimm\u00e4isen\u00e4 Suomen joukko-osastona, johtajanaan kapteeni Jussi Kekkonen.<\/em><\/li>\n\n\n\n<li><em>Ensimm\u00e4inen Rukaj\u00e4rvi-keskus vihittiin k\u00e4ytt\u00f6\u00f6n Lieksassa 1.7.2013, Iisalmen Rukaj\u00e4rvi-keskus vihittiin 13.3.2014, se siirtyi 21.3.2021 Kiuruvedelle ja Kainuuseen Rukaj\u00e4rvi-keskus tuli Raatteentien n\u00e4yttelyn kera ja avajaiset 12.7.2024<\/em><\/li>\n\n\n\n<li><em>Rukaj\u00e4rven tien kohteista merkitt\u00e4vimm\u00e4t Jukolan Motti -pirtti avattiin 30.11.2014, \u00c4n\u00e4k\u00e4isen salpaetuasemaa kunnostettiin kelopuuj\u00e4ljitelm\u00e4 betonielementein 27.5.2017.<\/em><\/li>\n\n\n\n<li><em>Lieksan rautatieaseman asemamakasiini hankittiin omistukseen 2016 kev\u00e4\u00e4ll\u00e4 samalla ostettiin entinen asemaravintolan tontti perustuksineen. Tontilla on \u201dH\u00e4vitt\u00e4j\u00e4 \u00c4ss\u00e4\u201d <strong>Ilmari Juutilaisen<\/strong> muistomerkki. Juutilainen on tosin syntynyt Lieksan rautatieasemalla, mik\u00e4 kiinteist\u00f6 hankittiin <strong>E.J. Raappanan 131 syntym\u00e4p\u00e4iv\u00e4n\u00e4 2.6.2024<\/strong>. Nyt yhdistys omistaa Lieksan rautatieasemalla hehtaarin tontin lis\u00e4ksi 788 m<sup>2<\/sup>:n n\u00e4yttelytilat. Kiuruvedell\u00e4 n\u00e4yttelyn pinta-ala on n. 200 m<sup>2<\/sup> ja nyt Raatteentiell\u00e4 rivitalokolmio n. 80 m<sup>2<\/sup>, eli yhteens\u00e4 k\u00e4yt\u00f6ss\u00e4 on yli 1.000 m<sup>2<\/sup> n\u00e4yttelytilaa.\u201d<\/em><\/li>\n<\/ul>\n\n\n\n<p>Lieksan rautatieasema on tarkoitus avata siihen k\u00e4ytt\u00f6\u00f6n mihin se v. 1909 rakennettiin. Rakennus maalataan ja piha-alue asfaltoidaan. Rautatieasemalle avataan kahvio, ik\u00e4 toimii matkailijoitten odotustilana. Asemarakennukseen tulee lis\u00e4\u00e4 n\u00e4yttelytiloja ja se mahdollistaa my\u00f6s Rukaj\u00e4rvi-keskuksen k\u00e4yt\u00f6n vuodenajoista riippumatta.<\/p>\n\n\n\n<p>Rukaj\u00e4rven suunnan historiayhdistyksen s\u00e4\u00e4nt\u00f6jen mukaisen toiminnan lis\u00e4ksi yhdistys toivoo, ett\u00e4 valtavaa aineistoa voitaisiin hy\u00f6dynt\u00e4\u00e4 my\u00f6s taloudellisesti koko It\u00e4-Suomen ja my\u00f6s maan kansantalouden hyv\u00e4ksi. Yhdistyksest\u00e4 kerrotaan, ett\u00e4 It\u00e4-Suomessa on tehty valmiiksi matkailualan investointeja, mutta ne toimivat nykyisell\u00e4\u00e4n varsin alhaisella katteella, joten n\u00e4ill\u00e4 hankkeilla mit\u00e4 yhdistys on tehnyt, tavoitellaan lis\u00e4\u00e4ntyv\u00e4\u00e4 kotimaanmatkailua ja siten voitaisiin helpottaa maan kansantaloutta.<\/p>\n\n\n\n<p>Yhdistys kokoa kansanliikett\u00e4 hankkeen tueksi mill\u00e4 It\u00e4-Suomen taloutta kohennettaisiin my\u00f6s t\u00e4m\u00e4n sotahistoriaty\u00f6n avulla.<\/p>\n\n\n\n<p>Lieksan Rautatieasema vihit\u00e4\u00e4n k\u00e4ytt\u00f6\u00f6n 5.9.2024, jolloin tulee kuluneeksi 80 vuotta aselevosta eli siit\u00e4, kun aseet vaikenivat rintamalla. Tarkempi ohjelma julkaistaan my\u00f6hemmin.<\/p>\n","protected":false},"excerpt":{"rendered":"<p>Kainuussa Raatteentiell\u00e4 avattiin t\u00e4n\u00e4\u00e4n 12.7.2024 Rukaj\u00e4rvi-keskus, mink\u00e4 avulla yhdistys toivoo onnistuvan entist\u00e4kin paremmin sotahistoriaty\u00f6ss\u00e4\u00e4n. Keskuksen avasi Kainuun reservil\u00e4ispiirin puheenjohtaja Ossi Laine. Ossi Laineen avajaispuhe. Hyv\u00e4t naiset ja herrat, arvoisat vieraat. <a class=\"more-link\" href=\"http:\/\/www.rukajarvensuunnanhistoriayhdistys.fi\/rukajarvikeskus\/tapahtumat\/rukajarvi-keskus-avattiin-tanaan-kainuuseen-raatteentiella\/\">Lue lis\u00e4\u00e4&#8230;<span class=\"screen-reader-text\">Rukaj\u00e4rvi-keskus avattiin t\u00e4n\u00e4\u00e4n Kainuuseen Raatteentiell\u00e4<\/span><span class=\"meta-nav\">\u2192<\/span><\/a><\/p>\n","protected":false},"author":4,"featured_media":0,"comment_status":"closed","ping_status":"open","sticky":false,"template":"","format":"standard","meta":{"ngg_post_thumbnail":0,"_jetpack_newsletter_access":"","_jetpack_dont_email_post_to_subs":false,"_jetpack_newsletter_tier_id":0,"_jetpack_memberships_contains_paywalled_content":false,"_jetpack_memberships_contains_paid_content":false,"footnotes":""},"categories":[26,32,15],"tags":[],"class_list":["post-11705","post","type-post","status-publish","format-standard","hentry","category-ajankohtaista","category-historiayhdistys","category-tapahtumat"],"jetpack_featured_media_url":"","jetpack_sharing_enabled":true,"jetpack_shortlink":"https:\/\/wp.me\/p72N2f-32N","_links":{"self":[{"href":"http:\/\/www.rukajarvensuunnanhistoriayhdistys.fi\/rukajarvikeskus\/wp-json\/wp\/v2\/posts\/11705","targetHints":{"allow":["GET"]}}],"collection":[{"href":"http:\/\/www.rukajarvensuunnanhistoriayhdistys.fi\/rukajarvikeskus\/wp-json\/wp\/v2\/posts"}],"about":[{"href":"http:\/\/www.rukajarvensuunnanhistoriayhdistys.fi\/rukajarvikeskus\/wp-json\/wp\/v2\/types\/post"}],"author":[{"embeddable":true,"href":"http:\/\/www.rukajarvensuunnanhistoriayhdistys.fi\/rukajarvikeskus\/wp-json\/wp\/v2\/users\/4"}],"replies":[{"embeddable":true,"href":"http:\/\/www.rukajarvensuunnanhistoriayhdistys.fi\/rukajarvikeskus\/wp-json\/wp\/v2\/comments?post=11705"}],"version-history":[{"count":3,"href":"http:\/\/www.rukajarvensuunnanhistoriayhdistys.fi\/rukajarvikeskus\/wp-json\/wp\/v2\/posts\/11705\/revisions"}],"predecessor-version":[{"id":11709,"href":"http:\/\/www.rukajarvensuunnanhistoriayhdistys.fi\/rukajarvikeskus\/wp-json\/wp\/v2\/posts\/11705\/revisions\/11709"}],"wp:attachment":[{"href":"http:\/\/www.rukajarvensuunnanhistoriayhdistys.fi\/rukajarvikeskus\/wp-json\/wp\/v2\/media?parent=11705"}],"wp:term":[{"taxonomy":"category","embeddable":true,"href":"http:\/\/www.rukajarvensuunnanhistoriayhdistys.fi\/rukajarvikeskus\/wp-json\/wp\/v2\/categories?post=11705"},{"taxonomy":"post_tag","embeddable":true,"href":"http:\/\/www.rukajarvensuunnanhistoriayhdistys.fi\/rukajarvikeskus\/wp-json\/wp\/v2\/tags?post=11705"}],"curies":[{"name":"wp","href":"https:\/\/api.w.org\/{rel}","templated":true}]}}