{"id":11719,"date":"2014-09-05T15:37:00","date_gmt":"2014-09-05T12:37:00","guid":{"rendered":"http:\/\/www.rukajarvensuunnanhistoriayhdistys.fi\/rukajarvikeskus\/?p=11719"},"modified":"2024-07-24T15:40:55","modified_gmt":"2024-07-24T12:40:55","slug":"onnistunut-kansanjuhla-saakin-suosi","status":"publish","type":"post","link":"http:\/\/www.rukajarvensuunnanhistoriayhdistys.fi\/rukajarvikeskus\/tapahtumat\/onnistunut-kansanjuhla-saakin-suosi\/","title":{"rendered":"Onnistunut Kansanjuhla &#8211; s\u00e4\u00e4kin suosi"},"content":{"rendered":"<div class=\"fcbkbttn_buttons_block\" id=\"fcbkbttn_left\"><div class=\"fcbkbttn_like \"><fb:like href=\"http:\/\/www.rukajarvensuunnanhistoriayhdistys.fi\/rukajarvikeskus\/tapahtumat\/onnistunut-kansanjuhla-saakin-suosi\/\" action=\"like\" colorscheme=\"light\" layout=\"button_count\"  size=\"small\"><\/fb:like><\/div><\/div>\n<p>Lieksan Kansanjuhlaan 70 vuotta Jatkosodan p\u00e4\u00e4ttymisest\u00e4 oli saapunut lopulta l\u00e4hes&nbsp;900 juhlavierasta. Kiinnostus Juhlajunaa kohtaan&nbsp;osoittautui yll\u00e4tt\u00e4v\u00e4nkin suureksi ja koko Kansalaisjuhlan reitill\u00e4 j\u00e4rjestettyihin tilaisuuksiin osallistui n. 3.500 henkil\u00f6\u00e4.<\/p>\n\n\n\n<figure class=\"wp-block-image alignnone\"><a href=\"http:\/\/www.rukajarvensuunnanhistoriayhdistys.fi\/historiayhdistys\/wp-content\/uploads\/2014\/09\/Lieksa-5-9-2014-veteraanit-3.jpg\"><img decoding=\"async\" src=\"http:\/\/www.rukajarvensuunnanhistoriayhdistys.fi\/historiayhdistys\/wp-content\/uploads\/2014\/09\/Lieksa-5-9-2014-veteraanit-3.jpg\" alt=\"Lieksan kansalaisjuhlassa veteraanit ja lotat istuivat kirkkosalin oikealla puolen. Eturiviss\u00e4 kolmikko, jotka osallistuivat Jatkosodassa Suomen ja Neuvostoarmeijan v\u00e4lill\u00e4 k\u00e4ytyyn viimeiseksi j\u00e4\u00e4neeseen taisteluun 16.8.1944. Vasemmalta lukien Olavi Tiittanen (92 v.), Tauno Tikkanen (98 v. h\u00e4n oli juhlan vanhin osallistuja) sek\u00e4 Maunu Kankaanp\u00e4\u00e4 (93 v.)\" class=\"wp-image-966\"\/><\/a><figcaption class=\"wp-element-caption\">Lieksan kansalaisjuhlassa veteraanit ja lotat istuivat kirkkosalin oikealla puolen. Eturiviss\u00e4 kolmikko, joka osallistui Jatkosodassa Suomen ja Neuvostoarmeijan v\u00e4lill\u00e4 k\u00e4ytyyn viimeiseksi j\u00e4\u00e4neeseen taisteluun 16.8.1944. Vasemmalta lukien Olavi Tiittanen (92 v.), Tauno Tikkanen (98 v. h\u00e4n oli juhlan vanhin osallistuja) sek\u00e4 Maunu Kankaanp\u00e4\u00e4 (93 v.). Kuva Antero Huttunen.<\/figcaption><\/figure>\n\n\n\n<figure class=\"wp-block-image alignnone\"><a href=\"http:\/\/www.rukajarvensuunnanhistoriayhdistys.fi\/historiayhdistys\/wp-content\/uploads\/2014\/09\/Lieksa-5-9-2014-Puhemies-2.jpg\"><img decoding=\"async\" src=\"http:\/\/www.rukajarvensuunnanhistoriayhdistys.fi\/historiayhdistys\/wp-content\/uploads\/2014\/09\/Lieksa-5-9-2014-Puhemies-2.jpg\" alt=\"Kansalaisjuhlassa juhlapuheen piti Eduskunnan puhemies Eero Hein\u00e4luoma.\" class=\"wp-image-949\"\/><\/a><figcaption class=\"wp-element-caption\">Kansalaisjuhlassa juhlapuheen piti Eduskunnan puhemies Eero Hein\u00e4luoma. Kuva Antero Huttunen.<\/figcaption><\/figure>\n\n\n\n<figure class=\"wp-block-image alignnone\"><a href=\"http:\/\/www.rukajarvensuunnanhistoriayhdistys.fi\/historiayhdistys\/wp-content\/uploads\/2014\/09\/Lieksa-5-9-2014-2.jpg\"><img decoding=\"async\" src=\"http:\/\/www.rukajarvensuunnanhistoriayhdistys.fi\/historiayhdistys\/wp-content\/uploads\/2014\/09\/Lieksa-5-9-2014-2.jpg\" alt=\"Lieksan asemalle oli kokoontunut useita satoja ihmisi\u00e4 ottamaan vastaan Kiuruvedelt\u00e4 saapuvan juhlajunan.\" class=\"wp-image-945\"\/><\/a><figcaption class=\"wp-element-caption\">Lieksan asemalle oli kokoontunut useita satoja ihmisi\u00e4 ottamaan vastaan Kiuruvedelt\u00e4 saapuvan juhlajunan. Kuva Antero Huttunen.<\/figcaption><\/figure>\n\n\n\n<figure class=\"wp-block-image alignnone\"><a href=\"http:\/\/www.rukajarvensuunnanhistoriayhdistys.fi\/historiayhdistys\/wp-content\/uploads\/2014\/09\/Lipunnosto-Lieksa-5-9-2014-2.jpg\"><img decoding=\"async\" src=\"http:\/\/www.rukajarvensuunnanhistoriayhdistys.fi\/historiayhdistys\/wp-content\/uploads\/2014\/09\/Lipunnosto-Lieksa-5-9-2014-2.jpg\" alt=\"Rukaj\u00e4rven lippu nousi Lieksan asemamakasiinin lippusalkoon heti kun Juhlavieraat saapuivat. Lippu laskeutui klo 17.30 juhlajunan l\u00e4hdetty\u00e4 juhlaan osallistuneen vanhimman veteraanin Tauno Tikkasen vilkuttaessa hyv\u00e4stit viimeisen vaunun viimeisest\u00e4 ikkunasta.\" class=\"wp-image-1026\"\/><\/a><figcaption class=\"wp-element-caption\">Rukaj\u00e4rven lippu nousi Lieksan asemamakasiinin lippusalkoon heti kun Juhlavieraat saapuivat. Lippu laskeutui klo 17.30 juhlajunan l\u00e4hdetty\u00e4 juhlaan osallistuneen vanhimman veteraanin Tauno Tikkasen vilkuttaessa hyv\u00e4stit viimeisen vaunun viimeisest\u00e4 ikkunasta. Lipunnostossa Ari Komulainen ja Risto Kiiskinen. Kuva Mauri M\u00f6nkk\u00f6nen.<\/figcaption><\/figure>\n\n\n\n<figure class=\"wp-block-image alignnone\"><a href=\"http:\/\/www.rukajarvensuunnanhistoriayhdistys.fi\/historiayhdistys\/wp-content\/uploads\/2014\/09\/Lieksa-5-9-2014-Asema-2.jpg\"><img decoding=\"async\" src=\"http:\/\/www.rukajarvensuunnanhistoriayhdistys.fi\/historiayhdistys\/wp-content\/uploads\/2014\/09\/Lieksa-5-9-2014-Asema-2.jpg\" alt=\"Tiedotusv\u00e4lineitten edustajat tallensivat Lieksan tervetuliaisjuhlan. Kuvassa TV&quot;:n toimittaja Jari Hakkarainen.\" class=\"wp-image-946\"\/><\/a><figcaption class=\"wp-element-caption\">Tiedotusv\u00e4lineitten edustajat tallensivat Lieksan tervetuliaisjuhlan. Kuvassa TV&#8221;:n toimittaja Jari Hakkarainen. Kuva Antero Huttunen.<\/figcaption><\/figure>\n\n\n\n<figure class=\"wp-block-image alignnone\"><a href=\"http:\/\/www.rukajarvensuunnanhistoriayhdistys.fi\/historiayhdistys\/wp-content\/uploads\/2014\/09\/Lieksa-5-9-2014-Ilmapallot-2.jpg\"><img decoding=\"async\" src=\"http:\/\/www.rukajarvensuunnanhistoriayhdistys.fi\/historiayhdistys\/wp-content\/uploads\/2014\/09\/Lieksa-5-9-2014-Ilmapallot-2.jpg\" alt=\"Lieksalaiset ottivat juhlajunan vastaan. Lapset l\u00e4hettiv\u00e4t 70 ilmapalloa rauhanviestin\u00e4 koko maailmalle.\" class=\"wp-image-947\"\/><\/a><figcaption class=\"wp-element-caption\">Lieksalaiset ottivat juhlajunan vastaan. Lapset l\u00e4hettiv\u00e4t 70 ilmapalloa rauhanviestin\u00e4 koko maailmalle. Veteraanien saapuessa Lieksaan kohosi Rukaj\u00e4rven lippu Asemamakasiinin lipputankoon.<\/figcaption><\/figure>\n\n\n\n<figure class=\"wp-block-image alignnone\"><a href=\"http:\/\/www.rukajarvensuunnanhistoriayhdistys.fi\/historiayhdistys\/wp-content\/uploads\/2014\/09\/Lieksa-5-9-2014-veteraanit-2.jpg\"><img decoding=\"async\" src=\"http:\/\/www.rukajarvensuunnanhistoriayhdistys.fi\/historiayhdistys\/wp-content\/uploads\/2014\/09\/Lieksa-5-9-2014-veteraanit-2.jpg\" alt=\"Veteraanit asettuivat seuraamaan Lieksan aseman tervetuliaisjuhlaa. Keskell\u00e4 kenraalimajuri Ermei Kanninen. H\u00e4nen vierell\u00e4\u00e4n Kiuruveden lotat sek\u00e4 Jatkosodan viimeiseksi j\u00e4\u00e4neeseen taisteluun Suomen ja Neuvostoarmeijan v\u00e4lill\u00e4 osallistuneet veteraanit Tauno Tikkanen Tikkanen (98 v. oli samalla juhlan vanhin osallistuja), Maunu Kankaanp\u00e4\u00e4 ja Olavi Tiittanen. \" class=\"wp-image-953\"\/><\/a><figcaption class=\"wp-element-caption\">Veteraanit asettuivat seuraamaan Lieksan aseman tervetuliaisjuhlaa. Keskell\u00e4 kenraalimajuri Ermei Kanninen. H\u00e4nen vierell\u00e4\u00e4n Kiuruveden lotat sek\u00e4 Jatkosodan viimeiseksi j\u00e4\u00e4neeseen taisteluun Suomen ja Neuvostoarmeijan v\u00e4lill\u00e4 osallistuneet veteraanit Tauno Tikkanen (98 v. oli samalla juhlan vanhin osallistuja), Maunu Kankaanp\u00e4\u00e4 ja Olavi Tiittanen. Kuva Antero Huttunen.<\/figcaption><\/figure>\n\n\n\n<p>Me onnistuimme siin\u00e4, ett\u00e4 saatoimme v\u00e4litt\u00e4\u00e4&nbsp; Kansanjuhlan rauhanviesti\u00e4 juhlajunan pys\u00e4htyess\u00e4 eri paikkakunnilla tuhansille ihmisille. Uskomme, ett\u00e4 suuret ihmisjoukot Kiuruveden ja Lieksan v\u00e4lill\u00e4 olivat selvill\u00e4 siit\u00e4, ett\u00e4 jotain ainutlaatuista ja unohtumatonta oli tapahtumassa. Tieto aselevosta oli kantautunut kaikkiin koteihin.<\/p>\n\n\n\n<p>Tilanteiden muutoksien vuoksi oikean tiedon v\u00e4litt\u00e4minen oli ongelmallista, t\u00e4rkein teht\u00e4v\u00e4mme&nbsp; oli koko ajan&nbsp;vaikeuksista huolimatta, varmistaa matkan toteutuminen.<\/p>\n\n\n\n<p>Olen jossain yhteydess\u00e4 lausunut, ett\u00e4 Rautatieammattilaiset hoitivat t\u00e4m\u00e4nkin asian mallikkaasti, jotta Koko Kansanjuhla&#8221; saattoi toteutua suunnitellun mukaisena kokonaisuutena. Aikataulu muuttui luoden aitoa sodanaikaista tunnelmaa.<\/p>\n\n\n\n<p>Pahoittelemme sit\u00e4, ett\u00e4 ihmiset joutuivat odottelemaan asemilla. Tiedotusv\u00e4lineille, jotka v\u00e4littiv\u00e4t oikeaa tietoa junan etenemisest\u00e4,&nbsp; esit\u00e4mme kiitoksemme.<\/p>\n\n\n\n<p>Kiit\u00e4n junan matkustajia, ymm\u00e4rt\u00e4v\u00e4isest\u00e4 suhtautumisesta ja l\u00e4mminhenkisen tunnelman luomisesta juhlajunaan. Kiit\u00e4n muusikoita, jotka j\u00e4rjestiv\u00e4t konsertteja koko juhlajunan matkan ajan. Kiit\u00e4n kaikkia kaupunkeja eri paikkakunnilla vaikuttavien tervetuliaisjuhlien j\u00e4rjest\u00e4misest\u00e4. Erikseen kiit\u00e4n Nurmeksen kaupunginjohtoa, joka Asko Saatsin johdolla jaksoi uskoa asiaan ja oli viel\u00e4 y\u00f6ll\u00e4 j\u00e4rjest\u00e4m\u00e4ss\u00e4 hienoa tilaisuutta.&nbsp;Samaten kiit\u00e4n taidolla ohjanneita juhlajunan omistajaa Tapani Laaksomiest\u00e4 sek\u00e4 juhlajunan p\u00e4\u00e4llikk\u00f6n\u00e4 toiminutta rajakapteeni sotahistorioitsija Tauno Oksasta, joka raskaan matkan j\u00e4lkeen jaksoi rauhoitella muita toteamalla: &#8221;- Pommituksia ei ole sattunut, mutta kaikkea muuta j\u00e4yn\u00e4\u00e4, vaikeudet on voitettu.&#8221;<\/p>\n\n\n\n<p>Kiitos taiteilijoille, jotka viihdyttiv\u00e4t juhlayleis\u00f6 ja kiitos kaikille, jotka tekiv\u00e4t hartiavoimin talkooty\u00f6t\u00e4 hyv\u00e4n asian puolesta.<\/p>\n\n\n\n<p>Ja erityinen kiitos veteraaneille, joita juhlapaikalle oli monien, minulle kerrotun tiedon mukaan saapunut viitisenkymment\u00e4 ja kiitos lotille.<\/p>\n\n\n\n<p>Aselepoa kannattaa juhlia. Rauhanviesti on l\u00e4hetetty koko maailmalle.<\/p>\n\n\n\n<p>Tenho Tikkanen juhlatoimikunnan puheenjohtaja<\/p>\n\n\n\n<h1 class=\"wp-block-heading\">Seuraavassa muutamia valokuvia juhlajunan reitin varrelta&nbsp;Kiuruvedelt\u00e4 Lieksaan.<\/h1>\n\n\n\n<figure class=\"wp-block-image alignnone\"><a href=\"http:\/\/www.rukajarvensuunnanhistoriayhdistys.fi\/historiayhdistys\/wp-content\/uploads\/2014\/09\/Valkea-hevonen-ja-Marski-2.jpg\"><img decoding=\"async\" src=\"http:\/\/www.rukajarvensuunnanhistoriayhdistys.fi\/historiayhdistys\/wp-content\/uploads\/2014\/09\/Valkea-hevonen-ja-Marski-2.jpg\" alt=\"Ylip\u00e4\u00e4llikk\u00f6 Mannerheim matkusti Kiuruveden kulttuuritalolta asemalle valkoisen hevosen vet\u00e4mill\u00e4 vaunuilla. Mannerheimin rinnalla istiui lottapukuun pukeutunut Sannamaria Heikkinen, joka toimi juhlajunassa ensiaputeht\u00e4viss\u00e4.\" class=\"wp-image-940\"\/><\/a><figcaption class=\"wp-element-caption\">Ylip\u00e4\u00e4llikk\u00f6 Mannerheim matkusti Kiuruveden kulttuuritalolta asemalle valkoisen hevosen vet\u00e4mill\u00e4 vaunuilla. Mannerheimin rinnalla istiui lottapukuun pukeutunut\u00a0Hannakaisa Heikkinen, joka toimi juhlajunassa ensiaputeht\u00e4viss\u00e4.<\/figcaption><\/figure>\n\n\n\n<figure class=\"wp-block-image alignnone\"><a href=\"http:\/\/www.rukajarvensuunnanhistoriayhdistys.fi\/historiayhdistys\/wp-content\/uploads\/2014\/09\/Kiuruvesi-4-9-2014-vesitys-2.jpg\"><img decoding=\"async\" src=\"http:\/\/www.rukajarvensuunnanhistoriayhdistys.fi\/historiayhdistys\/wp-content\/uploads\/2014\/09\/Kiuruvesi-4-9-2014-vesitys-2.jpg\" alt=\"Tapani Laaksomies vesitt\u00e4\u00e4 Juhlajunan perinteisin menoin Kiuruvedell\u00e4. \" class=\"wp-image-944\"\/><\/a><figcaption class=\"wp-element-caption\">Tapani Laaksomies vesitt\u00e4\u00e4 Juhlajunan perinteisin menoin Kiuruvedell\u00e4. Kuva Antero Huttunen.<\/figcaption><\/figure>\n\n\n\n<figure class=\"wp-block-image alignnone\"><a href=\"http:\/\/www.rukajarvensuunnanhistoriayhdistys.fi\/historiayhdistys\/wp-content\/uploads\/2014\/09\/Kiurun-laulu.jpg\"><img decoding=\"async\" src=\"http:\/\/www.rukajarvensuunnanhistoriayhdistys.fi\/historiayhdistys\/wp-content\/uploads\/2014\/09\/Kiurun-laulu.jpg\" alt=\"Mieskuo Kiurun Laulu, jota s\u00e4esti Raimo Jokisalmi. Antero Huttusen kuva Iisalmen asemalla 4.9.2014.\" class=\"wp-image-1036\"\/><\/a><figcaption class=\"wp-element-caption\">Mieskuoro Kiurun Laulu, johtajana Eino Lilja, s\u00e4est\u00e4\u00e4 Raimo Jokisalmi. Antero Huttusen kuva Iisalmen asemalla 4.9.2014 pidetyss\u00e4 juhlassa.<\/figcaption><\/figure>\n\n\n\n<figure class=\"wp-block-image alignnone\"><a href=\"http:\/\/www.rukajarvensuunnanhistoriayhdistys.fi\/historiayhdistys\/wp-content\/uploads\/2014\/09\/Kajaani-4-9-2014.jpg\"><img decoding=\"async\" src=\"http:\/\/www.rukajarvensuunnanhistoriayhdistys.fi\/historiayhdistys\/wp-content\/uploads\/2014\/09\/Kajaani-4-9-2014.jpg\" alt=\"Kajaanin asemalla kaupungin j\u00e4rjest\u00e4m\u00e4\u00e4n juhlaan osallistui satam\u00e4\u00e4rin yleis\u00f6\u00e4. \" class=\"wp-image-955\"\/><\/a><figcaption class=\"wp-element-caption\">Kajaanin asemalla kaupungin j\u00e4rjest\u00e4m\u00e4\u00e4n juhlaan osallistui satam\u00e4\u00e4rin yleis\u00f6\u00e4. Kuva Antero Huttunen.<\/figcaption><\/figure>\n\n\n\n<figure class=\"wp-block-image alignnone\"><a href=\"http:\/\/www.rukajarvensuunnanhistoriayhdistys.fi\/historiayhdistys\/wp-content\/uploads\/2014\/09\/Kontiom\u00e4ki-4-9-2014.jpg\"><img decoding=\"async\" src=\"http:\/\/www.rukajarvensuunnanhistoriayhdistys.fi\/historiayhdistys\/wp-content\/uploads\/2014\/09\/Kontiom\u00e4ki-4-9-2014.jpg\" alt=\"Kontiom\u00e4en asemalla odotti v\u00e4ke\u00e4 useita kymmeni\u00e4 henkil\u00f6it\u00e4 ja juhla pidettiin. Vaikuttavin osuus n\u00e4htiin, kun lasten l\u00e4hett\u00e4m\u00e4t rauhankyyhkyilmapallot kohosivat hiljalleen pimenev\u00e4lle taivaalle.\" class=\"wp-image-974\"\/><\/a><figcaption class=\"wp-element-caption\">Kontiom\u00e4en asemalla odotti v\u00e4ke\u00e4 useita kymmeni\u00e4 henkil\u00f6it\u00e4 ja juhla pidettiin. Vaikuttavin osuus n\u00e4htiin, kun lasten l\u00e4hett\u00e4m\u00e4t rauhankyyhkyilmapallot kohosivat hiljalleen pimenev\u00e4lle taivaalle. Kuva Antero Huttunen.<\/figcaption><\/figure>\n\n\n\n<figure class=\"wp-block-image alignnone\"><a href=\"http:\/\/www.rukajarvensuunnanhistoriayhdistys.fi\/historiayhdistys\/wp-content\/uploads\/2014\/09\/04092014112.jpg\"><img decoding=\"async\" src=\"http:\/\/www.rukajarvensuunnanhistoriayhdistys.fi\/historiayhdistys\/wp-content\/uploads\/2014\/09\/04092014112.jpg\" alt=\"Vuokatin asemalla ilta oli jo h\u00e4m\u00e4rt\u00e4nyt. Tunnelma tiivis, Mieskuoro Kiurun Laulun esityksen j\u00e4lkeen lapset l\u00e4hettiv\u00e4t rauhanviestin\u00e4 rauhankyyhkykuvioiset ilmapallot. Vuokatin asemalla oli junaa odottamassa satakunta ihmist\u00e4, mik\u00e4 on yll\u00e4tt\u00e4v\u00e4n suuri m\u00e4\u00e4r\u00e4 viel\u00e4 klo 24.00 aikaan.\" class=\"wp-image-963\"\/><\/a><figcaption class=\"wp-element-caption\">Vuokatin asemalla ilta oli jo h\u00e4m\u00e4rt\u00e4nyt, mutta\u00a0tunnelma tiivis. Mieskuoro Kiurun Laulun esityksen j\u00e4lkeen lapset l\u00e4hettiv\u00e4t rauhanviestin\u00e4 rauhankyyhkykuvioiset ilmapallot. Vuokatin asemalla oli junaa odottamassa satakunta ihmist\u00e4, mik\u00e4 on yll\u00e4tt\u00e4v\u00e4n suuri m\u00e4\u00e4r\u00e4 viel\u00e4 klo 24.00 aikaan.<\/figcaption><\/figure>\n\n\n\n<figure class=\"wp-block-image alignnone\"><a href=\"http:\/\/www.rukajarvensuunnanhistoriayhdistys.fi\/historiayhdistys\/wp-content\/uploads\/2014\/09\/Nurmes-4-9-2014.JPG-2.jpg\"><img decoding=\"async\" src=\"http:\/\/www.rukajarvensuunnanhistoriayhdistys.fi\/historiayhdistys\/wp-content\/uploads\/2014\/09\/Nurmes-4-9-2014.JPG-2.jpg\" alt=\"Nurmekseen juna saapui heti puoleny\u00f6n j\u00e4lkeen, jossa kaupunginjohtaja Asko Saatsin johdolla tervetuliaisjuhla pidettiin. Asemalla oli odottamassa muutamia kymment\u00e4 innokkaita ihmisi\u00e4.\" class=\"wp-image-975\"\/><\/a><figcaption class=\"wp-element-caption\">Nurmekseen juna saapui heti puoleny\u00f6n j\u00e4lkeen, jossa kaupunginjohtaja Asko Saatsin johdolla tervetuliaisjuhla pidettiin. Asemalla oli odottamassa muutamia kymment\u00e4 innokkaita ihmisi\u00e4. Juhlajunan p\u00e4\u00e4llikk\u00f6n\u00e4 toimi Tauno Oksanen. Klo 00.50. Kuva Antero Huttunen.<\/figcaption><\/figure>\n\n\n\n<h1 class=\"wp-block-heading\">Ja aamulla klo 7.35 matka jatkui Lieksaan<\/h1>\n\n\n\n<p>Juhlap\u00e4iv\u00e4n aamulla juna l\u00e4hti Lieksaan ja pys\u00e4htyi ottamaan matkustajia viel\u00e4 Bomban seisakkeelta.<\/p>\n\n\n\n<figure class=\"wp-block-image alignnone\"><a href=\"http:\/\/www.rukajarvensuunnanhistoriayhdistys.fi\/historiayhdistys\/wp-content\/uploads\/2014\/09\/Nurmes-4-9-2014-3.jpg\"><img decoding=\"async\" src=\"http:\/\/www.rukajarvensuunnanhistoriayhdistys.fi\/historiayhdistys\/wp-content\/uploads\/2014\/09\/Nurmes-4-9-2014-3.jpg\" alt=\"Juhlajuna saapumassa Nurmeksesta Bomban seisakkeelle 5.9.2014 aamulla.\" class=\"wp-image-957\"\/><\/a><figcaption class=\"wp-element-caption\">Juhlajuna saapumassa Nurmeksesta Bomban seisakkeelle 5.9.2014 aamulla, josta kyytiin viitisenkymment\u00e4 matkustajaa. Kuva Antero Huttunen.<\/figcaption><\/figure>\n\n\n\n<p>Liesksa otti&nbsp;juhlajunan vastaan juhlavasti. V\u00e4ke\u00e4 oli niin paljon, etteiv\u00e4t autot mahtuneet asema-aukiolle. Aseman pihanseutu pullisteli v\u00e4enpaljoudesta ja useiden arvioiden&nbsp; mukaan vastaanottajia oli liki 600. Juhlajunassa tuli l\u00e4hes nelj\u00e4sataa, joten Lieksan asemalla oli l\u00e4hes tuhat henkil\u00f6\u00e4.<\/p>\n\n\n\n<h1 class=\"wp-block-heading\">Tutustuminen Rukaj\u00e4rven tielle<\/h1>\n\n\n\n<p>L\u00e4ht\u00f6 Rukaj\u00e4rven tien opastetulle matkalle tapahtui klo 20.00 Lieksan asemalta. Matkalle osallistui kaikkiaan&nbsp;65 vierasta. Jukolan motissa j\u00e4rjestetyss\u00e4 tilaisuudessa muurattiin viel\u00e4 syksyll\u00e4 rakennettavan&nbsp;laavun peruskivi. Laavu tulee palvelemaan Rukaj\u00e4rven tien matkailua.<\/p>\n\n\n\n<figure class=\"wp-block-image alignnone\"><a href=\"http:\/\/www.rukajarvensuunnanhistoriayhdistys.fi\/historiayhdistys\/wp-content\/uploads\/2014\/09\/Lieksa-5-9-2014-Jukolan-Motti-2.jpg\"><img decoding=\"async\" src=\"http:\/\/www.rukajarvensuunnanhistoriayhdistys.fi\/historiayhdistys\/wp-content\/uploads\/2014\/09\/Lieksa-5-9-2014-Jukolan-Motti-2.jpg\" alt=\"Rukaj\u00e4rven tien varrella Jukolan Motissa valettiin laavun peruskivi juhlap\u00e4iv\u00e4n illalla klo 22.\" class=\"wp-image-938\"\/><\/a><figcaption class=\"wp-element-caption\">Rukaj\u00e4rven tien varrella Jukolan Motissa valettiin laavun peruskivi juhlap\u00e4iv\u00e4n illalla klo 22. Kaikki allekirjoittivat peruskiven asiakirjan\u00a0. Kuva Antero Huttunen.<\/figcaption><\/figure>\n\n\n\n<figure class=\"wp-block-image alignnone\"><a href=\"http:\/\/www.rukajarvensuunnanhistoriayhdistys.fi\/historiayhdistys\/wp-content\/uploads\/2014\/09\/Jukolan-motin-peruskiven-muuraus.jpg\"><img decoding=\"async\" src=\"http:\/\/www.rukajarvensuunnanhistoriayhdistys.fi\/historiayhdistys\/wp-content\/uploads\/2014\/09\/Jukolan-motin-peruskiven-muuraus.jpg\" alt=\"Jukolan motin peruskiven muotin rakensi ja asensi paikalleen Hannu Huuskonen. Laavu rakennetaan opasteista katsoen tien vastakkaiselle puolen.\" class=\"wp-image-984\"\/><\/a><figcaption class=\"wp-element-caption\">Jukolan motin peruskiven muotin rakensi ja asensi paikalleen Hannu Huuskonen. Laavu rakennetaan opasteista katsoen tien vastakkaiselle puolen.<\/figcaption><\/figure>\n\n\n\n<h1 class=\"wp-block-heading\">Lauantain luentosarja<\/h1>\n\n\n\n<p>Juhlan ohjelma jatkui tiiviin\u00e4 my\u00f6s lauantaina. Luentoja olivat seuraamassa my\u00f6s veteraanit kenraali Ermei Kanninen ja kunnallisneuvos Maunu Kankaanp\u00e4\u00e4. Kuulijoita lauantain ja sunnuntain tilaisuuksissa oli yhteens\u00e4 n. 50.<\/p>\n\n\n\n<figure class=\"wp-block-image alignnone\"><a href=\"http:\/\/www.rukajarvensuunnanhistoriayhdistys.fi\/historiayhdistys\/wp-content\/uploads\/2014\/09\/Kanninen-6-9-2014-2.jpg\"><img decoding=\"async\" src=\"http:\/\/www.rukajarvensuunnanhistoriayhdistys.fi\/historiayhdistys\/wp-content\/uploads\/2014\/09\/Kanninen-6-9-2014-2.jpg\" alt=\"Juhlap\u00e4iv\u00e4n j\u00e4lkeen pidettiin Lieksan kes\u00e4ll\u00e4 kunnostetussa asemamakasiinissa Rukaj\u00e4rven suunnan taisteluita koskevia luentoja. Veteraanit kenraalimajuri Ermei Kanninen ja Maunu Kankaap\u00e4\u00e4 seurasivat luentoja viel\u00e4 lauantainakin. \" class=\"wp-image-942\"\/><\/a><figcaption class=\"wp-element-caption\">Juhlap\u00e4iv\u00e4n j\u00e4lkeen lauantaina 6.9.\u00a0pidettiin kes\u00e4ll\u00e4 kunnostetussa Lieksan asemamakasiinissa Rukaj\u00e4rven suunnan taisteluita koskevia luentoja. Veteraanit kenraalimajuri Ermei Kanninen ja Maunu Kankaap\u00e4\u00e4 seurasivat luentoja viel\u00e4 lauantainakin.<\/figcaption><\/figure>\n\n\n\n<figure class=\"wp-block-image alignnone\"><a href=\"http:\/\/www.rukajarvensuunnanhistoriayhdistys.fi\/historiayhdistys\/wp-content\/uploads\/2014\/09\/Luennot-7.9.2014.jpg\"><img decoding=\"async\" src=\"http:\/\/www.rukajarvensuunnanhistoriayhdistys.fi\/historiayhdistys\/wp-content\/uploads\/2014\/09\/Luennot-7.9.2014.jpg\" alt=\"Lasse Nirhamo, Sari Snellman, Kyllikki V\u00e4nsk\u00e4 ja Mauri M\u00f6nkk\u00f6nen tutkivat valokuvan\u00e4yttelyn Rautatiet sodan huoltoteht\u00e4viss\u00e4 esitett\u00e4.\" class=\"wp-image-981\"\/><\/a><figcaption class=\"wp-element-caption\">Lasse Nirhamo, Sari Snellman, Kyllikki V\u00e4nsk\u00e4 ja Mauri M\u00f6nkk\u00f6nen tutkivat valokuvan\u00e4yttelyn Rautatiet sodan huoltoteht\u00e4viss\u00e4 esitett\u00e4.<\/figcaption><\/figure>\n\n\n\n<h1 class=\"wp-block-heading\">Koskettavaa runonlausuntaa.<\/h1>\n\n\n\n<p>Lauantaina ja sunnuntaina&nbsp;kuultiin my\u00f6s koskettavaa runonlausuntaa. Lieksalaisen harrastajateatterin esitys&nbsp;olikin teatteriammattilaisten n\u00e4yt\u00f6s.<\/p>\n\n\n\n<figure class=\"wp-block-image alignnone\"><a href=\"http:\/\/www.rukajarvensuunnanhistoriayhdistys.fi\/historiayhdistys\/wp-content\/uploads\/2014\/09\/2.-Runoja-sodasta-ja-rauhasta.jpg\"><img decoding=\"async\" src=\"http:\/\/www.rukajarvensuunnanhistoriayhdistys.fi\/historiayhdistys\/wp-content\/uploads\/2014\/09\/2.-Runoja-sodasta-ja-rauhasta.jpg\" alt=\"Lieksan Runopiirin esitykset t\u00e4ydent\u00e4v\u00e4t Kansalaisjuhlan ohjelmia lauantaina ja sunnuntaina. Piirros on lieksalaisen Pekka Turusen.\" class=\"wp-image-930\"\/><\/a><figcaption class=\"wp-element-caption\">Lieksan Runopiirin esitykset t\u00e4ydent\u00e4v\u00e4t Kansalaisjuhlan ohjelmia lauantaina ja sunnuntaina. Piirros on lieksalaisen Pekka Turusen.<\/figcaption><\/figure>\n\n\n\n<figure class=\"wp-block-image alignnone\"><a href=\"http:\/\/www.rukajarvensuunnanhistoriayhdistys.fi\/historiayhdistys\/wp-content\/uploads\/2014\/09\/Koskettava-runosikerm\u00e4.jpg\"><img decoding=\"async\" src=\"http:\/\/www.rukajarvensuunnanhistoriayhdistys.fi\/historiayhdistys\/wp-content\/uploads\/2014\/09\/Koskettava-runosikerm\u00e4.jpg\" alt=\"Lieksan runopiiril\u00e4isten runonlausunta oli juhlien upea p\u00e4\u00e4t\u00f6s. \" class=\"wp-image-978\"\/><\/a><figcaption class=\"wp-element-caption\">Lieksan runopiiril\u00e4isten runonlausunta oli juhlien upea p\u00e4\u00e4t\u00f6s.<\/figcaption><\/figure>\n\n\n\n<h1 class=\"wp-block-heading\">Lopuksi k\u00e4ynti sankaripatsaalla<\/h1>\n\n\n\n<p>Sunnuntaina jumalanpalveluksen j\u00e4lkeen suoritettiin k\u00e4ynti Lieksan sankarihaudoilla, jonne juhlav\u00e4ki toimitti seppeleen. Seppelenauhoissa lukee: &#8221;Sodissa kaatuneitten muistoa kunnioittaen. Rukaj\u00e4rven suunnan historiayhdistys ry.<\/p>\n\n\n\n<figure class=\"wp-block-image alignnone\"><a href=\"http:\/\/www.rukajarvensuunnanhistoriayhdistys.fi\/historiayhdistys\/wp-content\/uploads\/2014\/09\/K\u00e4ynti-sankarihaudoilla-7-9-2014.jpg\"><img decoding=\"async\" src=\"http:\/\/www.rukajarvensuunnanhistoriayhdistys.fi\/historiayhdistys\/wp-content\/uploads\/2014\/09\/K\u00e4ynti-sankarihaudoilla-7-9-2014.jpg\" alt=\"K\u00e4ynti Lieksan sankarihaudoilla. Kuvassa Tenho Tikkanen, kirkkoherra Lea el Bardi, Terttu Heiskanen-Timonen ja Marko Puustinen. Kuva Pauli Saranto. Siunaus patsas on kuvanveist\u00e4j\u00e4 Heikki Varjan teos vuodelta 1959.\" class=\"wp-image-980\"\/><\/a><figcaption class=\"wp-element-caption\">K\u00e4ynti Lieksan sankarihaudoilla. Kuvassa Tenho Tikkanen, kirkkoherra Lea el Bardi, Terttu Heiskanen-Timonen ja\u00a0Raimo Puustinen. Kuva Pauli Saranto. Siunaus patsas on kuvanveist\u00e4j\u00e4 Heikki Varjan teos vuodelta 1959.<\/figcaption><\/figure>\n\n\n\n<h1 class=\"wp-block-heading\">Juhlajuna mediassa<\/h1>\n\n\n\n<p>Juhlajunan liikkeit\u00e4 seurattiin tiiviisti mediassa, josta oheiset linkit:<\/p>\n\n\n\n<p>Kiuruvesi-lehti: <a href=\"http:\/\/www.kiuruvesilehti.fi\/uutiset\/454\/\">http:\/\/www.kiuruvesilehti.fi\/uutiset\/454\/<\/a><\/p>\n\n\n\n<p>Kiuruvesi-lehti videot: <a href=\"http:\/\/www.kiuruvesilehti.fi\/videot\/\">http:\/\/www.kiuruvesilehti.fi\/videot\/<\/a><\/p>\n\n\n\n<p>Kainuun Sanomat: <a href=\"http:\/\/www.kainuunsanomat.fi\/kainuun-sanomat\/kainuu\/odotettu-juhlajuna-vieraili-kainuussa-2\/\">http:\/\/www.kainuunsanomat.fi\/kainuun-sanomat\/kainuu\/odotettu-juhlajuna-vieraili-kainuussa-2\/<\/a><\/p>\n\n\n\n<p>YLE-Kainuu 4.9.2014 aamulla: <a href=\"http:\/\/yle.fi\/uutiset\/jatkosodan_paattymisen_kansalaisjuhlaan_matkustetaan_sodanaikaisella_hoyryjunalla\/7450829\">http:\/\/yle.fi\/uutiset\/jatkosodan_paattymisen_kansalaisjuhlaan_matkustetaan_sodanaikaisella_hoyryjunalla\/7450829<\/a><\/p>\n\n\n\n<p>YLE-Kainuu: <a href=\"http:\/\/areena.yle.fi\/tv\/2377825\">http:\/\/areena.yle.fi\/tv\/2377825<\/a><\/p>\n\n\n\n<p>YLE-Kainuu 4.9.2014 iltap\u00e4iv\u00e4ll\u00e4: <a href=\"http:\/\/yle.fi\/uutiset\/historiallinen_juhlajuna_vaikeuksissa_jo_ensimmaisessa_mutkassa\/7452170\">http:\/\/yle.fi\/uutiset\/historiallinen_juhlajuna_vaikeuksissa_jo_ensimmaisessa_mutkassa\/7452170<\/a><\/p>\n\n\n\n<p>YLE-Pohjois-Karjala 4.9.2014: <a href=\"http:\/\/yle.fi\/uutiset\/lieksan_kansalaisjuhlilla_sotaveteraanit_tapaavat_vanhoja_aseveikkoja\/7455606\">http:\/\/yle.fi\/uutiset\/lieksan_kansalaisjuhlilla_sotaveteraanit_tapaavat_vanhoja_aseveikkoja\/7455606<\/a><\/p>\n\n\n\n<p>MTV3, Uutisextra, Keimo Lehtiniemi, 5.9.2014: H\u00f6yryjuna puksutti veteraanit Lieksan jatkosotajuhliin: https:\/\/www.mtvuutiset.fi\/videot\/video\/prog20393648#gs.cmcdup<\/p>\n\n\n\n<p>YLE TV 2&nbsp; Ajankohtainen kakkonen: &#8221;Rukaj\u00e4rven veteraanien rauhanjuna&#8221;: <a href=\"https:\/\/areena.yle.fi\/1-2380168\">https:\/\/areena.yle.fi\/1-2380168<\/a><\/p>\n\n\n\n<p>Iltalehti &#8211; TV, Sotaveteraanit historiallisella junamatkalla: <a href=\"http:\/\/www.iltalehti.fi\/iltvuutiset\/201409090123656_v0.shtml\">http:\/\/www.iltalehti.fi\/iltvuutiset\/201409090123656_v0.shtml<\/a><\/p>\n","protected":false},"excerpt":{"rendered":"<p>Lieksan Kansanjuhlaan 70 vuotta Jatkosodan p\u00e4\u00e4ttymisest\u00e4 oli saapunut lopulta l\u00e4hes&nbsp;900 juhlavierasta. Kiinnostus Juhlajunaa kohtaan&nbsp;osoittautui yll\u00e4tt\u00e4v\u00e4nkin suureksi ja koko Kansalaisjuhlan reitill\u00e4 j\u00e4rjestettyihin tilaisuuksiin osallistui n. 3.500 henkil\u00f6\u00e4. Me onnistuimme siin\u00e4, ett\u00e4 <a class=\"more-link\" href=\"http:\/\/www.rukajarvensuunnanhistoriayhdistys.fi\/rukajarvikeskus\/tapahtumat\/onnistunut-kansanjuhla-saakin-suosi\/\">Lue lis\u00e4\u00e4&#8230;<span class=\"screen-reader-text\">Onnistunut Kansanjuhla &#8211; s\u00e4\u00e4kin suosi<\/span><span class=\"meta-nav\">\u2192<\/span><\/a><\/p>\n","protected":false},"author":4,"featured_media":0,"comment_status":"closed","ping_status":"open","sticky":false,"template":"","format":"standard","meta":{"ngg_post_thumbnail":0,"_jetpack_newsletter_access":"","_jetpack_dont_email_post_to_subs":false,"_jetpack_newsletter_tier_id":0,"_jetpack_memberships_contains_paywalled_content":false,"_jetpack_memberships_contains_paid_content":false,"footnotes":""},"categories":[26,32,15],"tags":[],"class_list":["post-11719","post","type-post","status-publish","format-standard","hentry","category-ajankohtaista","category-historiayhdistys","category-tapahtumat"],"jetpack_featured_media_url":"","jetpack_sharing_enabled":true,"jetpack_shortlink":"https:\/\/wp.me\/p72N2f-331","_links":{"self":[{"href":"http:\/\/www.rukajarvensuunnanhistoriayhdistys.fi\/rukajarvikeskus\/wp-json\/wp\/v2\/posts\/11719","targetHints":{"allow":["GET"]}}],"collection":[{"href":"http:\/\/www.rukajarvensuunnanhistoriayhdistys.fi\/rukajarvikeskus\/wp-json\/wp\/v2\/posts"}],"about":[{"href":"http:\/\/www.rukajarvensuunnanhistoriayhdistys.fi\/rukajarvikeskus\/wp-json\/wp\/v2\/types\/post"}],"author":[{"embeddable":true,"href":"http:\/\/www.rukajarvensuunnanhistoriayhdistys.fi\/rukajarvikeskus\/wp-json\/wp\/v2\/users\/4"}],"replies":[{"embeddable":true,"href":"http:\/\/www.rukajarvensuunnanhistoriayhdistys.fi\/rukajarvikeskus\/wp-json\/wp\/v2\/comments?post=11719"}],"version-history":[{"count":1,"href":"http:\/\/www.rukajarvensuunnanhistoriayhdistys.fi\/rukajarvikeskus\/wp-json\/wp\/v2\/posts\/11719\/revisions"}],"predecessor-version":[{"id":11720,"href":"http:\/\/www.rukajarvensuunnanhistoriayhdistys.fi\/rukajarvikeskus\/wp-json\/wp\/v2\/posts\/11719\/revisions\/11720"}],"wp:attachment":[{"href":"http:\/\/www.rukajarvensuunnanhistoriayhdistys.fi\/rukajarvikeskus\/wp-json\/wp\/v2\/media?parent=11719"}],"wp:term":[{"taxonomy":"category","embeddable":true,"href":"http:\/\/www.rukajarvensuunnanhistoriayhdistys.fi\/rukajarvikeskus\/wp-json\/wp\/v2\/categories?post=11719"},{"taxonomy":"post_tag","embeddable":true,"href":"http:\/\/www.rukajarvensuunnanhistoriayhdistys.fi\/rukajarvikeskus\/wp-json\/wp\/v2\/tags?post=11719"}],"curies":[{"name":"wp","href":"https:\/\/api.w.org\/{rel}","templated":true}]}}