{"id":11854,"date":"2024-11-29T19:45:19","date_gmt":"2024-11-29T16:45:19","guid":{"rendered":"http:\/\/www.rukajarvensuunnanhistoriayhdistys.fi\/rukajarvikeskus\/?p=11854"},"modified":"2024-11-29T19:49:24","modified_gmt":"2024-11-29T16:49:24","slug":"jatta-kettuselle-sydamelliset-onnittelut-merkkipaivasi-johdosta","status":"publish","type":"post","link":"http:\/\/www.rukajarvensuunnanhistoriayhdistys.fi\/rukajarvikeskus\/ajankohtaista\/jatta-kettuselle-sydamelliset-onnittelut-merkkipaivasi-johdosta\/","title":{"rendered":"Jatta Kettuselle &#8211; Syd\u00e4melliset onnittelut merkkip\u00e4iv\u00e4si johdosta!"},"content":{"rendered":"<div class=\"fcbkbttn_buttons_block\" id=\"fcbkbttn_left\"><div class=\"fcbkbttn_like \"><fb:like href=\"http:\/\/www.rukajarvensuunnanhistoriayhdistys.fi\/rukajarvikeskus\/ajankohtaista\/jatta-kettuselle-sydamelliset-onnittelut-merkkipaivasi-johdosta\/\" action=\"like\" colorscheme=\"light\" layout=\"button_count\"  size=\"small\"><\/fb:like><\/div><\/div>\n<p><strong>Hyv\u00e4 Jatta,<\/strong><\/p>\n\n\n\n<p>Syd\u00e4melliset onnittelut merkkip\u00e4iv\u00e4si johdosta!<\/p>\n\n\n\n<p>T\u00e4n\u00e4\u00e4n juhlistamme paitsi merkkip\u00e4iv\u00e4\u00e4si my\u00f6s sinun poikkeuksellista panostasi Rukaj\u00e4rven suunnan historiayhdistyksen hyv\u00e4ksi. Olet ollut korvaamaton voimavara ja suunnann\u00e4ytt\u00e4j\u00e4, ja ty\u00f6si on j\u00e4tt\u00e4nyt l\u00e4htem\u00e4tt\u00f6m\u00e4n j\u00e4ljen ja antanut t\u00e4ysin uuden suunnan yhdistyksemme toimintaan.<\/p>\n\n\n\n<p>Viime kes\u00e4n aikana Sin\u00e4 ja perheesi teitte vaikuttavan ty\u00f6n Lieksan rautatieaseman n\u00e4yttelyiden parissa. Rintamataiden\u00e4yttelyn pystytt\u00e4minen, vitriinien kokoaminen sek\u00e4 kahvion &#8221;Rautatiet sodan huoltoteht\u00e4viss\u00e4&#8221; -n\u00e4yttelyn toteutus ovat vain muutamia esimerkkej\u00e4 monipuolisesta ja sitoutuneesta panoksestanne. Sinun ja l\u00e4heistesi ty\u00f6n tuloksena aseman n\u00e4yttelyt ovat saavuttaneet aivan uuden tason, ja ne ovat saaneet laajaa kiitosta.<\/p>\n\n\n\n<figure class=\"wp-block-image size-large is-resized\"><a href=\"http:\/\/www.rukajarvensuunnanhistoriayhdistys.fi\/historiayhdistys\/wp-content\/uploads\/2024\/11\/Esityksesta-2018.jpg\"><img decoding=\"async\" src=\"http:\/\/www.rukajarvensuunnanhistoriayhdistys.fi\/historiayhdistys\/wp-content\/uploads\/2024\/11\/Esityksesta-2018-1024x576.jpg\" alt=\"\" class=\"wp-image-16029\" style=\"width:840px;height:auto\"\/><\/a><\/figure>\n\n\n\n<p><em>Jatta on mukana koko perheen ja l\u00e4heistens\u00e4 voimin. Jatta on musiikin tekij\u00e4. Vaikuttavia ovat h\u00e4nen kirjoittamansa runot. Niiden lausuntatapahtumia odotamme. Kuva 26.8.2028 Rukaj\u00e4rvi-keskuksen \u201dLiljankukka\u201d-konserttista mik\u00e4  sekin uusittiin yleis\u00f6npyynn\u00f6st\u00e4 30.8.2018 .<\/em><\/p>\n\n\n\n<p>Sinun ja perheesi mukanaolo on ollut elint\u00e4rke\u00e4\u00e4, ja erityisesti taitosi yhdist\u00e4\u00e4 ihmisi\u00e4 ja hy\u00f6dynt\u00e4\u00e4 henkil\u00f6kohtaisia kontaktejasi ovat tuoneet uskottavuutta ja yhteis\u00f6llisyytt\u00e4 toimintaamme. On ollut vaikuttavaa n\u00e4hd\u00e4, miten olet saanut koko Lieksan kaupungin voimat liikkeelle yhteisen hyv\u00e4n eteen.<\/p>\n\n\n\n<p>Arvostamme suuresti panostasi ja olemme kiitollisia siit\u00e4, ett\u00e4 olet jakanut energiaasi, osaamistasi ja syd\u00e4nt\u00e4si yhdistyksemme hyv\u00e4ksi. Toivomme sinulle iloa, onnea ja terveytt\u00e4 tuleville vuosille sek\u00e4 voimia jatkaa arvokasta ty\u00f6t\u00e4, joka rikastuttaa Lieksan kaupungin kulttuuriperint\u00f6\u00e4 ja historiaa.<\/p>\n\n\n\n<p>L\u00e4mpim\u00e4t onnittelut ja syv\u00e4 kiitos viel\u00e4 kerran!<\/p>\n\n\n\n<p><strong>Rukaj\u00e4rven suunnan historiayhdistys ry<\/strong><\/p>\n","protected":false},"excerpt":{"rendered":"<p>Hyv\u00e4 Jatta, Syd\u00e4melliset onnittelut merkkip\u00e4iv\u00e4si johdosta! T\u00e4n\u00e4\u00e4n juhlistamme paitsi merkkip\u00e4iv\u00e4\u00e4si my\u00f6s sinun poikkeuksellista panostasi Rukaj\u00e4rven suunnan historiayhdistyksen hyv\u00e4ksi. Olet ollut korvaamaton voimavara ja suunnann\u00e4ytt\u00e4j\u00e4, ja ty\u00f6si on j\u00e4tt\u00e4nyt l\u00e4htem\u00e4tt\u00f6m\u00e4n j\u00e4ljen <a class=\"more-link\" href=\"http:\/\/www.rukajarvensuunnanhistoriayhdistys.fi\/rukajarvikeskus\/ajankohtaista\/jatta-kettuselle-sydamelliset-onnittelut-merkkipaivasi-johdosta\/\">Lue lis\u00e4\u00e4&#8230;<span class=\"screen-reader-text\">Jatta Kettuselle &#8211; Syd\u00e4melliset onnittelut merkkip\u00e4iv\u00e4si johdosta!<\/span><span class=\"meta-nav\">\u2192<\/span><\/a><\/p>\n","protected":false},"author":4,"featured_media":0,"comment_status":"closed","ping_status":"open","sticky":false,"template":"","format":"standard","meta":{"ngg_post_thumbnail":0,"_jetpack_newsletter_access":"","_jetpack_dont_email_post_to_subs":false,"_jetpack_newsletter_tier_id":0,"_jetpack_memberships_contains_paywalled_content":false,"_jetpack_memberships_contains_paid_content":false,"footnotes":""},"categories":[26],"tags":[],"class_list":["post-11854","post","type-post","status-publish","format-standard","hentry","category-ajankohtaista"],"jetpack_featured_media_url":"","jetpack_sharing_enabled":true,"jetpack_shortlink":"https:\/\/wp.me\/p72N2f-35c","_links":{"self":[{"href":"http:\/\/www.rukajarvensuunnanhistoriayhdistys.fi\/rukajarvikeskus\/wp-json\/wp\/v2\/posts\/11854","targetHints":{"allow":["GET"]}}],"collection":[{"href":"http:\/\/www.rukajarvensuunnanhistoriayhdistys.fi\/rukajarvikeskus\/wp-json\/wp\/v2\/posts"}],"about":[{"href":"http:\/\/www.rukajarvensuunnanhistoriayhdistys.fi\/rukajarvikeskus\/wp-json\/wp\/v2\/types\/post"}],"author":[{"embeddable":true,"href":"http:\/\/www.rukajarvensuunnanhistoriayhdistys.fi\/rukajarvikeskus\/wp-json\/wp\/v2\/users\/4"}],"replies":[{"embeddable":true,"href":"http:\/\/www.rukajarvensuunnanhistoriayhdistys.fi\/rukajarvikeskus\/wp-json\/wp\/v2\/comments?post=11854"}],"version-history":[{"count":1,"href":"http:\/\/www.rukajarvensuunnanhistoriayhdistys.fi\/rukajarvikeskus\/wp-json\/wp\/v2\/posts\/11854\/revisions"}],"predecessor-version":[{"id":11855,"href":"http:\/\/www.rukajarvensuunnanhistoriayhdistys.fi\/rukajarvikeskus\/wp-json\/wp\/v2\/posts\/11854\/revisions\/11855"}],"wp:attachment":[{"href":"http:\/\/www.rukajarvensuunnanhistoriayhdistys.fi\/rukajarvikeskus\/wp-json\/wp\/v2\/media?parent=11854"}],"wp:term":[{"taxonomy":"category","embeddable":true,"href":"http:\/\/www.rukajarvensuunnanhistoriayhdistys.fi\/rukajarvikeskus\/wp-json\/wp\/v2\/categories?post=11854"},{"taxonomy":"post_tag","embeddable":true,"href":"http:\/\/www.rukajarvensuunnanhistoriayhdistys.fi\/rukajarvikeskus\/wp-json\/wp\/v2\/tags?post=11854"}],"curies":[{"name":"wp","href":"https:\/\/api.w.org\/{rel}","templated":true}]}}