{"id":11857,"date":"2024-12-04T02:47:19","date_gmt":"2024-12-03T23:47:19","guid":{"rendered":"http:\/\/www.rukajarvensuunnanhistoriayhdistys.fi\/rukajarvikeskus\/?p=11857"},"modified":"2025-07-05T10:13:11","modified_gmt":"2025-07-05T07:13:11","slug":"sodan-ja-rauhan-keskus-muisti-lieksassa-veteraaniperinteet-ja-kulttuuriperinto-matkailun-voimavarana","status":"publish","type":"post","link":"http:\/\/www.rukajarvensuunnanhistoriayhdistys.fi\/rukajarvikeskus\/tapahtumat\/sodan-ja-rauhan-keskus-muisti-lieksassa-veteraaniperinteet-ja-kulttuuriperinto-matkailun-voimavarana\/","title":{"rendered":"Sodan ja rauhan keskus Muisti Lieksassa \u2013 Veteraaniperinteet ja kulttuuriperint\u00f6 matkailun voimavarana"},"content":{"rendered":"<div class=\"fcbkbttn_buttons_block\" id=\"fcbkbttn_left\"><div class=\"fcbkbttn_like \"><fb:like href=\"http:\/\/www.rukajarvensuunnanhistoriayhdistys.fi\/rukajarvikeskus\/tapahtumat\/sodan-ja-rauhan-keskus-muisti-lieksassa-veteraaniperinteet-ja-kulttuuriperinto-matkailun-voimavarana\/\" action=\"like\" colorscheme=\"light\" layout=\"button_count\"  size=\"small\"><\/fb:like><\/div><\/div>\n<p>Eilen Lieksan rautatieaseman uusissa Rukaj\u00e4rvi-keskuksen tiloissa j\u00e4rjestettiin merkitt\u00e4v\u00e4 tilaisuus, kun <strong>Sodan ja rauhan keskus Muistin<\/strong> edustajat saapuivat It\u00e4-Suomen kiertueellaan Lieksaan. T\u00e4m\u00e4 vierailu korosti paitsi veteraaniperinteen t\u00e4rkeytt\u00e4, my\u00f6s sen yhteytt\u00e4 matkailuun ja kulttuuriperinn\u00f6n hy\u00f6dynt\u00e4miseen.<\/p>\n\n\n\n<p>Tilaisuuden avasi Rukaj\u00e4rven suunnan historiayhdistyksen puheenjohtaja <strong>Tenho Tikkanen<\/strong>, joka esitteli Rukaj\u00e4rvi-keskuksen toimintaa ja paikalla olleiden aktiivisten talkoolaisten merkityksen n\u00e4yttelyiden toteuttamisessa.<\/p>\n\n\n\n<figure class=\"wp-block-image size-large\"><a href=\"http:\/\/www.rukajarvensuunnanhistoriayhdistys.fi\/historiayhdistys\/wp-content\/uploads\/2024\/12\/Pia-Puntanen-3-12-2024-scaled.jpg\"><img decoding=\"async\" src=\"http:\/\/www.rukajarvensuunnanhistoriayhdistys.fi\/historiayhdistys\/wp-content\/uploads\/2024\/12\/Pia-Puntanen-3-12-2024-1024x566.jpg\" alt=\"\" class=\"wp-image-16033\"\/><\/a><\/figure>\n\n\n\n<p>Muistin sis\u00e4lt\u00f6johtaja <strong>FM Pia Puntanen<\/strong> piti mielenkiintoisen esityksen Muistin toiminnasta, valtioneuvoston sille m\u00e4\u00e4ritt\u00e4m\u00e4st\u00e4 erityisteht\u00e4v\u00e4st\u00e4 veteraaniperinteen yll\u00e4pit\u00e4misess\u00e4 sek\u00e4 tulevista hankkeista. Erityisesti esill\u00e4 oli &#8221;Pohjoinen ulottuvuus \u2013 LRE &#8211; kulttuuriperint\u00f6reitin laajentaminen Suomeen&#8221;, jonka tavoitteena on kytke\u00e4 Lieksan ja koko It\u00e4-Suomen matkailu kansainv\u00e4lisesti tunnettuun kulttuuriperint\u00f6verkostoon.<\/p>\n\n\n\n<p>Esityksen j\u00e4lkeen aiheesta keskusteltiin vilkkaasti. <strong>Pielisen museon johtaja Laura Mulari<\/strong> ja <strong>Lieksan Kehitys Oy:n toimitusjohtaja Heikki Rusanen<\/strong> nostivat esille Lieksan kulttuurihistorialliset vahvuudet ja matkailun kehitt\u00e4misen mahdollisuudet. Mukana ollut matkailuyritt\u00e4j\u00e4 <strong>Ari Marjeta<\/strong> korosti, ett\u00e4 Lieksan kaupungin tulisi olla aktiivisesti mukana t\u00e4llaisissa hankkeissa maksimoidakseen alueen laajan kulttuuritarjonnan taloudelliset hy\u00f6dyt.<\/p>\n\n\n\n<p>Tilaisuudessa tuotiin esille my\u00f6s sotahistoriakohteiden yhteisty\u00f6n merkitys. Rukaj\u00e4rven suunnan historiayhdistyksen hallituksen j\u00e4sen <strong>Seppo R\u00e4ih\u00e4<\/strong> totesi, ett\u00e4 vaihtuvat n\u00e4yttelyt voisivat yll\u00e4pit\u00e4\u00e4 kiinnostusta ja kasvattaa vierailijam\u00e4\u00e4ri\u00e4. <strong>Kimmo Vitrin<\/strong> puolestaan katsoi, ett\u00e4 Rukaj\u00e4rven suunnan historiayhdistyksell\u00e4 on erityiset mahdollisuudet laajentaa toimintaansa tulevia n\u00e4yttelyit\u00e4 suunnitellessaan ja tuoda esille monipuolisemmin mm. kotirintaman ja my\u00f6s naisten osuutta sotien aikana. <strong>Kimmo Vitri<\/strong> luovutti arvokkaan muistoesineen Raappana Salin n\u00e4yttelyyn, sen varsinainen luovutustilaisuus j\u00e4rjestet\u00e4\u00e4n my\u00f6hemmin.<\/p>\n\n\n\n<p>Ehk\u00e4 kiperimm\u00e4t kysymykset <strong>Pia Puntaselle<\/strong> esitti juuri Lieksan asemalla ty\u00f6ns\u00e4 aloittanut <strong>Juha Heinonen-Lavonen<\/strong>.<\/p>\n\n\n\n<figure class=\"wp-block-image size-large\"><a href=\"http:\/\/www.rukajarvensuunnanhistoriayhdistys.fi\/rukajarvikeskus\/wp-content\/uploads\/2024\/12\/Pia-Puntanen-3-12-2024-JL-1.jpg\"><img loading=\"lazy\" decoding=\"async\" width=\"1024\" height=\"768\" src=\"http:\/\/www.rukajarvensuunnanhistoriayhdistys.fi\/rukajarvikeskus\/wp-content\/uploads\/2024\/12\/Pia-Puntanen-3-12-2024-JL-1-1024x768.jpg\" alt=\"\" class=\"wp-image-11864\" srcset=\"http:\/\/www.rukajarvensuunnanhistoriayhdistys.fi\/rukajarvikeskus\/wp-content\/uploads\/2024\/12\/Pia-Puntanen-3-12-2024-JL-1-1024x768.jpg 1024w, http:\/\/www.rukajarvensuunnanhistoriayhdistys.fi\/rukajarvikeskus\/wp-content\/uploads\/2024\/12\/Pia-Puntanen-3-12-2024-JL-1-300x225.jpg 300w, http:\/\/www.rukajarvensuunnanhistoriayhdistys.fi\/rukajarvikeskus\/wp-content\/uploads\/2024\/12\/Pia-Puntanen-3-12-2024-JL-1-768x576.jpg 768w, http:\/\/www.rukajarvensuunnanhistoriayhdistys.fi\/rukajarvikeskus\/wp-content\/uploads\/2024\/12\/Pia-Puntanen-3-12-2024-JL-1-1536x1152.jpg 1536w, http:\/\/www.rukajarvensuunnanhistoriayhdistys.fi\/rukajarvikeskus\/wp-content\/uploads\/2024\/12\/Pia-Puntanen-3-12-2024-JL-1.jpg 1600w\" sizes=\"auto, (max-width: 1024px) 100vw, 1024px\" \/><\/a><\/figure>\n\n\n\n<p>Tilaisuuden p\u00e4\u00e4tteeksi yhdistys palkitsi Pia Puntasen, Laura Mularin ja Heikki Rusasen talkoomitaleilla kiitoksena heid\u00e4n ty\u00f6st\u00e4\u00e4n. <strong>Muistin toimitusjohtaja Olli-Pekka Leskinen<\/strong>, joka oli alun perin tarkoitus saapua paikalle, joutui j\u00e4\u00e4m\u00e4\u00e4n pois sairastumisen vuoksi. Toivotamme h\u00e4nelle pikaista paranemista!<\/p>\n\n\n\n<p>T\u00e4m\u00e4 tilaisuus osoitti j\u00e4lleen, kuinka veteraaniperinteen ja kulttuurihistoriallisten kohteiden kehitt\u00e4minen voi luoda uusia mahdollisuuksia matkailulle ja kansantaloudelle. Lieksan runsas kulttuuriperint\u00f6 ja sitoutuneet toimijat antavat alueelle vahvan pohjan jatkaa yhteisty\u00f6t\u00e4 niin paikallisella kuin kansainv\u00e4lisell\u00e4kin tasolla.<\/p>\n","protected":false},"excerpt":{"rendered":"<p>Eilen Lieksan rautatieaseman uusissa Rukaj\u00e4rvi-keskuksen tiloissa j\u00e4rjestettiin merkitt\u00e4v\u00e4 tilaisuus, kun Sodan ja rauhan keskus Muistin edustajat saapuivat It\u00e4-Suomen kiertueellaan Lieksaan. T\u00e4m\u00e4 vierailu korosti paitsi veteraaniperinteen t\u00e4rkeytt\u00e4, my\u00f6s sen yhteytt\u00e4 matkailuun <a class=\"more-link\" href=\"http:\/\/www.rukajarvensuunnanhistoriayhdistys.fi\/rukajarvikeskus\/tapahtumat\/sodan-ja-rauhan-keskus-muisti-lieksassa-veteraaniperinteet-ja-kulttuuriperinto-matkailun-voimavarana\/\">Lue lis\u00e4\u00e4&#8230;<span class=\"screen-reader-text\">Sodan ja rauhan keskus Muisti Lieksassa \u2013 Veteraaniperinteet ja kulttuuriperint\u00f6 matkailun voimavarana<\/span><span class=\"meta-nav\">\u2192<\/span><\/a><\/p>\n","protected":false},"author":4,"featured_media":0,"comment_status":"closed","ping_status":"open","sticky":false,"template":"","format":"standard","meta":{"ngg_post_thumbnail":0,"_jetpack_newsletter_access":"","_jetpack_dont_email_post_to_subs":false,"_jetpack_newsletter_tier_id":0,"_jetpack_memberships_contains_paywalled_content":false,"_jetpack_memberships_contains_paid_content":false,"footnotes":""},"categories":[26,32,15],"tags":[],"class_list":["post-11857","post","type-post","status-publish","format-standard","hentry","category-ajankohtaista","category-historiayhdistys","category-tapahtumat"],"jetpack_featured_media_url":"","jetpack_sharing_enabled":true,"jetpack_shortlink":"https:\/\/wp.me\/p72N2f-35f","_links":{"self":[{"href":"http:\/\/www.rukajarvensuunnanhistoriayhdistys.fi\/rukajarvikeskus\/wp-json\/wp\/v2\/posts\/11857","targetHints":{"allow":["GET"]}}],"collection":[{"href":"http:\/\/www.rukajarvensuunnanhistoriayhdistys.fi\/rukajarvikeskus\/wp-json\/wp\/v2\/posts"}],"about":[{"href":"http:\/\/www.rukajarvensuunnanhistoriayhdistys.fi\/rukajarvikeskus\/wp-json\/wp\/v2\/types\/post"}],"author":[{"embeddable":true,"href":"http:\/\/www.rukajarvensuunnanhistoriayhdistys.fi\/rukajarvikeskus\/wp-json\/wp\/v2\/users\/4"}],"replies":[{"embeddable":true,"href":"http:\/\/www.rukajarvensuunnanhistoriayhdistys.fi\/rukajarvikeskus\/wp-json\/wp\/v2\/comments?post=11857"}],"version-history":[{"count":5,"href":"http:\/\/www.rukajarvensuunnanhistoriayhdistys.fi\/rukajarvikeskus\/wp-json\/wp\/v2\/posts\/11857\/revisions"}],"predecessor-version":[{"id":12080,"href":"http:\/\/www.rukajarvensuunnanhistoriayhdistys.fi\/rukajarvikeskus\/wp-json\/wp\/v2\/posts\/11857\/revisions\/12080"}],"wp:attachment":[{"href":"http:\/\/www.rukajarvensuunnanhistoriayhdistys.fi\/rukajarvikeskus\/wp-json\/wp\/v2\/media?parent=11857"}],"wp:term":[{"taxonomy":"category","embeddable":true,"href":"http:\/\/www.rukajarvensuunnanhistoriayhdistys.fi\/rukajarvikeskus\/wp-json\/wp\/v2\/categories?post=11857"},{"taxonomy":"post_tag","embeddable":true,"href":"http:\/\/www.rukajarvensuunnanhistoriayhdistys.fi\/rukajarvikeskus\/wp-json\/wp\/v2\/tags?post=11857"}],"curies":[{"name":"wp","href":"https:\/\/api.w.org\/{rel}","templated":true}]}}