{"id":11867,"date":"2024-12-11T22:04:35","date_gmt":"2024-12-11T19:04:35","guid":{"rendered":"http:\/\/www.rukajarvensuunnanhistoriayhdistys.fi\/rukajarvikeskus\/?p=11867"},"modified":"2025-07-05T10:12:22","modified_gmt":"2025-07-05T07:12:22","slug":"suomen-eduskunnan-kiitos-lieksan-talkooporukalle-eduskunta-tuli-apuun-nyt-kulttuurirakennus-tulee-kuntoon","status":"publish","type":"post","link":"http:\/\/www.rukajarvensuunnanhistoriayhdistys.fi\/rukajarvikeskus\/luokittelematon\/suomen-eduskunnan-kiitos-lieksan-talkooporukalle-eduskunta-tuli-apuun-nyt-kulttuurirakennus-tulee-kuntoon\/","title":{"rendered":"Suomen Eduskunnan KIITOS Lieksan talkooporukalle! Eduskunta tuli apuun. Nyt kulttuurirakennus tulee kuntoon!"},"content":{"rendered":"<div class=\"fcbkbttn_buttons_block\" id=\"fcbkbttn_left\"><div class=\"fcbkbttn_like \"><fb:like href=\"http:\/\/www.rukajarvensuunnanhistoriayhdistys.fi\/rukajarvikeskus\/luokittelematon\/suomen-eduskunnan-kiitos-lieksan-talkooporukalle-eduskunta-tuli-apuun-nyt-kulttuurirakennus-tulee-kuntoon\/\" action=\"like\" colorscheme=\"light\" layout=\"button_count\"  size=\"small\"><\/fb:like><\/div><\/div>\n<p>Rukaj\u00e4rven suunnan historiayhdistys ja veteraanit kiitt\u00e4v\u00e4t Suomen Eduskuntaa.<\/p>\n\n\n\n<p><strong>Hyv\u00e4t Suomen kansanedustajat,<\/strong><\/p>\n\n\n\n<p>Saimme iloisen uutisen, ett\u00e4 Eduskunnan valtiovarainvaliokunta on yksimielisesti osoittanut tukensa Lieksan rautatieaseman kunnostushankkeelle. T\u00e4m\u00e4 p\u00e4\u00e4t\u00f6s on meille suuri kunnia ja merkitt\u00e4v\u00e4 osoitus siit\u00e4, ett\u00e4 ty\u00f6, jota olemme yhdess\u00e4 tehneet, n\u00e4hd\u00e4\u00e4n t\u00e4rke\u00e4n\u00e4 sek\u00e4 kulttuurihistorian s\u00e4ilytt\u00e4misen ett\u00e4 alueellisen kehityksen kannalta.<\/p>\n\n\n\n<figure class=\"wp-block-image size-large\"><a href=\"http:\/\/www.rukajarvensuunnanhistoriayhdistys.fi\/historiayhdistys\/wp-content\/uploads\/2024\/12\/Eduskunnan-kyselytunti-28-11-2024.jpg\"><img decoding=\"async\" src=\"http:\/\/www.rukajarvensuunnanhistoriayhdistys.fi\/historiayhdistys\/wp-content\/uploads\/2024\/12\/Eduskunnan-kyselytunti-28-11-2024-1024x484.jpg\" alt=\"\" class=\"wp-image-16042\"\/><\/a><\/figure>\n\n\n\n<p><em>Eduskunnan kyselytunti 28.11.2024: Kaappauskuva YLE-arkisto.<\/em><\/p>\n\n\n\n<p>Vakuutamme, ett\u00e4 k\u00e4yt\u00e4mme my\u00f6nnetyn tuen huolellisesti ja vastuullisesti. Uskomme, ett\u00e4 t\u00e4m\u00e4 panostus ei ole pelk\u00e4st\u00e4\u00e4n investointi Lieksan tulevaisuuteen, vaan sill\u00e4 on laajempi vaikutus koko It\u00e4-Suomen matkailuelinkeinolle. Jo tulevana vuonna tuki tuottaa konkreettisia hy\u00f6tyj\u00e4 kansantaloudelle ja tuo uusia mahdollisuuksia alueemme matkailun kasvulle.<\/p>\n\n\n\n<p>Erityisen kiitollisia olemme siit\u00e4, ett\u00e4 tukenne on my\u00f6s kunnianosoitus talkoohengelle, joka on ollut hankkeemme perusta. Talkoolaisten v\u00e4sym\u00e4tt\u00f6m\u00e4n ty\u00f6n ansiosta Lieksan rautatieasema on saatu avattua yleis\u00f6n k\u00e4ytt\u00f6\u00f6n. Odotustilat ja palvelut, joita asemalla tarjotaan, ovat ainutlaatuisia Suomessa. Lis\u00e4ksi talkoovoimin olemme voineet toteuttaa Rukaj\u00e4rvi-keskuksen Raappana Salin pysyv\u00e4n kulttuuritoiminnan, mik\u00e4 rikastuttaa paitsi paikallista my\u00f6s kansallista kulttuuritarjontaa.<\/p>\n\n\n\n<p>Haluamme korostaa, ett\u00e4 talkoov\u00e4en omistautuminen on johtanut my\u00f6s merkitt\u00e4viin aineistolahjoituksiin, jotka tulevat vahvistamaan kotimaan matkailun vetovoimaa. T\u00e4m\u00e4n hankkeen loppuun saattaminen ei olisi ollut mahdollista ilman tukeanne, joka kannustaa meit\u00e4 jatkamaan ty\u00f6t\u00e4 entist\u00e4 tehokkaammin niin matkailun kuin sotahistorian parissa.<\/p>\n\n\n\n<p>Esit\u00e4mme Teille, hyv\u00e4t kansanedustajat, syd\u00e4melliset kiitoksemme t\u00e4st\u00e4 luottamuksenosoituksesta. Toivotamme Teille rauhallista joulua ja menestyksek\u00e4st\u00e4 uutta vuotta.<\/p>\n\n\n\n<p><strong>Tenho Tikkanen, puheenjohtaja<\/strong><\/p>\n\n\n\n<p><strong>Rukaj\u00e4rven suunnan historiayhdistys ry<\/strong><\/p>\n\n\n\n<p>PS: Erityiskiitos VR:n hallintoneuvoston puheenjohtaja kansanedustaja <strong>Markku Eestil\u00e4lle<\/strong>, joka 5.9.2024 vihki ja avasi Lieksan rautatieaseman ja sen n\u00e4yttelyt sek\u00e4 kansanedustajille <strong>Seppo Eskeliselle<\/strong> sek\u00e4 <strong>Hannu Hoskoselle<\/strong> kun vaivauduitte tutustumaan kulttuurikohteeseemme.<\/p>\n\n\n\n<p>T\u00e4n\u00e4\u00e4n \u201dRaappana Salissa\u201d j\u00e4rjestetty tilaisuus oli loppuunmyyty, pyysin kertomaan yleis\u00f6lle Eduskunnan my\u00f6nteisest\u00e4 p\u00e4\u00e4t\u00f6ksest\u00e4 heti tuoreeltaan.<\/p>\n\n\n\n<figure class=\"wp-block-image size-full is-resized\"><a href=\"http:\/\/www.rukajarvensuunnanhistoriayhdistys.fi\/historiayhdistys\/wp-content\/uploads\/2024\/11\/Hanne-Tuovinen-maalaa-5-9-2024.jpg\"><img decoding=\"async\" src=\"http:\/\/www.rukajarvensuunnanhistoriayhdistys.fi\/historiayhdistys\/wp-content\/uploads\/2024\/11\/Hanne-Tuovinen-maalaa-5-9-2024.jpg\" alt=\"\" class=\"wp-image-15990\" style=\"width:840px;height:auto\"\/><\/a><\/figure>\n\n\n\n<p><em>Kiitos my\u00f6s kaikkien veteraanien puolesta. Talkoomitalli luovutettiin 5.9.2024 veteraani Hannes Tuoviselle, nyt se luovutetaan koko eduskunnalle.<\/em><\/p>\n\n\n\n<figure class=\"wp-block-image size-large\"><a href=\"http:\/\/www.rukajarvensuunnanhistoriayhdistys.fi\/historiayhdistys\/wp-content\/uploads\/2024\/12\/Lieksan-asema-scaled.jpg\"><img decoding=\"async\" src=\"http:\/\/www.rukajarvensuunnanhistoriayhdistys.fi\/historiayhdistys\/wp-content\/uploads\/2024\/12\/Lieksan-asema-1024x768.jpg\" alt=\"\" class=\"wp-image-16043\"\/><\/a><\/figure>\n\n\n\n<p><em>T\u00e4st\u00e4 talkooty\u00f6t alkoivat 3.8.2024 ja alla kuva mit\u00e4 on saatu aikaan. Kuva Juha Heinonen-Lavonen.<\/em><\/p>\n\n\n\n<figure class=\"wp-block-image size-large\"><a href=\"http:\/\/www.rukajarvensuunnanhistoriayhdistys.fi\/historiayhdistys\/wp-content\/uploads\/2024\/12\/P_20240904_122618-scaled.jpg\"><img decoding=\"async\" src=\"http:\/\/www.rukajarvensuunnanhistoriayhdistys.fi\/historiayhdistys\/wp-content\/uploads\/2024\/12\/P_20240904_122618-1024x768.jpg\" alt=\"\" class=\"wp-image-16044\"\/><\/a><\/figure>\n\n\n\n<figure class=\"wp-block-image size-full is-resized\"><a href=\"http:\/\/www.rukajarvensuunnanhistoriayhdistys.fi\/historiayhdistys\/wp-content\/uploads\/2024\/08\/Talkoot-27-8-2024-Tuulikki-Bjurstrom.jpeg\"><img decoding=\"async\" src=\"http:\/\/www.rukajarvensuunnanhistoriayhdistys.fi\/historiayhdistys\/wp-content\/uploads\/2024\/08\/Talkoot-27-8-2024-Tuulikki-Bjurstrom.jpeg\" alt=\"\" class=\"wp-image-15819\" style=\"width:840px;height:auto\"\/><\/a><\/figure>\n\n\n\n<p><em>Kulttuuritarjonta asemalla on laaja. Maailmankuulun Marskin ritarin syntym\u00e4huone ja maan laajin Rintamataiden\u00e4yttely on esill\u00e4. Eduskunnan tuki on hieno tuki talkoolaisten ty\u00f6lle. Lieksa pesee kasvojaan talkooty\u00f6n voimin. Tulevana kes\u00e4n\u00e4 odotetaan laumoittain ulkolaisia vieraita, joilla on mahdollisuus ajaa Euroopan ainolla puuta k\u00e4ytt\u00e4v\u00e4ll\u00e4 h\u00f6yryveturilla. Veturikin (995) on ollut k\u00e4yt\u00f6ss\u00e4 jo Toisen maailman sodan aikana. <\/em>Paikat on siin\u00e4 kunnossa, ett\u00e4 voidaan pyyt\u00e4\u00e4 kes\u00e4vieraita kyl\u00e4\u00e4n. Lieksaa ei turhaan ole nimitetty <strong>&#8221;Matkailijan paratiisiksi.&#8221;<\/strong><\/p>\n\n\n\n<figure class=\"wp-block-image size-large is-resized\"><a href=\"http:\/\/www.rukajarvensuunnanhistoriayhdistys.fi\/historiayhdistys\/wp-content\/uploads\/2024\/09\/F4A6434-yleisoa-Asema-Kimmo-Vitri.jpg\"><img decoding=\"async\" src=\"http:\/\/www.rukajarvensuunnanhistoriayhdistys.fi\/historiayhdistys\/wp-content\/uploads\/2024\/09\/F4A6434-yleisoa-Asema-Kimmo-Vitri-768x1024.jpg\" alt=\"\" class=\"wp-image-15863\" style=\"width:837px;height:auto\"\/><\/a><\/figure>\n\n\n\n<p>Kuva juhlasta 80 vuotta aselevosta 5.9.2024. <em>Rautatieaseman vihki VR:n hallintoneuvoston puheenjohtaja kansanedustaja Markku Eestil\u00e4, joka avauspuheessaan todisti, ett\u00e4 h\u00e4n tunsi asiat mist\u00e4 puhui. H\u00e4n kiitteli erityisesti talkoov\u00e4ke\u00e4 ja merkitt\u00e4v\u00e4st\u00e4 ty\u00f6st\u00e4 ja puhe osoitti, ett\u00e4 h\u00e4n tunsi p\u00e4iv\u00e4m\u00e4\u00e4ri\u00e4 my\u00f6ten my\u00f6s Lieksan rautatieaseman historian. Kuva Kimmo Vitri.<\/em><\/p>\n","protected":false},"excerpt":{"rendered":"<p>Rukaj\u00e4rven suunnan historiayhdistys ja veteraanit kiitt\u00e4v\u00e4t Suomen Eduskuntaa. Hyv\u00e4t Suomen kansanedustajat, Saimme iloisen uutisen, ett\u00e4 Eduskunnan valtiovarainvaliokunta on yksimielisesti osoittanut tukensa Lieksan rautatieaseman kunnostushankkeelle. T\u00e4m\u00e4 p\u00e4\u00e4t\u00f6s on meille suuri kunnia <a class=\"more-link\" href=\"http:\/\/www.rukajarvensuunnanhistoriayhdistys.fi\/rukajarvikeskus\/luokittelematon\/suomen-eduskunnan-kiitos-lieksan-talkooporukalle-eduskunta-tuli-apuun-nyt-kulttuurirakennus-tulee-kuntoon\/\">Lue lis\u00e4\u00e4&#8230;<span class=\"screen-reader-text\">Suomen Eduskunnan KIITOS Lieksan talkooporukalle! Eduskunta tuli apuun. Nyt kulttuurirakennus tulee kuntoon!<\/span><span class=\"meta-nav\">\u2192<\/span><\/a><\/p>\n","protected":false},"author":4,"featured_media":0,"comment_status":"closed","ping_status":"open","sticky":false,"template":"","format":"standard","meta":{"ngg_post_thumbnail":0,"_jetpack_newsletter_access":"","_jetpack_dont_email_post_to_subs":false,"_jetpack_newsletter_tier_id":0,"_jetpack_memberships_contains_paywalled_content":false,"_jetpack_memberships_contains_paid_content":false,"footnotes":""},"categories":[32,1,15],"tags":[],"class_list":["post-11867","post","type-post","status-publish","format-standard","hentry","category-historiayhdistys","category-luokittelematon","category-tapahtumat"],"jetpack_featured_media_url":"","jetpack_sharing_enabled":true,"jetpack_shortlink":"https:\/\/wp.me\/p72N2f-35p","_links":{"self":[{"href":"http:\/\/www.rukajarvensuunnanhistoriayhdistys.fi\/rukajarvikeskus\/wp-json\/wp\/v2\/posts\/11867","targetHints":{"allow":["GET"]}}],"collection":[{"href":"http:\/\/www.rukajarvensuunnanhistoriayhdistys.fi\/rukajarvikeskus\/wp-json\/wp\/v2\/posts"}],"about":[{"href":"http:\/\/www.rukajarvensuunnanhistoriayhdistys.fi\/rukajarvikeskus\/wp-json\/wp\/v2\/types\/post"}],"author":[{"embeddable":true,"href":"http:\/\/www.rukajarvensuunnanhistoriayhdistys.fi\/rukajarvikeskus\/wp-json\/wp\/v2\/users\/4"}],"replies":[{"embeddable":true,"href":"http:\/\/www.rukajarvensuunnanhistoriayhdistys.fi\/rukajarvikeskus\/wp-json\/wp\/v2\/comments?post=11867"}],"version-history":[{"count":3,"href":"http:\/\/www.rukajarvensuunnanhistoriayhdistys.fi\/rukajarvikeskus\/wp-json\/wp\/v2\/posts\/11867\/revisions"}],"predecessor-version":[{"id":12079,"href":"http:\/\/www.rukajarvensuunnanhistoriayhdistys.fi\/rukajarvikeskus\/wp-json\/wp\/v2\/posts\/11867\/revisions\/12079"}],"wp:attachment":[{"href":"http:\/\/www.rukajarvensuunnanhistoriayhdistys.fi\/rukajarvikeskus\/wp-json\/wp\/v2\/media?parent=11867"}],"wp:term":[{"taxonomy":"category","embeddable":true,"href":"http:\/\/www.rukajarvensuunnanhistoriayhdistys.fi\/rukajarvikeskus\/wp-json\/wp\/v2\/categories?post=11867"},{"taxonomy":"post_tag","embeddable":true,"href":"http:\/\/www.rukajarvensuunnanhistoriayhdistys.fi\/rukajarvikeskus\/wp-json\/wp\/v2\/tags?post=11867"}],"curies":[{"name":"wp","href":"https:\/\/api.w.org\/{rel}","templated":true}]}}