{"id":12011,"date":"2025-05-13T08:06:56","date_gmt":"2025-05-13T05:06:56","guid":{"rendered":"http:\/\/www.rukajarvensuunnanhistoriayhdistys.fi\/rukajarvikeskus\/?p=12011"},"modified":"2025-05-14T03:29:02","modified_gmt":"2025-05-14T00:29:02","slug":"tanaan-veteraani-aarne-ukkola-tayttaa-107-vuotta-parhaat-onnittelumme","status":"publish","type":"post","link":"http:\/\/www.rukajarvensuunnanhistoriayhdistys.fi\/rukajarvikeskus\/tapahtumat\/tanaan-veteraani-aarne-ukkola-tayttaa-107-vuotta-parhaat-onnittelumme\/","title":{"rendered":"T\u00e4n\u00e4\u00e4n veteraani Aarne Ukkola t\u00e4ytt\u00e4\u00e4 107-vuotta \u2013 Parhaat Onnittelumme"},"content":{"rendered":"<div class=\"fcbkbttn_buttons_block\" id=\"fcbkbttn_left\"><div class=\"fcbkbttn_like \"><fb:like href=\"http:\/\/www.rukajarvensuunnanhistoriayhdistys.fi\/rukajarvikeskus\/tapahtumat\/tanaan-veteraani-aarne-ukkola-tayttaa-107-vuotta-parhaat-onnittelumme\/\" action=\"like\" colorscheme=\"light\" layout=\"button_count\"  size=\"small\"><\/fb:like><\/div><\/div>\n<p>Siikajoella Ukkolantiell\u00e4 asuu yksi maamme vanhimmista veteraaneista. Aarne Ukkola on syntynyt 13.5.1918. H\u00e4n viett\u00e4\u00e4 syntym\u00e4p\u00e4iv\u00e4\u00e4ns\u00e4 kotonaan.<\/p>\n\n\n\n<figure class=\"wp-block-image size-large\"><a href=\"http:\/\/www.rukajarvensuunnanhistoriayhdistys.fi\/historiayhdistys\/wp-content\/uploads\/2024\/06\/Ukkola-Aarne-kuva-16-6-2024-2.jpg\"><img decoding=\"async\" src=\"http:\/\/www.rukajarvensuunnanhistoriayhdistys.fi\/historiayhdistys\/wp-content\/uploads\/2024\/06\/Ukkola-Aarne-kuva-16-6-2024-2-1024x477.jpg\" alt=\"\" class=\"wp-image-15600\"\/><\/a><\/figure>\n\n\n\n<p>Aarne Ukkolaa <strong>(s. 13.5.1918)<\/strong> onnittelevat veteraaniveljet: <strong>Yrj\u00f6 Koppinen (s. 8.1.1918), Abel Tikkanen (s. 7.1.1923), Hannes Tuovinen (s. 23.2.1923), Pentti Oksman (s. 13.9.1925) ja Eino Partanen (s. 26.1.1925)<\/strong>.<\/p>\n\n\n\n<p>Ja Rukaj\u00e4rven suunnan historiikkitoimikunta, Rukaj\u00e4rven suunnan historiayhdistys ja Rukaj\u00e4rven Tiell\u00e4 ry <\/p>\n\n\n\n<p>Varsinaiset syntym\u00e4p\u00e4iv\u00e4t veteraani halusi viett\u00e4\u00e4 sunnuntaina \u2013 \u00e4itienp\u00e4iv\u00e4n\u00e4 l\u00e4heisten seurassa.<\/p>\n\n\n\n<p>Onnittelutervehdyksen veteraanille toimitamme t\u00e4n\u00e4\u00e4n henkil\u00f6kohtaisesti.<\/p>\n\n\n\n<p>Tenho Tikkanen ja Seppo R\u00e4ih\u00e4<\/p>\n\n\n\n<p>Aarne Ukkolan 106-vuotistervehdykseen p\u00e4\u00e4sette tutustumaan <strong><a href=\"https:\/\/www.rukajarvensuunnanhistoriayhdistys.fi\/historiayhdistys\/tervehdimme-106-vuotiasta-veteraania-aarne-ukkolaa\/\">T\u00c4\u00c4LT\u00c4:<\/a><\/strong><\/p>\n\n\n\n<p>***<\/p>\n\n\n\n<p><strong>Onnitteluk\u00e4ynti Siikajoelle 13-5-2025<\/strong><\/p>\n\n\n\n<p>Veteraani seuraa maailmanmenoa kotinsa ikkunasta mist\u00e4 avautuu n\u00e4k\u00f6ala Siikajoelle. Varsinkin kev\u00e4isin joella on liikett\u00e4, kun kalat nousevat jokeen ja muuttolinnut palaavat pesim\u00e4paikoilleen. Olen min\u00e4 saukkojakin siin\u00e4 n\u00e4hnyt ja useampia per\u00e4kk\u00e4in juoksemassa. T\u00e4n\u00e4 vuonna ei ole Siikajoki tulvinut ja j\u00e4iden l\u00e4ht\u00f6kin oli varsin rauhaisa. Kev\u00e4t on tullut ja pian ruohokin vihert\u00e4\u00e4 veteraani tuumaili kaunista maisemaa katsellessaan. <\/p>\n\n\n\n<p>L\u00e4hisukulaisten kanssa vietettiin syntym\u00e4p\u00e4iv\u00e4\u00e4 jo eilen. T\u00e4n\u00e4\u00e4n kyll\u00e4 juhlitaan ja lippukin vedettiin salkoon jo toisena p\u00e4iv\u00e4n\u00e4 per\u00e4kk\u00e4in.<\/p>\n\n\n\n<p>Veteraani voi hyvin ja veteraanin hoidosta huolehtivat veljen tytt\u00e4ret Anna-Maija ja Ulla &#8211; n\u00e4m\u00e4 arkienkelit.<\/p>\n\n\n\n<figure class=\"wp-block-image size-large\"><a href=\"http:\/\/www.rukajarvensuunnanhistoriayhdistys.fi\/historiayhdistys\/wp-content\/uploads\/2025\/05\/Seppo-Raiha-Aarne-Ukkola-ja-Anna-Maija-Ukkola-scaled.jpg\"><img decoding=\"async\" src=\"http:\/\/www.rukajarvensuunnanhistoriayhdistys.fi\/historiayhdistys\/wp-content\/uploads\/2025\/05\/Seppo-Raiha-Aarne-Ukkola-ja-Anna-Maija-Ukkola-1024x768.jpg\" alt=\"\" class=\"wp-image-16356\"\/><\/a><\/figure>\n\n\n\n<p>Kuvassa Seppo R\u00e4ih\u00e4 ja t\u00e4n\u00e4\u00e4n 107-vuotisp\u00e4iv\u00e4\u00e4 viett\u00e4v\u00e4 ja viel\u00e4p\u00e4 yksin kotonaan asuva Aarne Ukkola sek\u00e4 Anna-Maija Ukkola.<\/p>\n\n\n\n<figure class=\"wp-block-image size-large\"><a href=\"http:\/\/www.rukajarvensuunnanhistoriayhdistys.fi\/historiayhdistys\/wp-content\/uploads\/2025\/05\/Aarne-Ukkolan-koti-13-5-2025-scaled.jpg\"><img decoding=\"async\" src=\"http:\/\/www.rukajarvensuunnanhistoriayhdistys.fi\/historiayhdistys\/wp-content\/uploads\/2025\/05\/Aarne-Ukkolan-koti-13-5-2025-1024x768.jpg\" alt=\"\" class=\"wp-image-16362\"\/><\/a><\/figure>\n\n\n\n<p>Kahvip\u00f6yd\u00e4ss\u00e4 muisteltiin menneit\u00e4 vuosikymmenten takaisia aikoja. Mieleen palautuivat ajat Lieksassa. Seuralan alakerta oli avoimena aina, sinne saattoi menn\u00e4 y\u00f6ll\u00e4 tai p\u00e4iv\u00e4ll\u00e4. Lieksan rautatieaseman kautta sit\u00e4 l\u00e4hdettiin kotilomille ja sit\u00e4 kautta palattiin \u201dsodan ajan arkisiin t\u00f6ihin.\u201d Onneksi ne ajat ovat veteraanin mukaan takanap\u00e4in.<\/p>\n\n\n\n<figure class=\"wp-block-image size-large\"><a href=\"http:\/\/www.rukajarvensuunnanhistoriayhdistys.fi\/historiayhdistys\/wp-content\/uploads\/2025\/05\/Aarne-Ukkola-Seppo-Raiha-scaled.jpg\"><img decoding=\"async\" src=\"http:\/\/www.rukajarvensuunnanhistoriayhdistys.fi\/historiayhdistys\/wp-content\/uploads\/2025\/05\/Aarne-Ukkola-Seppo-Raiha-1024x768.jpg\" alt=\"\" class=\"wp-image-16358\"\/><\/a><\/figure>\n\n\n\n<figure class=\"wp-block-image size-large\"><a href=\"http:\/\/www.rukajarvensuunnanhistoriayhdistys.fi\/historiayhdistys\/wp-content\/uploads\/2025\/05\/Onnittelut13-5-2025.jpg\"><img decoding=\"async\" src=\"http:\/\/www.rukajarvensuunnanhistoriayhdistys.fi\/historiayhdistys\/wp-content\/uploads\/2025\/05\/Onnittelut13-5-2025-1024x586.jpg\" alt=\"\" class=\"wp-image-16357\"\/><\/a><\/figure>\n\n\n\n<p>Yhdistys luovutti veteraanille 107-vuotislahjaksi Rukaj\u00e4rven rintamataidetta kirjan. Kirjaa selaillessa eteen tuli Erkki Raappanan kuva, jota veteraani tuntui arvostavan viel\u00e4kin kovasti. Nyky\u00e4\u00e4n aika kuluu lueskellessa ja t\u00e4ss\u00e4p\u00e4 sit\u00e4 on paljon uutta tutkittavaa.<\/p>\n\n\n\n<p>Veteraanille esitettiin kutsu saapua vierailulle Rukaj\u00e4rvi-keskuksiin. Sit\u00e4 pit\u00e4\u00e4 viel\u00e4 harkita, tuli veteraanilta mietteli\u00e4s vastaus.<\/p>\n\n\n\n<p>Veteraani kiitteli muistamisesta, muisti kiitt\u00e4\u00e4 my\u00f6s veteraanivelji\u00e4. Jutustelun lomassa h\u00e4n toimi vieraille oppaana: \u201dMenk\u00e4\u00e4h\u00e4n k\u00e4ym\u00e4\u00e4n Siikajoen kirkolla ja Suomen sodan muistomerkill\u00e4. &#8221;Sinne osaa helposti, kun ylitt\u00e4\u00e4 tuon Siikajoen sillan ja k\u00e4\u00e4ntyy heti oikealle.&#8221; Samalla reissulla, kun t\u00e4nne asti olette tulleet. Kirkko ja muistomerkki on aivan joen toisella puolen. Kyll\u00e4 historiaan kannattaa veteraanin mielest\u00e4 aina tutustua.<\/p>\n\n\n\n<figure class=\"wp-block-image size-large\"><a href=\"http:\/\/www.rukajarvensuunnanhistoriayhdistys.fi\/historiayhdistys\/wp-content\/uploads\/2025\/05\/Siikajoen-taistelu-18-4-1808-scaled.jpg\"><img decoding=\"async\" src=\"http:\/\/www.rukajarvensuunnanhistoriayhdistys.fi\/historiayhdistys\/wp-content\/uploads\/2025\/05\/Siikajoen-taistelu-18-4-1808-1024x768.jpg\" alt=\"\" class=\"wp-image-16360\"\/><\/a><\/figure>\n\n\n\n<figure class=\"wp-block-image size-large\"><a href=\"http:\/\/www.rukajarvensuunnanhistoriayhdistys.fi\/historiayhdistys\/wp-content\/uploads\/2025\/05\/Siikajoen-taistelun-muistomerkki-scaled.jpg\"><img decoding=\"async\" src=\"http:\/\/www.rukajarvensuunnanhistoriayhdistys.fi\/historiayhdistys\/wp-content\/uploads\/2025\/05\/Siikajoen-taistelun-muistomerkki-1024x768.jpg\" alt=\"\" class=\"wp-image-16361\"\/><\/a><\/figure>\n\n\n\n<figure class=\"wp-block-image size-large is-resized\"><a href=\"http:\/\/www.rukajarvensuunnanhistoriayhdistys.fi\/historiayhdistys\/wp-content\/uploads\/2025\/05\/Siikajoen-kirkko-scaled.jpg\"><img decoding=\"async\" src=\"http:\/\/www.rukajarvensuunnanhistoriayhdistys.fi\/historiayhdistys\/wp-content\/uploads\/2025\/05\/Siikajoen-kirkko-768x1024.jpg\" alt=\"\" class=\"wp-image-16359\" style=\"width:834px;height:auto\"\/><\/a><\/figure>\n\n\n\n<p>Saloisten kappeliksi perustettu Siikajoki erotettiin omaksi seurakunnaksi 1691.&nbsp;Siikajoen nykyinen kirkko rakennettiin 1701&nbsp;ja pappila valmistui 1690.<\/p>\n","protected":false},"excerpt":{"rendered":"<p>Siikajoella Ukkolantiell\u00e4 asuu yksi maamme vanhimmista veteraaneista. Aarne Ukkola on syntynyt 13.5.1918. H\u00e4n viett\u00e4\u00e4 syntym\u00e4p\u00e4iv\u00e4\u00e4ns\u00e4 kotonaan. Aarne Ukkolaa (s. 13.5.1918) onnittelevat veteraaniveljet: Yrj\u00f6 Koppinen (s. 8.1.1918), Abel Tikkanen (s. 7.1.1923), <a class=\"more-link\" href=\"http:\/\/www.rukajarvensuunnanhistoriayhdistys.fi\/rukajarvikeskus\/tapahtumat\/tanaan-veteraani-aarne-ukkola-tayttaa-107-vuotta-parhaat-onnittelumme\/\">Lue lis\u00e4\u00e4&#8230;<span class=\"screen-reader-text\">T\u00e4n\u00e4\u00e4n veteraani Aarne Ukkola t\u00e4ytt\u00e4\u00e4 107-vuotta \u2013 Parhaat Onnittelumme<\/span><span class=\"meta-nav\">\u2192<\/span><\/a><\/p>\n","protected":false},"author":4,"featured_media":0,"comment_status":"closed","ping_status":"open","sticky":false,"template":"","format":"standard","meta":{"ngg_post_thumbnail":0,"_jetpack_newsletter_access":"","_jetpack_dont_email_post_to_subs":false,"_jetpack_newsletter_tier_id":0,"_jetpack_memberships_contains_paywalled_content":false,"_jetpack_memberships_contains_paid_content":false,"footnotes":""},"categories":[26,32,15],"tags":[],"class_list":["post-12011","post","type-post","status-publish","format-standard","hentry","category-ajankohtaista","category-historiayhdistys","category-tapahtumat"],"jetpack_featured_media_url":"","jetpack_sharing_enabled":true,"jetpack_shortlink":"https:\/\/wp.me\/p72N2f-37J","_links":{"self":[{"href":"http:\/\/www.rukajarvensuunnanhistoriayhdistys.fi\/rukajarvikeskus\/wp-json\/wp\/v2\/posts\/12011","targetHints":{"allow":["GET"]}}],"collection":[{"href":"http:\/\/www.rukajarvensuunnanhistoriayhdistys.fi\/rukajarvikeskus\/wp-json\/wp\/v2\/posts"}],"about":[{"href":"http:\/\/www.rukajarvensuunnanhistoriayhdistys.fi\/rukajarvikeskus\/wp-json\/wp\/v2\/types\/post"}],"author":[{"embeddable":true,"href":"http:\/\/www.rukajarvensuunnanhistoriayhdistys.fi\/rukajarvikeskus\/wp-json\/wp\/v2\/users\/4"}],"replies":[{"embeddable":true,"href":"http:\/\/www.rukajarvensuunnanhistoriayhdistys.fi\/rukajarvikeskus\/wp-json\/wp\/v2\/comments?post=12011"}],"version-history":[{"count":2,"href":"http:\/\/www.rukajarvensuunnanhistoriayhdistys.fi\/rukajarvikeskus\/wp-json\/wp\/v2\/posts\/12011\/revisions"}],"predecessor-version":[{"id":12013,"href":"http:\/\/www.rukajarvensuunnanhistoriayhdistys.fi\/rukajarvikeskus\/wp-json\/wp\/v2\/posts\/12011\/revisions\/12013"}],"wp:attachment":[{"href":"http:\/\/www.rukajarvensuunnanhistoriayhdistys.fi\/rukajarvikeskus\/wp-json\/wp\/v2\/media?parent=12011"}],"wp:term":[{"taxonomy":"category","embeddable":true,"href":"http:\/\/www.rukajarvensuunnanhistoriayhdistys.fi\/rukajarvikeskus\/wp-json\/wp\/v2\/categories?post=12011"},{"taxonomy":"post_tag","embeddable":true,"href":"http:\/\/www.rukajarvensuunnanhistoriayhdistys.fi\/rukajarvikeskus\/wp-json\/wp\/v2\/tags?post=12011"}],"curies":[{"name":"wp","href":"https:\/\/api.w.org\/{rel}","templated":true}]}}