{"id":12014,"date":"2025-05-18T02:18:23","date_gmt":"2025-05-17T23:18:23","guid":{"rendered":"http:\/\/www.rukajarvensuunnanhistoriayhdistys.fi\/rukajarvikeskus\/?p=12014"},"modified":"2025-05-18T11:17:59","modified_gmt":"2025-05-18T08:17:59","slug":"lappajarven-viimeinen-veteraani-aarre-oorni-saateltiin-haudanlepoon-tanaan-lauantaina-17-5-2025","status":"publish","type":"post","link":"http:\/\/www.rukajarvensuunnanhistoriayhdistys.fi\/rukajarvikeskus\/tapahtumat\/lappajarven-viimeinen-veteraani-aarre-oorni-saateltiin-haudanlepoon-tanaan-lauantaina-17-5-2025\/","title":{"rendered":"Lappaj\u00e4rven viimeinen veteraani Aarre \u00d6\u00f6rni saateltiin haudanlepoon t\u00e4n\u00e4\u00e4n lauantaina 17.5.2025"},"content":{"rendered":"<div class=\"fcbkbttn_buttons_block\" id=\"fcbkbttn_left\"><div class=\"fcbkbttn_like \"><fb:like href=\"http:\/\/www.rukajarvensuunnanhistoriayhdistys.fi\/rukajarvikeskus\/tapahtumat\/lappajarven-viimeinen-veteraani-aarre-oorni-saateltiin-haudanlepoon-tanaan-lauantaina-17-5-2025\/\" action=\"like\" colorscheme=\"light\" layout=\"button_count\"  size=\"small\"><\/fb:like><\/div><\/div>\n<p>Aarre \u00d6\u00f6rni p\u00e4\u00e4tti maallisen taipaleensa viimeisen p\u00e4\u00e4lle omann\u00e4k\u00f6isiss\u00e4 arvokkaissa juhlissa Lappaj\u00e4rvell\u00e4. H\u00e4net siunattiin Lappaj\u00e4rven, Euroopan suurimman kraatterij\u00e4rven rannalle sukuhautaan.<\/p>\n\n\n\n<p>Kaikki j\u00e4rjestelyt oli suunniteltu ja toteutettu tarkoin harkiten Aarren toivomusten mukaisesti, jopa muistotilaisuuden musiikkivalintoja my\u00f6ten.<\/p>\n\n\n\n<p>Aarren siunauksen suoritti pastori Mari Heijari. Kanttorina toimi Satu Pohjonen. Suntion teht\u00e4vi\u00e4 hoiti Tuomas Niemi.<\/p>\n\n\n\n<p>Arren arkun \u00e4\u00e4rell\u00e4 oli lippuvartio: Maj (res) Heikki Kuoppala, Maj (res) Onni Tervanen, Ltn (res) Vesa Savola ja V\u00e4nr (res) Esa Savola.<\/p>\n\n\n\n<figure class=\"wp-block-image size-large\"><a href=\"http:\/\/www.rukajarvensuunnanhistoriayhdistys.fi\/historiayhdistys\/wp-content\/uploads\/2025\/05\/Aarre-Oorni-hautajaiset-17-5-2025-arkunkantajat-scaled.jpg\"><img decoding=\"async\" src=\"http:\/\/www.rukajarvensuunnanhistoriayhdistys.fi\/historiayhdistys\/wp-content\/uploads\/2025\/05\/Aarre-Oorni-hautajaiset-17-5-2025-arkunkantajat-1024x768.jpg\" alt=\"\" class=\"wp-image-16367\"\/><\/a><\/figure>\n\n\n\n<p>Pastori Mari Heijarin siunauspuhe oli koskettava. Muistotilaisuudessa paljastui, ett\u00e4 pastori tunsi Aarren pitk\u00e4lt\u00e4 ajalta ja olipa h\u00e4n jopa itse haastatellut ja julkaissut Aarre \u00d6\u00f6rnin haastattelun, mihin voi tutustua seurakunnan Facebook-alustalla. Henkil\u00f6kohtainen veteraanin tunteminen tuli hienosti esille siunauspuheessa.<\/p>\n\n\n\n<figure class=\"wp-block-image size-large\"><a href=\"http:\/\/www.rukajarvensuunnanhistoriayhdistys.fi\/historiayhdistys\/wp-content\/uploads\/2025\/05\/Aarre-Oorni-hautajaiset-17-5-2025-pastori-Mari-Heijari-siunaus-scaled.jpg\"><img decoding=\"async\" src=\"http:\/\/www.rukajarvensuunnanhistoriayhdistys.fi\/historiayhdistys\/wp-content\/uploads\/2025\/05\/Aarre-Oorni-hautajaiset-17-5-2025-pastori-Mari-Heijari-siunaus-1024x768.jpg\" alt=\"\" class=\"wp-image-16366\"\/><\/a><\/figure>\n\n\n\n<p><em>Siunaustilaisuuden j\u00e4lkeen Aarre \u00d6\u00f6rnin arkku laskettiin sukuhautaan aivan Lappaj\u00e4rven rantat\u00f6rm\u00e4lle.<\/em><\/p>\n\n\n\n<figure class=\"wp-block-image size-large\"><a href=\"http:\/\/www.rukajarvensuunnanhistoriayhdistys.fi\/historiayhdistys\/wp-content\/uploads\/2025\/05\/Yhteisen-seppeleen-Mikko-Paallysaho-Seppo-Raiha-scaled.jpg\"><img decoding=\"async\" src=\"http:\/\/www.rukajarvensuunnanhistoriayhdistys.fi\/historiayhdistys\/wp-content\/uploads\/2025\/05\/Yhteisen-seppeleen-Mikko-Paallysaho-Seppo-Raiha-1024x768.jpg\" alt=\"\" class=\"wp-image-16368\"\/><\/a><\/figure>\n\n\n\n<p><em>Mikko P\u00e4\u00e4llysaho ja Seppo R\u00e4ih\u00e4 &#8211; laskevat PionP 24:n verteraanien ja Rukaj\u00e4rven suunnan veteraaniveljien ja historiayhdistyksen yhteisen seppeleen.  Tilaisuudessa laskettiin my\u00f6s Lappaj\u00e4rven sotaveteraaniyhdistyksen seppele. <\/em><\/p>\n\n\n\n<p><strong>Siunaustilaisuuden ohjelma:<\/strong><\/p>\n\n\n\n<figure class=\"wp-block-image size-large\"><a href=\"http:\/\/www.rukajarvensuunnanhistoriayhdistys.fi\/historiayhdistys\/wp-content\/uploads\/2025\/05\/Aarre-Oorni-hautajaiset-17-5-2025-ohjelma-2.jpg\"><img decoding=\"async\" src=\"http:\/\/www.rukajarvensuunnanhistoriayhdistys.fi\/historiayhdistys\/wp-content\/uploads\/2025\/05\/Aarre-Oorni-hautajaiset-17-5-2025-ohjelma-2-1024x1005.jpg\" alt=\"\" class=\"wp-image-16369\"\/><\/a><\/figure>\n\n\n\n<figure class=\"wp-block-image size-large\"><a href=\"http:\/\/www.rukajarvensuunnanhistoriayhdistys.fi\/historiayhdistys\/wp-content\/uploads\/2025\/05\/Aarre-Oorni-hautajaiset-17-5-2025-ohjelma-1.jpg\"><img decoding=\"async\" src=\"http:\/\/www.rukajarvensuunnanhistoriayhdistys.fi\/historiayhdistys\/wp-content\/uploads\/2025\/05\/Aarre-Oorni-hautajaiset-17-5-2025-ohjelma-1-972x1024.jpg\" alt=\"\" class=\"wp-image-16370\"\/><\/a><\/figure>\n\n\n\n<p><strong>Muistotilaisuus<\/strong> <strong>&#8211; Kivikoululla<\/strong><\/p>\n\n\n\n<figure class=\"wp-block-image size-large\"><a href=\"http:\/\/www.rukajarvensuunnanhistoriayhdistys.fi\/historiayhdistys\/wp-content\/uploads\/2025\/05\/IMG_20250517_142529-scaled.jpg\"><img decoding=\"async\" src=\"http:\/\/www.rukajarvensuunnanhistoriayhdistys.fi\/historiayhdistys\/wp-content\/uploads\/2025\/05\/IMG_20250517_142529-1024x768.jpg\" alt=\"\" class=\"wp-image-16371\"\/><\/a><\/figure>\n\n\n\n<p><em>Muistotilaisuus pidettiin Kivikoululla. <\/em>My\u00f6s muistotilaisuus oli toteutettu Aarren mielipidett\u00e4 kunnioittavalla tavalla. Muistotilaisuuden avasi Aarren pojista Reijo, joka totesi, ett\u00e4 t\u00e4m\u00e4 on luonnollisesti Aarren l\u00e4heisten surujuhla, mutta samalla toivon silti is\u00e4\u00e4 muisteltavan monipuolisesti &#8211; sana on vapaa.<\/p>\n\n\n\n<p>Riitta puolestaan kertoi, ett\u00e4 t\u00e4h\u00e4n juhlaan on kutsuttu my\u00f6s lapsia ja toivomme heid\u00e4n muistelevan \u201dPappaa\u201d. Riitta kertoi, ett\u00e4 is\u00e4 halusi kertoa miten muistojuhla tulisi j\u00e4rjest\u00e4\u00e4 ja sit\u00e4 toivomusta on noudatettu. Yksi asia oli selv\u00e4\u00e4, ett\u00e4 is\u00e4 oli Rukaj\u00e4rven suunnan veteraani. T\u00e4ss\u00e4 mieless\u00e4 tilaisuus oli erityisen koskettava, koska Aarre \u00d6\u00f6rni oli viimeinen Lappaj\u00e4rven veteraaneista.<\/p>\n\n\n\n<figure class=\"wp-block-image size-large\"><a href=\"http:\/\/www.rukajarvensuunnanhistoriayhdistys.fi\/rukajarvikeskus\/wp-content\/uploads\/2025\/05\/Aarre-Oorni-hautajaiset-17-5-2025-Mikko-Paallysaho.jpg\"><img loading=\"lazy\" decoding=\"async\" width=\"1024\" height=\"768\" src=\"http:\/\/www.rukajarvensuunnanhistoriayhdistys.fi\/rukajarvikeskus\/wp-content\/uploads\/2025\/05\/Aarre-Oorni-hautajaiset-17-5-2025-Mikko-Paallysaho-1024x768.jpg\" alt=\"\" class=\"wp-image-12015\" srcset=\"http:\/\/www.rukajarvensuunnanhistoriayhdistys.fi\/rukajarvikeskus\/wp-content\/uploads\/2025\/05\/Aarre-Oorni-hautajaiset-17-5-2025-Mikko-Paallysaho-1024x768.jpg 1024w, http:\/\/www.rukajarvensuunnanhistoriayhdistys.fi\/rukajarvikeskus\/wp-content\/uploads\/2025\/05\/Aarre-Oorni-hautajaiset-17-5-2025-Mikko-Paallysaho-300x225.jpg 300w, http:\/\/www.rukajarvensuunnanhistoriayhdistys.fi\/rukajarvikeskus\/wp-content\/uploads\/2025\/05\/Aarre-Oorni-hautajaiset-17-5-2025-Mikko-Paallysaho-768x576.jpg 768w, http:\/\/www.rukajarvensuunnanhistoriayhdistys.fi\/rukajarvikeskus\/wp-content\/uploads\/2025\/05\/Aarre-Oorni-hautajaiset-17-5-2025-Mikko-Paallysaho-1536x1152.jpg 1536w, http:\/\/www.rukajarvensuunnanhistoriayhdistys.fi\/rukajarvikeskus\/wp-content\/uploads\/2025\/05\/Aarre-Oorni-hautajaiset-17-5-2025-Mikko-Paallysaho-2048x1536.jpg 2048w\" sizes=\"auto, (max-width: 1024px) 100vw, 1024px\" \/><\/a><\/figure>\n\n\n\n<p>Mikko P\u00e4\u00e4llysaho kertoi tunteneensa Aarren yli 40 vuotta. Aarre piti asiat j\u00e4rjestyksess\u00e4. Lukeminen, kirjallisuus ja historia, vasta sitten voi verrata nykyist\u00e4 el\u00e4m\u00e4\u00e4 mit\u00e4 se on, kun tuntee oman suvun historian. Lopuksi Mikko P\u00e4\u00e4llysaho kertoi valinneensa kappaleen siksi, ett\u00e4 se kuvaa veteraania ja h\u00e4nen yhteytt\u00e4\u00e4n Rukaj\u00e4rven suuntaan. Sibeliuksen &#8221;Grannen&#8221;, Kuusi on puu, joka kest\u00e4\u00e4, se taipuu, mutta ei taitu. Siksip\u00e4 Granen (Kuusi) Op. 75 No. 5. Kappaletta ei taltioitu. Kappaleen voi kuulla yhdistyksemme monissa tilaisuuksissa Sibelius-musiikkia esitt\u00e4neen Jussi Makkosen ja Nazig Azezianin tulkitsemana oheisen linkin takaa: <strong><a href=\"https:\/\/www.youtube.com\/watch?v=yE7wuAXGA8o\">T\u00c4\u00c4LT\u00c4<\/a>:<\/strong><\/p>\n\n\n\n<figure class=\"wp-block-image size-large\"><a href=\"http:\/\/www.rukajarvensuunnanhistoriayhdistys.fi\/historiayhdistys\/wp-content\/uploads\/2025\/05\/Aarre-Oorni-hautajaiset-17-5-2025-lapsikuoro-scaled.jpg\"><img decoding=\"async\" src=\"http:\/\/www.rukajarvensuunnanhistoriayhdistys.fi\/historiayhdistys\/wp-content\/uploads\/2025\/05\/Aarre-Oorni-hautajaiset-17-5-2025-lapsikuoro-1024x768.jpg\" alt=\"\" class=\"wp-image-16377\"\/><\/a><\/figure>\n\n\n\n<p><em>Yleens\u00e4 j\u00e4rjestetyist\u00e4 muistotilaisuuksista poiketen, Aarre \u00d6\u00f6rnin muistotilaisuudessa lapsilla oli merkitt\u00e4v\u00e4 rooli. Suvun lapsikuoro oli jo Aarren samassa Kivikoulun juhlatilassa esitt\u00e4nyt \u201dMaamme\u201d laulun. T\u00e4h\u00e4n lasten esitykseen Aarre oli palannut lukemattomia kertoja. Aarren 100-vuotisjuhlasta oli tehty oikein kuvakirja, miss\u00e4 oli luonnollisesti t\u00e4m\u00e4 Aarren suurta kunnioitusta her\u00e4tt\u00e4v\u00e4 lapsikuoron kuva julkaistu. T\u00e4m\u00e4n vuoksi oli luonnollista, ett\u00e4 perinne toistui. Lapsikuoroa s\u00e4esti Karoliina Pataman poika Toivo kitaralla.<\/em><\/p>\n\n\n\n<p><strong>Muistop\u00f6yt\u00e4 ja Rukaj\u00e4rven suunnan veteraani<\/strong><\/p>\n\n\n\n<p>Aarre \u00d6\u00f6rnin muistop\u00f6yd\u00e4n asettelukin teki kunniaa Lappaj\u00e4rven viimeiselle veteraanille. Sotilaskuva nojasi Lappaj\u00e4rven meteoriitin kivilohkareeseen, eik\u00e4 mihin tahansa, vaan:<\/p>\n\n\n\n<figure class=\"wp-block-image size-large\"><a href=\"http:\/\/www.rukajarvensuunnanhistoriayhdistys.fi\/historiayhdistys\/wp-content\/uploads\/2025\/05\/Aarre-Oorni-hautajaiset-17-5-2025-muistopoyta-scaled.jpg\"><img decoding=\"async\" src=\"http:\/\/www.rukajarvensuunnanhistoriayhdistys.fi\/historiayhdistys\/wp-content\/uploads\/2025\/05\/Aarre-Oorni-hautajaiset-17-5-2025-muistopoyta-1024x768.jpg\" alt=\"\" class=\"wp-image-16372\"\/><\/a><\/figure>\n\n\n\n<p>se oli &#8221;K\u00e4rn\u00e4iitti\u00e4&#8221;, mik\u00e4 kivilaji ryhmitell\u00e4\u00e4n kahteen p\u00e4\u00e4tyyppiin, mutta t\u00e4m\u00e4 on tyyppi I: tumma lasimainen perusmassa, jossa on mineraali- ja kivilajimurskaleita. V\u00e4rilt\u00e4\u00e4n sinert\u00e4v\u00e4n tai harmaan musta. Kovempi K\u00e4rn\u00e4iitti.<\/p>\n\n\n\n<p>P\u00f6yd\u00e4ll\u00e4 oli my\u00f6s Rukaj\u00e4rven suunnan historiayhdistyksen standaari, mik\u00e4 luovutettiin h\u00e4nelle yhdess\u00e4 muiden PionP. 24:n veteraanien kanssa.<\/p>\n\n\n\n<p>Aarre \u00d6\u00f6rnin Siunaustilaisuuteen Rukaj\u00e4rven suunnan historiayhdistyksest\u00e4 osallistuivat puheenjohtajisto Tenho Tikkanen ja Seppo R\u00e4ih\u00e4.<\/p>\n\n\n\n<p>Puheensa aluksi Tikkanen selvitti ohi kirjoitetun puheen Aarren yhteyksi\u00e4 Lieksaan ja piti siksi erityisen onnistuneena Mikko P\u00e4\u00e4llysahon Sibelius-musiikkikappaletta \u201dGrane\u201d. Sibelius vietti h\u00e4\u00e4lomansa Lieksan Monolan kartanossa v. 1892 ja s\u00e4velsi useita sinfonioiistaan juuri tuolla. Lieksan Rukaj\u00e4rvi-keskuksessa on my\u00f6s esill\u00e4 Sibeliuksen h\u00e4\u00e4matkakohteen n\u00e4yttely. Tikkanen totesi juuri tuon kappaleen sitovan olennaisimmalla tavalla Aarre \u00d6\u00f6rnin yhteyden Lieksaan ja sit\u00e4 my\u00f6t\u00e4 Rukaj\u00e4rven suuntaan ja sen yhdistyksen merkitt\u00e4v\u00e4\u00e4n kulttuurity\u00f6h\u00f6n Lieksassa ja siell\u00e4 toimivaan Rukaj\u00e4rvi-keskukseen. Se, joka tapaa Aarre \u00d6\u00f6rnin kerran, h\u00e4nt\u00e4 ei voi unohtaa. H\u00e4nen tietonsa ja halunsa tiet\u00e4\u00e4 viel\u00e4 lis\u00e4\u00e4 oli ehtym\u00e4t\u00f6n, mik\u00e4 tuli esille, kun noustiin h\u00e4nen kotinsa yl\u00e4kerran ty\u00f6huoneeseen ja tutustuttiin yhdess\u00e4 laajaan kirjastoon.<\/p>\n\n\n\n<p>Julkaisemme Tenho Tikkasen muistotilaisuutta varten laatiman kirjallisen puheen oheisena. Siihen voi tutustua <strong><a href=\"http:\/\/www.rukajarvensuunnanhistoriayhdistys.fi\/historiayhdistys\/wp-content\/uploads\/2025\/05\/Aarre-Oornin-muistotilaisuus-17-5-2025-Tenho-Tikkanen.pdf\">T\u00c4\u00c4LT\u00c4:<\/a><\/strong><\/p>\n\n\n\n<figure class=\"wp-block-image size-large\"><a href=\"http:\/\/www.rukajarvensuunnanhistoriayhdistys.fi\/historiayhdistys\/wp-content\/uploads\/2025\/05\/Aarre-Oorni-hautajaiset-17-5-2025-adressit-Karoliina-Patama-Kirsi-Oorni-scaled.jpg\"><img decoding=\"async\" src=\"http:\/\/www.rukajarvensuunnanhistoriayhdistys.fi\/historiayhdistys\/wp-content\/uploads\/2025\/05\/Aarre-Oorni-hautajaiset-17-5-2025-adressit-Karoliina-Patama-Kirsi-Oorni-1024x768.jpg\" alt=\"\" class=\"wp-image-16374\"\/><\/a><\/figure>\n\n\n\n<p><em>Adressit luki Karoliina Patama ja Kirsi \u00d6\u00f6rni. Karoliina oli Aarrelle erityisen l\u00e4heinen. Karoliina menetti l\u00e4heisens\u00e4 Thaimaan onnettomuudessa 2004.<\/em><\/p>\n\n\n\n<p><strong>Musiikkipainotteinen kokonaisuus.<\/strong><\/p>\n\n\n\n<p>Lasten lukuisat esitykset ja puolison, Kertun laulu \u201dT\u00e4\u00e4ll\u00e4 pohjan t\u00e4hden alla\u201d kostutti tilausuuden kuulijoitten silm\u00e4t.<\/p>\n\n\n\n<p>Toivo oli sovittanut virren 501, mink\u00e4 h\u00e4n my\u00f6s esitti muiden lasten kanssa.<\/p>\n\n\n\n<p>Lasten muisteluissa tuli esille Aarren halu leikki\u00e4 ja viihdytt\u00e4\u00e4 lapsia. Karkkiakaan ei saanut muuten kuin leikkien ja taikatemppujen j\u00e4lkeen. Lorun, &#8221;Entten tentten teelikamentten ja simsala pim&#8221; j\u00e4lkeen ilmestyi kuin itsest\u00e4\u00e4n lapsille tarjottavaa, milloin mit\u00e4kin.<\/p>\n\n\n\n<p>Ne, joilla on p\u00e4\u00e4sy Facebook-alustalle voi tutustua pastori Mari Heijarin tekem\u00e4\u00e4n videohaastatteluun: <strong><a href=\"https:\/\/www.facebook.com\/lappajarvenseurakunta\/videos\/1487891338549772\/?rdid=91EerkFUPT7f2EOM#\">T\u00c4\u00c4LT\u00c4:<\/a><\/strong><\/p>\n\n\n\n<p>Oheisena siunaustilaisuuden valokuvia:<\/p>\n\n\n\n<figure class=\"wp-block-image size-large\"><a href=\"http:\/\/www.rukajarvensuunnanhistoriayhdistys.fi\/historiayhdistys\/wp-content\/uploads\/2025\/05\/Kirkko-Lappajarvi-1-scaled.jpg\"><img decoding=\"async\" src=\"http:\/\/www.rukajarvensuunnanhistoriayhdistys.fi\/historiayhdistys\/wp-content\/uploads\/2025\/05\/Kirkko-Lappajarvi-1-1024x768.jpg\" alt=\"\" class=\"wp-image-16375\"\/><\/a><\/figure>\n\n\n\n<p><em>Lappaj\u00e4rven kirkko.<\/em><\/p>\n\n\n\n<figure class=\"wp-block-image size-large\"><a href=\"http:\/\/www.rukajarvensuunnanhistoriayhdistys.fi\/historiayhdistys\/wp-content\/uploads\/2025\/05\/Erkki-Korkiatupa-Lappajarvi-17-5-2025-scaled.jpg\"><img decoding=\"async\" src=\"http:\/\/www.rukajarvensuunnanhistoriayhdistys.fi\/historiayhdistys\/wp-content\/uploads\/2025\/05\/Erkki-Korkiatupa-Lappajarvi-17-5-2025-1024x768.jpg\" alt=\"\" class=\"wp-image-16376\"\/><\/a><\/figure>\n\n\n\n<p><em>Erkki Korkiatupa &#8211; esitti &#8221;Vanha virsi Taalainmaalta ja Veteraanin iltahuuto.&#8221;<\/em><\/p>\n\n\n\n<p>Seppeleen laskijoitten joukosta saattoi erottaa sukulaisten lis\u00e4ksi my\u00f6s useita Aarne \u00d6\u00f6rnin veteraaniveljien omaisia. Samoin tilaisuuteen oli saapunut lukuisa m\u00e4\u00e4r\u00e4 veteraniveljien omaisten adresseja.<\/p>\n","protected":false},"excerpt":{"rendered":"<p>Aarre \u00d6\u00f6rni p\u00e4\u00e4tti maallisen taipaleensa viimeisen p\u00e4\u00e4lle omann\u00e4k\u00f6isiss\u00e4 arvokkaissa juhlissa Lappaj\u00e4rvell\u00e4. H\u00e4net siunattiin Lappaj\u00e4rven, Euroopan suurimman kraatterij\u00e4rven rannalle sukuhautaan. Kaikki j\u00e4rjestelyt oli suunniteltu ja toteutettu tarkoin harkiten Aarren toivomusten mukaisesti, <a class=\"more-link\" href=\"http:\/\/www.rukajarvensuunnanhistoriayhdistys.fi\/rukajarvikeskus\/tapahtumat\/lappajarven-viimeinen-veteraani-aarre-oorni-saateltiin-haudanlepoon-tanaan-lauantaina-17-5-2025\/\">Lue lis\u00e4\u00e4&#8230;<span class=\"screen-reader-text\">Lappaj\u00e4rven viimeinen veteraani Aarre \u00d6\u00f6rni saateltiin haudanlepoon t\u00e4n\u00e4\u00e4n lauantaina 17.5.2025<\/span><span class=\"meta-nav\">\u2192<\/span><\/a><\/p>\n","protected":false},"author":4,"featured_media":0,"comment_status":"closed","ping_status":"open","sticky":false,"template":"","format":"standard","meta":{"ngg_post_thumbnail":0,"_jetpack_newsletter_access":"","_jetpack_dont_email_post_to_subs":false,"_jetpack_newsletter_tier_id":0,"_jetpack_memberships_contains_paywalled_content":false,"_jetpack_memberships_contains_paid_content":false,"footnotes":""},"categories":[26,24,15],"tags":[],"class_list":["post-12014","post","type-post","status-publish","format-standard","hentry","category-ajankohtaista","category-muistokirjoitukset","category-tapahtumat"],"jetpack_featured_media_url":"","jetpack_sharing_enabled":true,"jetpack_shortlink":"https:\/\/wp.me\/p72N2f-37M","_links":{"self":[{"href":"http:\/\/www.rukajarvensuunnanhistoriayhdistys.fi\/rukajarvikeskus\/wp-json\/wp\/v2\/posts\/12014","targetHints":{"allow":["GET"]}}],"collection":[{"href":"http:\/\/www.rukajarvensuunnanhistoriayhdistys.fi\/rukajarvikeskus\/wp-json\/wp\/v2\/posts"}],"about":[{"href":"http:\/\/www.rukajarvensuunnanhistoriayhdistys.fi\/rukajarvikeskus\/wp-json\/wp\/v2\/types\/post"}],"author":[{"embeddable":true,"href":"http:\/\/www.rukajarvensuunnanhistoriayhdistys.fi\/rukajarvikeskus\/wp-json\/wp\/v2\/users\/4"}],"replies":[{"embeddable":true,"href":"http:\/\/www.rukajarvensuunnanhistoriayhdistys.fi\/rukajarvikeskus\/wp-json\/wp\/v2\/comments?post=12014"}],"version-history":[{"count":2,"href":"http:\/\/www.rukajarvensuunnanhistoriayhdistys.fi\/rukajarvikeskus\/wp-json\/wp\/v2\/posts\/12014\/revisions"}],"predecessor-version":[{"id":12017,"href":"http:\/\/www.rukajarvensuunnanhistoriayhdistys.fi\/rukajarvikeskus\/wp-json\/wp\/v2\/posts\/12014\/revisions\/12017"}],"wp:attachment":[{"href":"http:\/\/www.rukajarvensuunnanhistoriayhdistys.fi\/rukajarvikeskus\/wp-json\/wp\/v2\/media?parent=12014"}],"wp:term":[{"taxonomy":"category","embeddable":true,"href":"http:\/\/www.rukajarvensuunnanhistoriayhdistys.fi\/rukajarvikeskus\/wp-json\/wp\/v2\/categories?post=12014"},{"taxonomy":"post_tag","embeddable":true,"href":"http:\/\/www.rukajarvensuunnanhistoriayhdistys.fi\/rukajarvikeskus\/wp-json\/wp\/v2\/tags?post=12014"}],"curies":[{"name":"wp","href":"https:\/\/api.w.org\/{rel}","templated":true}]}}