{"id":12039,"date":"2025-06-04T07:00:00","date_gmt":"2025-06-04T04:00:00","guid":{"rendered":"http:\/\/www.rukajarvensuunnanhistoriayhdistys.fi\/rukajarvikeskus\/?p=12039"},"modified":"2025-06-03T20:58:59","modified_gmt":"2025-06-03T17:58:59","slug":"tanaan-4-6-puolustusvoimain-lippujuhlan-paiva","status":"publish","type":"post","link":"http:\/\/www.rukajarvensuunnanhistoriayhdistys.fi\/rukajarvikeskus\/ajankohtaista\/tanaan-4-6-puolustusvoimain-lippujuhlan-paiva\/","title":{"rendered":"T\u00e4n\u00e4\u00e4n 4.6. Puolustusvoimain lippujuhlan p\u00e4iv\u00e4"},"content":{"rendered":"<div class=\"fcbkbttn_buttons_block\" id=\"fcbkbttn_left\"><div class=\"fcbkbttn_like \"><fb:like href=\"http:\/\/www.rukajarvensuunnanhistoriayhdistys.fi\/rukajarvikeskus\/ajankohtaista\/tanaan-4-6-puolustusvoimain-lippujuhlan-paiva\/\" action=\"like\" colorscheme=\"light\" layout=\"button_count\"  size=\"small\"><\/fb:like><\/div><\/div>\n<p>Kunnioituksesta Suomen suurinta sukupolvea kohtaan Lieksan Rukaj\u00e4rvi-keskuksessa nostettiin Suomen lippu salkoon. Samalla p\u00e4iv\u00e4 on my\u00f6s Marsalkka Mannerheimin (4.6.1867 \u2013 27.1.1951) syntym\u00e4p\u00e4iv\u00e4. Rukaj\u00e4rven suunnalla oli erityisasema viime sotien aikana. Rukaj\u00e4rven suunta oli ainut yhtym\u00e4, joka oli suoraan ylip\u00e4\u00e4llik\u00f6n alainen.<\/p>\n\n\n\n<figure class=\"wp-block-image size-large is-resized\"><a href=\"http:\/\/www.rukajarvensuunnanhistoriayhdistys.fi\/historiayhdistys\/wp-content\/uploads\/2025\/06\/Marskin_kuva_KT_1_1981-scaled.bmp\"><img decoding=\"async\" src=\"http:\/\/www.rukajarvensuunnanhistoriayhdistys.fi\/historiayhdistys\/wp-content\/uploads\/2025\/06\/Marskin_kuva_KT_1_1981-670x1024.jpg\" alt=\"\" class=\"wp-image-16436\" style=\"width:830px;height:auto\"\/><\/a><\/figure>\n\n\n\n<p><em>Kuva Kansa Taisteli-lehti 1\/1981.<\/em><\/p>\n\n\n\n<p>Komentaja kenraali Raappana hyv\u00e4tapainen ylip\u00e4\u00e4llik\u00f6n luottomies. Osin varmaan juuri t\u00e4st\u00e4 syyst\u00e4 \u201dRukaj\u00e4rven suunta\u201d lahjoitti ylip\u00e4\u00e4llik\u00f6lle 75-p\u00e4iv\u00e4n\u00e4 lahjan mik\u00e4 el\u00e4\u00e4 yh\u00e4. Marski otti syntym\u00e4p\u00e4iv\u00e4lahjansa vastaan Marskin majalla vasta syyskuussa. Nykyisin Marskin Maja sijaitsee Lopella Puneliaj\u00e4rven rannalla mihin se pystytettiin sotien j\u00e4lkeen.<\/p>\n\n\n\n<figure class=\"wp-block-image size-large\"><a href=\"http:\/\/www.rukajarvensuunnanhistoriayhdistys.fi\/historiayhdistys\/wp-content\/uploads\/2025\/06\/1-Sven-Gronvall-Marskin-Maja-1942.jpg\"><img decoding=\"async\" src=\"http:\/\/www.rukajarvensuunnanhistoriayhdistys.fi\/historiayhdistys\/wp-content\/uploads\/2025\/06\/1-Sven-Gronvall-Marskin-Maja-1942-1024x714.jpg\" alt=\"\" class=\"wp-image-16437\"\/><\/a><\/figure>\n\n\n\n<figure class=\"wp-block-image size-full is-resized\"><a href=\"http:\/\/www.rukajarvensuunnanhistoriayhdistys.fi\/historiayhdistys\/wp-content\/uploads\/2025\/06\/Lahjakirja-Marskin-maja.jpg\"><img decoding=\"async\" src=\"http:\/\/www.rukajarvensuunnanhistoriayhdistys.fi\/historiayhdistys\/wp-content\/uploads\/2025\/06\/Lahjakirja-Marskin-maja.jpg\" alt=\"\" class=\"wp-image-16438\" style=\"width:312px;height:auto\"\/><\/a><\/figure>\n\n\n\n<p><strong>Kerrotaanpa t\u00e4st\u00e4 p\u00e4iv\u00e4st\u00e4 hiukan lis\u00e4\u00e4.<\/strong><\/p>\n\n\n\n<p>Puolustusvoimain lippujuhlan p\u00e4iv\u00e4 on Suomessa vuosittain 4. kes\u00e4kuuta vietett\u00e4v\u00e4 juhlap\u00e4iv\u00e4, joka on omistettu Suomen puolustusvoimille ja maanpuolustukselle. P\u00e4iv\u00e4n tarkoituksena on kunnioittaa Suomen puolustusvoimia ja niiden palveluksessa olevia sek\u00e4 muistuttaa maanpuolustuksen merkityksest\u00e4. T\u00e4m\u00e4 p\u00e4iv\u00e4 on samalla my\u00f6s marsalkka Carl Gustaf Emil Mannerheimin, Suomen marsalkan ja presidentin, syntym\u00e4p\u00e4iv\u00e4.<\/p>\n\n\n\n<p><strong>Tausta ja historia<\/strong><\/p>\n\n\n\n<ul class=\"wp-block-list\">\n<li><strong>Ensimm\u00e4inen lippujuhlan p\u00e4iv\u00e4:<\/strong>&nbsp;Puolustusvoimain lippujuhlan p\u00e4iv\u00e4\u00e4 vietettiin ensimm\u00e4isen kerran vuonna 1919, jolloin se tunnettiin alun perin nimell\u00e4 Puolustusvoimain p\u00e4iv\u00e4. P\u00e4iv\u00e4n vietto ajoitettiin juhlistamaan Suomen itsen\u00e4isyyden ajan ensimm\u00e4ist\u00e4 paraatia.<\/li>\n\n\n\n<li><strong>Mannerheimin syntym\u00e4p\u00e4iv\u00e4:<\/strong>&nbsp;Vuodesta 1942 l\u00e4htien Puolustusvoimain lippujuhlan p\u00e4iv\u00e4\u00e4 on vietetty 4. kes\u00e4kuuta, jolloin juhlistetaan my\u00f6s marsalkka Mannerheimin syntym\u00e4p\u00e4iv\u00e4\u00e4. Mannerheimilla oli merkitt\u00e4v\u00e4 rooli Suomen itsen\u00e4istymisess\u00e4 ja puolustusvoimien kehitt\u00e4misess\u00e4, ja h\u00e4nen syntym\u00e4p\u00e4iv\u00e4ns\u00e4 valinta korostaa h\u00e4nen merkityst\u00e4\u00e4n Suomen historiassa.<\/li>\n<\/ul>\n\n\n\n<p><\/p>\n\n\n\n<p><strong>Ilmari Koppisen haastattelu juhlap\u00e4iv\u00e4n kunniaksi<\/strong><\/p>\n\n\n\n<p>Radio Sandels l\u00e4hett\u00e4\u00e4n t\u00e4n\u00e4\u00e4n klo 12.00 alkaen professori Ilmari Koppisen haastattelun. Haastattelu on tehty h\u00e4nen 107-vuotisp\u00e4iv\u00e4n\u00e4\u00e4n. Julkaisimme syntym\u00e4p\u00e4iv\u00e4haastattelun sivuillamme, mihin voi tutustua <strong><a href=\"https:\/\/www.rukajarvensuunnanhistoriayhdistys.fi\/historiayhdistys\/sitkea-sissi-ilmari-koppinen-tayttaa-107-vuotta\/\">T\u00c4\u00c4LT\u00c4<\/a><\/strong>:<\/p>\n\n\n\n<figure class=\"wp-block-image size-large is-resized\"><a href=\"http:\/\/www.rukajarvensuunnanhistoriayhdistys.fi\/historiayhdistys\/wp-content\/uploads\/2025\/06\/Ilmari-ja-Hannes-9-1-2025-2.jpg\"><img decoding=\"async\" src=\"http:\/\/www.rukajarvensuunnanhistoriayhdistys.fi\/historiayhdistys\/wp-content\/uploads\/2025\/06\/Ilmari-ja-Hannes-9-1-2025-2-768x1024.jpg\" alt=\"\" class=\"wp-image-16446\" style=\"width:840px;height:auto\"\/><\/a><\/figure>\n\n\n\n<p><em>Koppista haastatteli veteraani Hannes Tuovinen.<\/em><\/p>\n\n\n\n<p><\/p>\n\n\n\n<p><strong>Lieksassa tapahtuu jatkuvasti<\/strong><\/p>\n\n\n\n<p>Lieksan Rukaj\u00e4rvi-keskuksessa juhlistamme p\u00e4iv\u00e4\u00e4 my\u00f6s Sibelius-ilmaiskonsertilla. Lieksan Rukaj\u00e4rvi-keskuksen Raappana-Salissa esiintyy Maria Pyykk\u00f6 viulu ja Tapio Nyk\u00e4nen piano. Sibelius, J\u00e4rnefelt ja Kaski.&nbsp;<\/p>\n\n\n\n<figure class=\"wp-block-image size-large\"><a href=\"http:\/\/www.rukajarvensuunnanhistoriayhdistys.fi\/historiayhdistys\/wp-content\/uploads\/2025\/06\/Konsetti-4-6-2025-Tapio-Nykanen.jpg\"><img decoding=\"async\" src=\"http:\/\/www.rukajarvensuunnanhistoriayhdistys.fi\/historiayhdistys\/wp-content\/uploads\/2025\/06\/Konsetti-4-6-2025-Tapio-Nykanen-1024x591.jpg\" alt=\"\" class=\"wp-image-16405\"\/><\/a><\/figure>\n\n\n\n<p>Osa Marskin Majaa esill\u00e4 Raappana-Salissa. Voit tutustua juttuun <strong><a href=\"https:\/\/www.rukajarvensuunnanhistoriayhdistys.fi\/historiayhdistys\/keskiviikkona-22-1-2015-lieksan-rukajarvi-keskuksessa-juhlapaiva\/\">T\u00c4\u00c4LT\u00c4<\/a><\/strong>: Tule pist\u00e4ytym\u00e4\u00e4n kyl\u00e4ss\u00e4 \u2013 palvelu on parasta mit\u00e4 Suomen rautatieasemilla on tarjolla.<\/p>\n\n\n\n<p><strong>Vieraita Ilomantsista<\/strong><\/p>\n\n\n\n<p>T\u00e4n\u00e4\u00e4n saamme bussilastillisen vieraita naapuripit\u00e4j\u00e4st\u00e4 Ilomantsista. Lieksan Matkailuoppaitten puheenjohtaja Ritva Kilpel\u00e4inen palvelee vieraita &#8211; ensin Rukaj\u00e4rvi-keskuksessa ja sitten per\u00e4\u00e4n my\u00f6s Raappana-Salissa klo 12.00 alkaen parin tunnin verran.<\/p>\n\n\n\n<p>Tervetuloa!<\/p>\n\n\n\n<p>Tulevassa ohjelmassa saadaan huippu esitys Lieksan aseman historiasta.<\/p>\n\n\n\n<figure class=\"wp-block-image size-large is-resized\"><a href=\"http:\/\/www.rukajarvensuunnanhistoriayhdistys.fi\/historiayhdistys\/wp-content\/uploads\/2025\/06\/Onko-Mikkeliin-manijoita-juna-man-justiinsa-8-6-2025.jpg\"><img decoding=\"async\" src=\"http:\/\/www.rukajarvensuunnanhistoriayhdistys.fi\/historiayhdistys\/wp-content\/uploads\/2025\/06\/Onko-Mikkeliin-manijoita-juna-man-justiinsa-8-6-2025-709x1024.jpg\" alt=\"\" class=\"wp-image-16406\" style=\"width:840px;height:auto\"\/><\/a><\/figure>\n\n\n\n<p>Kannattaa tulla kuulemaan.<\/p>\n","protected":false},"excerpt":{"rendered":"<p>Kunnioituksesta Suomen suurinta sukupolvea kohtaan Lieksan Rukaj\u00e4rvi-keskuksessa nostettiin Suomen lippu salkoon. Samalla p\u00e4iv\u00e4 on my\u00f6s Marsalkka Mannerheimin (4.6.1867 \u2013 27.1.1951) syntym\u00e4p\u00e4iv\u00e4. Rukaj\u00e4rven suunnalla oli erityisasema viime sotien aikana. Rukaj\u00e4rven suunta <a class=\"more-link\" href=\"http:\/\/www.rukajarvensuunnanhistoriayhdistys.fi\/rukajarvikeskus\/ajankohtaista\/tanaan-4-6-puolustusvoimain-lippujuhlan-paiva\/\">Lue lis\u00e4\u00e4&#8230;<span class=\"screen-reader-text\">T\u00e4n\u00e4\u00e4n 4.6. Puolustusvoimain lippujuhlan p\u00e4iv\u00e4<\/span><span class=\"meta-nav\">\u2192<\/span><\/a><\/p>\n","protected":false},"author":4,"featured_media":0,"comment_status":"closed","ping_status":"open","sticky":false,"template":"","format":"standard","meta":{"ngg_post_thumbnail":0,"_jetpack_newsletter_access":"","_jetpack_dont_email_post_to_subs":false,"_jetpack_newsletter_tier_id":0,"_jetpack_memberships_contains_paywalled_content":false,"_jetpack_memberships_contains_paid_content":false,"footnotes":""},"categories":[26,32],"tags":[],"class_list":["post-12039","post","type-post","status-publish","format-standard","hentry","category-ajankohtaista","category-historiayhdistys"],"jetpack_featured_media_url":"","jetpack_sharing_enabled":true,"jetpack_shortlink":"https:\/\/wp.me\/p72N2f-38b","_links":{"self":[{"href":"http:\/\/www.rukajarvensuunnanhistoriayhdistys.fi\/rukajarvikeskus\/wp-json\/wp\/v2\/posts\/12039","targetHints":{"allow":["GET"]}}],"collection":[{"href":"http:\/\/www.rukajarvensuunnanhistoriayhdistys.fi\/rukajarvikeskus\/wp-json\/wp\/v2\/posts"}],"about":[{"href":"http:\/\/www.rukajarvensuunnanhistoriayhdistys.fi\/rukajarvikeskus\/wp-json\/wp\/v2\/types\/post"}],"author":[{"embeddable":true,"href":"http:\/\/www.rukajarvensuunnanhistoriayhdistys.fi\/rukajarvikeskus\/wp-json\/wp\/v2\/users\/4"}],"replies":[{"embeddable":true,"href":"http:\/\/www.rukajarvensuunnanhistoriayhdistys.fi\/rukajarvikeskus\/wp-json\/wp\/v2\/comments?post=12039"}],"version-history":[{"count":2,"href":"http:\/\/www.rukajarvensuunnanhistoriayhdistys.fi\/rukajarvikeskus\/wp-json\/wp\/v2\/posts\/12039\/revisions"}],"predecessor-version":[{"id":12041,"href":"http:\/\/www.rukajarvensuunnanhistoriayhdistys.fi\/rukajarvikeskus\/wp-json\/wp\/v2\/posts\/12039\/revisions\/12041"}],"wp:attachment":[{"href":"http:\/\/www.rukajarvensuunnanhistoriayhdistys.fi\/rukajarvikeskus\/wp-json\/wp\/v2\/media?parent=12039"}],"wp:term":[{"taxonomy":"category","embeddable":true,"href":"http:\/\/www.rukajarvensuunnanhistoriayhdistys.fi\/rukajarvikeskus\/wp-json\/wp\/v2\/categories?post=12039"},{"taxonomy":"post_tag","embeddable":true,"href":"http:\/\/www.rukajarvensuunnanhistoriayhdistys.fi\/rukajarvikeskus\/wp-json\/wp\/v2\/tags?post=12039"}],"curies":[{"name":"wp","href":"https:\/\/api.w.org\/{rel}","templated":true}]}}