{"id":12045,"date":"2025-06-14T00:01:12","date_gmt":"2025-06-13T21:01:12","guid":{"rendered":"http:\/\/www.rukajarvensuunnanhistoriayhdistys.fi\/rukajarvikeskus\/?p=12045"},"modified":"2025-06-14T00:06:32","modified_gmt":"2025-06-13T21:06:32","slug":"lyhyt-puhe-tanaan-merkkipaivaansa-viettavalle-tapio-juutilaiselle","status":"publish","type":"post","link":"http:\/\/www.rukajarvensuunnanhistoriayhdistys.fi\/rukajarvikeskus\/historiayhdistys\/lyhyt-puhe-tanaan-merkkipaivaansa-viettavalle-tapio-juutilaiselle\/","title":{"rendered":"LYHYT PUHE T\u00c4N\u00c4\u00c4N MERKKIP\u00c4IV\u00c4\u00c4NS\u00c4 VIETT\u00c4V\u00c4LLE TAPIO JUUTILAISELLE!"},"content":{"rendered":"<div class=\"fcbkbttn_buttons_block\" id=\"fcbkbttn_left\"><div class=\"fcbkbttn_like \"><fb:like href=\"http:\/\/www.rukajarvensuunnanhistoriayhdistys.fi\/rukajarvikeskus\/historiayhdistys\/lyhyt-puhe-tanaan-merkkipaivaansa-viettavalle-tapio-juutilaiselle\/\" action=\"like\" colorscheme=\"light\" layout=\"button_count\"  size=\"small\"><\/fb:like><\/div><\/div>\n<p>T\u00e4m\u00e4 on sinun p\u00e4iv\u00e4si, Tapio &#8211; Eino Ilmari &#8221;Illu&#8221; Juutilaisen poika. Toivomme, ett\u00e4 t\u00e4m\u00e4 p\u00e4iv\u00e4 on sinulle t\u00e4ynn\u00e4 iloa, naurua ja syd\u00e4nt\u00e4 l\u00e4mmitt\u00e4vi\u00e4 muistoja!<\/p>\n\n\n\n<p>Sinun is\u00e4si Ilmari Juutilainen oli toisen maailmansodan aikana Suomen ilmavoimien menestyksekk\u00e4in taistelulent\u00e4j\u00e4 94:ll\u00e4 ilmavoitollaan. Kansainv\u00e4lisesti is\u00e4si oli toisen maailmansodan lent\u00e4jist\u00e4 ilmavoittojen vertailussa eniten pudotuksia tehnyt ei-saksalainen lent\u00e4j\u00e4, ja yksi nelj\u00e4st\u00e4 kaksinkertaisen Mannerheim-ristin ritarista.<\/p>\n\n\n\n<figure class=\"wp-block-image size-large\"><a href=\"http:\/\/www.rukajarvensuunnanhistoriayhdistys.fi\/historiayhdistys\/wp-content\/uploads\/2025\/06\/Ilmari-Juutilaisen-muistomerkki-Lieksan-asemapuisto-14-6-2025-scaled.jpg\"><img decoding=\"async\" src=\"http:\/\/www.rukajarvensuunnanhistoriayhdistys.fi\/historiayhdistys\/wp-content\/uploads\/2025\/06\/Ilmari-Juutilaisen-muistomerkki-Lieksan-asemapuisto-14-6-2025-1024x768.jpg\" alt=\"\" class=\"wp-image-16459\"\/><\/a><\/figure>\n\n\n\n<figure class=\"wp-block-image size-large is-resized\"><a href=\"http:\/\/www.rukajarvensuunnanhistoriayhdistys.fi\/historiayhdistys\/wp-content\/uploads\/2025\/06\/Ilmari-Juutilaisen-muistomerkki-Lieksan-asemapuisto-14-6-2025-1-1-scaled.jpg\"><img decoding=\"async\" src=\"http:\/\/www.rukajarvensuunnanhistoriayhdistys.fi\/historiayhdistys\/wp-content\/uploads\/2025\/06\/Ilmari-Juutilaisen-muistomerkki-Lieksan-asemapuisto-14-6-2025-1-1-768x1024.jpg\" alt=\"\" class=\"wp-image-16461\" style=\"width:838px;height:auto\"\/><\/a><\/figure>\n\n\n\n<figure class=\"wp-block-image size-large\"><a href=\"http:\/\/www.rukajarvensuunnanhistoriayhdistys.fi\/historiayhdistys\/wp-content\/uploads\/2025\/06\/Ilmari-Juutilaisen-Lieksan-asema-14-6-2025-1-scaled.jpg\"><img decoding=\"async\" src=\"http:\/\/www.rukajarvensuunnanhistoriayhdistys.fi\/historiayhdistys\/wp-content\/uploads\/2025\/06\/Ilmari-Juutilaisen-Lieksan-asema-14-6-2025-1-1024x604.jpg\" alt=\"\" class=\"wp-image-16463\"\/><\/a><\/figure>\n\n\n\n<p>Me t\u00e4\u00e4ll\u00e4 Lieksan asemalla, is\u00e4si syntym\u00e4huoneessa, vaalimme is\u00e4si arvokasta muistoa muistomerkin muodossa is\u00e4si entisen syntym\u00e4kotitalon pihamaalla.<\/p>\n\n\n\n<p>Mutta t\u00e4m\u00e4n p\u00e4iv\u00e4 on sinun merkkip\u00e4iv\u00e4si, joten toivotamme sinulle unohtumatonta juhlap\u00e4iv\u00e4\u00e4, joka on t\u00e4ynn\u00e4 kaikkea sit\u00e4, mist\u00e4 eniten pid\u00e4t \u2013 olkoon se yst\u00e4vi\u00e4, perhett\u00e4, kakkua tai yll\u00e4tyksi\u00e4. Nauti siis t\u00e4st\u00e4 hetkest\u00e4, ja olkoon jokainen hetki t\u00e4ynn\u00e4 iloa, rakkautta ja arvokkaita muistoja.<\/p>\n\n\n\n<p>Paljon onnea sinulle toivottaa<\/p>\n\n\n\n<p>Rukaj\u00e4rven suunnan historiayhdistys ry. sek\u00e4&nbsp;<\/p>\n\n\n\n<p>Rukaj\u00e4rvi-keskuksen Raappana Sali<\/p>\n\n\n\n<p>JHL\/TJT<\/p>\n","protected":false},"excerpt":{"rendered":"<p>T\u00e4m\u00e4 on sinun p\u00e4iv\u00e4si, Tapio &#8211; Eino Ilmari &#8221;Illu&#8221; Juutilaisen poika. Toivomme, ett\u00e4 t\u00e4m\u00e4 p\u00e4iv\u00e4 on sinulle t\u00e4ynn\u00e4 iloa, naurua ja syd\u00e4nt\u00e4 l\u00e4mmitt\u00e4vi\u00e4 muistoja! Sinun is\u00e4si Ilmari Juutilainen oli toisen <a class=\"more-link\" href=\"http:\/\/www.rukajarvensuunnanhistoriayhdistys.fi\/rukajarvikeskus\/historiayhdistys\/lyhyt-puhe-tanaan-merkkipaivaansa-viettavalle-tapio-juutilaiselle\/\">Lue lis\u00e4\u00e4&#8230;<span class=\"screen-reader-text\">LYHYT PUHE T\u00c4N\u00c4\u00c4N MERKKIP\u00c4IV\u00c4\u00c4NS\u00c4 VIETT\u00c4V\u00c4LLE TAPIO JUUTILAISELLE!<\/span><span class=\"meta-nav\">\u2192<\/span><\/a><\/p>\n","protected":false},"author":4,"featured_media":0,"comment_status":"closed","ping_status":"open","sticky":false,"template":"","format":"standard","meta":{"ngg_post_thumbnail":0,"_jetpack_newsletter_access":"","_jetpack_dont_email_post_to_subs":false,"_jetpack_newsletter_tier_id":0,"_jetpack_memberships_contains_paywalled_content":false,"_jetpack_memberships_contains_paid_content":false,"footnotes":""},"categories":[32],"tags":[],"class_list":["post-12045","post","type-post","status-publish","format-standard","hentry","category-historiayhdistys"],"jetpack_featured_media_url":"","jetpack_sharing_enabled":true,"jetpack_shortlink":"https:\/\/wp.me\/p72N2f-38h","_links":{"self":[{"href":"http:\/\/www.rukajarvensuunnanhistoriayhdistys.fi\/rukajarvikeskus\/wp-json\/wp\/v2\/posts\/12045","targetHints":{"allow":["GET"]}}],"collection":[{"href":"http:\/\/www.rukajarvensuunnanhistoriayhdistys.fi\/rukajarvikeskus\/wp-json\/wp\/v2\/posts"}],"about":[{"href":"http:\/\/www.rukajarvensuunnanhistoriayhdistys.fi\/rukajarvikeskus\/wp-json\/wp\/v2\/types\/post"}],"author":[{"embeddable":true,"href":"http:\/\/www.rukajarvensuunnanhistoriayhdistys.fi\/rukajarvikeskus\/wp-json\/wp\/v2\/users\/4"}],"replies":[{"embeddable":true,"href":"http:\/\/www.rukajarvensuunnanhistoriayhdistys.fi\/rukajarvikeskus\/wp-json\/wp\/v2\/comments?post=12045"}],"version-history":[{"count":2,"href":"http:\/\/www.rukajarvensuunnanhistoriayhdistys.fi\/rukajarvikeskus\/wp-json\/wp\/v2\/posts\/12045\/revisions"}],"predecessor-version":[{"id":12048,"href":"http:\/\/www.rukajarvensuunnanhistoriayhdistys.fi\/rukajarvikeskus\/wp-json\/wp\/v2\/posts\/12045\/revisions\/12048"}],"wp:attachment":[{"href":"http:\/\/www.rukajarvensuunnanhistoriayhdistys.fi\/rukajarvikeskus\/wp-json\/wp\/v2\/media?parent=12045"}],"wp:term":[{"taxonomy":"category","embeddable":true,"href":"http:\/\/www.rukajarvensuunnanhistoriayhdistys.fi\/rukajarvikeskus\/wp-json\/wp\/v2\/categories?post=12045"},{"taxonomy":"post_tag","embeddable":true,"href":"http:\/\/www.rukajarvensuunnanhistoriayhdistys.fi\/rukajarvikeskus\/wp-json\/wp\/v2\/tags?post=12045"}],"curies":[{"name":"wp","href":"https:\/\/api.w.org\/{rel}","templated":true}]}}