{"id":12049,"date":"2025-06-16T01:35:06","date_gmt":"2025-06-15T22:35:06","guid":{"rendered":"http:\/\/www.rukajarvensuunnanhistoriayhdistys.fi\/rukajarvikeskus\/?p=12049"},"modified":"2025-06-16T01:35:34","modified_gmt":"2025-06-15T22:35:34","slug":"hyvat-ystavat-olen-kiitoksen-velkaa-sita-tuskin-paikataan-pelkalla-hernekeitolla","status":"publish","type":"post","link":"http:\/\/www.rukajarvensuunnanhistoriayhdistys.fi\/rukajarvikeskus\/tapahtumat\/hyvat-ystavat-olen-kiitoksen-velkaa-sita-tuskin-paikataan-pelkalla-hernekeitolla\/","title":{"rendered":"Hyv\u00e4t yst\u00e4v\u00e4t \u2013 olen kiitoksen velkaa \u2013 sit\u00e4 tuskin paikataan pelk\u00e4ll\u00e4 hernekeitolla"},"content":{"rendered":"<div class=\"fcbkbttn_buttons_block\" id=\"fcbkbttn_left\"><div class=\"fcbkbttn_like \"><fb:like href=\"http:\/\/www.rukajarvensuunnanhistoriayhdistys.fi\/rukajarvikeskus\/tapahtumat\/hyvat-ystavat-olen-kiitoksen-velkaa-sita-tuskin-paikataan-pelkalla-hernekeitolla\/\" action=\"like\" colorscheme=\"light\" layout=\"button_count\"  size=\"small\"><\/fb:like><\/div><\/div>\n<p>T<strong>ervetuloa 19.6.2025 Lieksaan \u2013 Rukaj\u00e4rvi-keskukseen<\/strong><\/p>\n\n\n\n<figure class=\"wp-block-image size-large\"><a href=\"http:\/\/www.rukajarvensuunnanhistoriayhdistys.fi\/historiayhdistys\/wp-content\/uploads\/2025\/06\/Y-0-RSHTMK-26-4-2007-Puranen-Soikkeli-Perttuli-Tikkanen-scaled.jpg\"><img decoding=\"async\" src=\"http:\/\/www.rukajarvensuunnanhistoriayhdistys.fi\/historiayhdistys\/wp-content\/uploads\/2025\/06\/Y-0-RSHTMK-26-4-2007-Puranen-Soikkeli-Perttuli-Tikkanen-1024x768.jpg\" alt=\"\" class=\"wp-image-16468\"\/><\/a><\/figure>\n\n\n\n<p><em>Rukaj\u00e4rven suunnan historiikkitoimikunta luovutti arvokkaan veteraanihaastattelujen aineiston 26.4.2007 Sota-arkistolle. Kuvassa ylitarkastaja Mervi Puranen, Martti Soikkeli, Pentti Perttuli ja allekirjoittanut Tenho Tikkanen<\/em>.<\/p>\n\n\n\n<p>Olen ilmeisesti yksi Rukaj\u00e4rven suunnan nuorimmista veteraaneista. Is\u00e4ni k\u00e4veli Jatkosodan p\u00e4\u00e4tteeksi 462 km. Ensin he tulivat rintamalta jalan Peukaloniemen tukikohdasta, katselmus Repolassa 16.9.1944 klo 9.30 \u2013 ylittiv\u00e4t rajan samana p\u00e4iv\u00e4n\u00e4 klo 14.23 ja jatkoivat Jukolan Mottiin, miss\u00e4 heid\u00e4n joukko-osastonsa toimi kentt\u00e4varustelut\u00f6iss\u00e4. Is\u00e4ni l\u00e4hti v\u00e4litt\u00f6m\u00e4sti lomalle. T\u00e4st\u00e4 voi p\u00e4\u00e4tell\u00e4 mit\u00e4 tapahtui syntym\u00e4kodissani. Lomalta palasi mies, jolla oli aseveljille tuomisina voita, leip\u00e4\u00e4 ja perunoita. Sit\u00e4 n\u00e4m\u00e4 veteraanit muistelivat is\u00e4ni 100-vuotisp\u00e4ivill\u00e4 syntym\u00e4kodissani 10.3.2016. Tuohon juttuun voi tutustua linkin kautta (http:\/\/www.rukajarvensuunnanhistoriayhdistys.fi\/historiayhdistys\/tauno-tikkanen-100-vuotta\/) . Kolme saman komppanian miest\u00e4 Olavi Tiittanen, Maunu Kankaanp\u00e4\u00e4 ja is\u00e4ni. Is\u00e4ni sai aseveljilt\u00e4\u00e4n erikoisen lahjan \u201dSata tarinaa savusaunan lauteilla\u201d.<\/p>\n\n\n\n<p><strong>Torstaina 19.6. t\u00e4yt\u00e4n 80 vuotta.<\/strong><\/p>\n\n\n\n<p>T\u00e4m\u00e4n johdosta klo 11.00\u201312.30 tarjoan Lieksan rautatieasemalla hernekeittoaterian ja kahvit\u2013 kaikille, jotka ehtiv\u00e4t paikalle.<\/p>\n\n\n\n<figure class=\"wp-block-image size-large\"><a href=\"http:\/\/www.rukajarvensuunnanhistoriayhdistys.fi\/historiayhdistys\/wp-content\/uploads\/2025\/06\/G-4-Kanninen-18-10-2012-scaled.jpg\"><img decoding=\"async\" src=\"http:\/\/www.rukajarvensuunnanhistoriayhdistys.fi\/historiayhdistys\/wp-content\/uploads\/2025\/06\/G-4-Kanninen-18-10-2012-1024x576.jpg\" alt=\"\" class=\"wp-image-16471\"\/><\/a><\/figure>\n\n\n\n<p><em>Yhdistyksemme perustajaj\u00e4senen kenraali Ermei Kannisen kirjan Rukaj\u00e4rven luutnantti julkistamistilaisuus 18.10.2012 Marskin Majalla. Kuvassa Kanninen, allekirjoittanut ja Olavi Tiittanen<\/em>.<\/p>\n\n\n\n<p><strong>Ruokailun j\u00e4lkeen tilaisuuden ohjelma<\/strong><\/p>\n\n\n\n<p>Klo 13.00 -14.30 esittelen Rukaj\u00e4rvi-keskuksen n\u00e4yttelyt sek\u00e4 uunituoreen muistelmateokseni <em>Viimeinen pisara<\/em>.<\/p>\n\n\n\n<p>Klo 15:00 &#8211; Esittelyn j\u00e4lkeen l\u00e4hden oppaaksi Rukaj\u00e4rven tien varren kohteille \u2013 matkaamme rajavy\u00f6hykkeen puomille saakka. Kiertoajelu tehd\u00e4\u00e4n omilla autoilla.<\/p>\n\n\n\n<p>Tilaisuudessa ei ole muita puheita eik\u00e4 ohjelmaa kuin em. esittelyni. Toivon mukaan tilaisuus on mahdollisimman vapaamuotoinen tapaaminen esittelyineen.<\/p>\n\n\n\n<p>Ruokailu, kahvit ja opastukset ovat maksuttomia. Kustannan ne henkil\u00f6kohtaisesti \u2013 kiitollisuudesta ja siit\u00e4 yst\u00e4v\u00e4llisest\u00e4 tuesta, jota olen saanut kokea yhdistyksemme toiminnan aikana. Tukenne on merkinnyt minulle todella paljon. Olen siit\u00e4 kaikesta enemm\u00e4n kuin kiitoksen velkaa.<\/p>\n\n\n\n<p>Mit\u00e4\u00e4n kukkasia tai syntym\u00e4p\u00e4iv\u00e4lahjoja ei ole sopivaa hankkia. Mahdolliset muistamiset voi ohjata Rukaj\u00e4rven suunnan historiayhdistys ry:n varojen ker\u00e4yksen tilille. Ne tullaan k\u00e4ytt\u00e4m\u00e4\u00e4n lyhent\u00e4m\u00e4tt\u00f6min\u00e4 Lieksan Rukaj\u00e4rvi-keskuksen rautatieaseman kunnostamiseen. Tili <strong>FI02 5723 0220 2696 12,<\/strong>&nbsp; OKOYFIHH.&nbsp;<strong>Luvan numero on RA\/2021\/707<\/strong>.<\/p>\n\n\n\n<p>Lieksassa aikanaan ihastuin kaupungin hoidettuihin puistoihin, mink\u00e4 pani merkille my\u00f6s veteraani-is\u00e4ni. Tuon kertaisen matkamme kohteena olivat Rukaj\u00e4rven suunnan historialliset paikat. Matkasimme it\u00e4rajaa my\u00f6ten ja kuvasin yhteens\u00e4 108 erilaista opastetta. Lieksaan rakennetut opasteet olivat kiinnostavimmat. Niiden pohjalta kehitimme Kiuruvedelle palattuamme syntym\u00e4kotini suojissa Rukaj\u00e4rven tien nykyiset opasteet, joista arkkitehti Hannu Sotikov \u2013 Lieksassa asunut ja my\u00f6hemmin Kiuruvedelle naapuriini muuttanut siirtolainen \u2013 piirsi mallikuvat. Syntym\u00e4kotini pihapiiriin perustimme is\u00e4ni kanssa Rukaj\u00e4rven perinnepolun, mink\u00e4 kotiseutuneuvos Lauri Winberg vihki k\u00e4ytt\u00f6\u00f6n 18.6.2009 pidetyss\u00e4 juhlassa. Rukaj\u00e4rven tien opasteita varten purimme 2,5 km puhelinlinjaa, mist\u00e4 saimme opasteet, jotka valmistuivat vuonna 2011. Opasteita on kaikkiaan 14.<\/p>\n\n\n\n<p>Rukaj\u00e4rven tie on edelleen Suomen ainoa virallisesti auktorisoitu Jatkosodan taistelutie. Sen vihki k\u00e4ytt\u00f6\u00f6n kenraaliluutnantti Ermei Kanninen Jukolan Motissa 2.7.2011.<\/p>\n\n\n\n<p>N\u00e4ill\u00e4 sanoilla toivotan Teid\u00e4t tervetulleeksi Lieksaan \u2013 <strong>Matkailijan paratiisiin<\/strong>, jossa n\u00e4ht\u00e4v\u00e4\u00e4 riitt\u00e4\u00e4. Varaa aikaa ja viivy hetki historiallisten kohteiden \u00e4\u00e4rell\u00e4, keskell\u00e4 kaunista ja el\u00e4v\u00e4\u00e4 historiallista ymp\u00e4rist\u00f6\u00e4 \u2013 mennytt\u00e4 aikaa etsien. K\u00e4yt\u00e4 palveluitamme ja kerro niist\u00e4 my\u00f6s yst\u00e4villesi.<\/p>\n\n\n\n<p>Terveisin<br><strong>Tenho Tikkanen<\/strong><br>Rukaj\u00e4rven suunnan historiayhdistyksen puheenjohtaja<\/p>\n\n\n\n<p>Mik\u00e4li olet Lieksaan t\u00e4n\u00e4 kes\u00e4n\u00e4 tulossa oheisena tiedoksenne muutama majoituskohde, joista kannattaa kysy\u00e4 onko viel\u00e4 tilaa?<\/p>\n\n\n\n<p><strong>Meril\u00e4nhovi<\/strong><br>Kainuuntie 96<br>81700 Lieksa<br>&nbsp;<br><strong>Toimitusjohtaja&nbsp;Ari Marjeta<br>puh.&nbsp;<\/strong>044 5688 760<br><strong>email:&nbsp;<\/strong>marjetaari(at)gmail.com<\/p>\n\n\n\n<p>***<\/p>\n\n\n\n<p><strong>Jongunjoen Matkailu \u2013 Nurmij\u00e4rvell\u00e4 Rukaj\u00e4rven tien varrella<\/strong><\/p>\n\n\n\n<p>Kivivaarantie 21, 81970 Jongunjoki<\/p>\n\n\n\n<p><strong>Puhelinnumero:&nbsp;<\/strong><a href=\"https:\/\/www.google.com\/search?gs_ssp=eJzj4tZP1zcsSakwT86tMGC0UjWoMDGzTDFMtTQxS0lJMjBOM7cyqEg1MTFMMjK0NDQ2TUpNNrL0Es7Kz0svzcvKT81TyE0syU7MzCkFABK3Fps&amp;q=jongunjoen+matkailu&amp;oq=Jongunjoen+&amp;gs_lcrp=EgZjaHJvbWUqEAgBEC4YrwEYxwEYgAQYmAUyBggAEEUYOTIQCAEQLhivARjHARiABBiYBTIHCAIQLhiABDIHCAMQABiABDIHCAQQABiABDIHCAUQLhiABDIHCAYQABiABDIHCAcQABjvBTIKCAgQABiABBiiBNIBCTgyODJqMGoxNagCCLACAfEFQyXQ89_XD_4&amp;sourceid=chrome&amp;ie=UTF-8\">040 0949215<\/a> \u2013 info (at)jongunjoenmatkailu.com<\/p>\n","protected":false},"excerpt":{"rendered":"<p>Tervetuloa 19.6.2025 Lieksaan \u2013 Rukaj\u00e4rvi-keskukseen Rukaj\u00e4rven suunnan historiikkitoimikunta luovutti arvokkaan veteraanihaastattelujen aineiston 26.4.2007 Sota-arkistolle. Kuvassa ylitarkastaja Mervi Puranen, Martti Soikkeli, Pentti Perttuli ja allekirjoittanut Tenho Tikkanen. Olen ilmeisesti yksi Rukaj\u00e4rven <a class=\"more-link\" href=\"http:\/\/www.rukajarvensuunnanhistoriayhdistys.fi\/rukajarvikeskus\/tapahtumat\/hyvat-ystavat-olen-kiitoksen-velkaa-sita-tuskin-paikataan-pelkalla-hernekeitolla\/\">Lue lis\u00e4\u00e4&#8230;<span class=\"screen-reader-text\">Hyv\u00e4t yst\u00e4v\u00e4t \u2013 olen kiitoksen velkaa \u2013 sit\u00e4 tuskin paikataan pelk\u00e4ll\u00e4 hernekeitolla<\/span><span class=\"meta-nav\">\u2192<\/span><\/a><\/p>\n","protected":false},"author":4,"featured_media":0,"comment_status":"closed","ping_status":"open","sticky":false,"template":"","format":"standard","meta":{"ngg_post_thumbnail":0,"_jetpack_newsletter_access":"","_jetpack_dont_email_post_to_subs":false,"_jetpack_newsletter_tier_id":0,"_jetpack_memberships_contains_paywalled_content":false,"_jetpack_memberships_contains_paid_content":false,"footnotes":""},"categories":[26,32,15],"tags":[],"class_list":["post-12049","post","type-post","status-publish","format-standard","hentry","category-ajankohtaista","category-historiayhdistys","category-tapahtumat"],"jetpack_featured_media_url":"","jetpack_sharing_enabled":true,"jetpack_shortlink":"https:\/\/wp.me\/p72N2f-38l","_links":{"self":[{"href":"http:\/\/www.rukajarvensuunnanhistoriayhdistys.fi\/rukajarvikeskus\/wp-json\/wp\/v2\/posts\/12049","targetHints":{"allow":["GET"]}}],"collection":[{"href":"http:\/\/www.rukajarvensuunnanhistoriayhdistys.fi\/rukajarvikeskus\/wp-json\/wp\/v2\/posts"}],"about":[{"href":"http:\/\/www.rukajarvensuunnanhistoriayhdistys.fi\/rukajarvikeskus\/wp-json\/wp\/v2\/types\/post"}],"author":[{"embeddable":true,"href":"http:\/\/www.rukajarvensuunnanhistoriayhdistys.fi\/rukajarvikeskus\/wp-json\/wp\/v2\/users\/4"}],"replies":[{"embeddable":true,"href":"http:\/\/www.rukajarvensuunnanhistoriayhdistys.fi\/rukajarvikeskus\/wp-json\/wp\/v2\/comments?post=12049"}],"version-history":[{"count":2,"href":"http:\/\/www.rukajarvensuunnanhistoriayhdistys.fi\/rukajarvikeskus\/wp-json\/wp\/v2\/posts\/12049\/revisions"}],"predecessor-version":[{"id":12051,"href":"http:\/\/www.rukajarvensuunnanhistoriayhdistys.fi\/rukajarvikeskus\/wp-json\/wp\/v2\/posts\/12049\/revisions\/12051"}],"wp:attachment":[{"href":"http:\/\/www.rukajarvensuunnanhistoriayhdistys.fi\/rukajarvikeskus\/wp-json\/wp\/v2\/media?parent=12049"}],"wp:term":[{"taxonomy":"category","embeddable":true,"href":"http:\/\/www.rukajarvensuunnanhistoriayhdistys.fi\/rukajarvikeskus\/wp-json\/wp\/v2\/categories?post=12049"},{"taxonomy":"post_tag","embeddable":true,"href":"http:\/\/www.rukajarvensuunnanhistoriayhdistys.fi\/rukajarvikeskus\/wp-json\/wp\/v2\/tags?post=12049"}],"curies":[{"name":"wp","href":"https:\/\/api.w.org\/{rel}","templated":true}]}}