{"id":12053,"date":"2025-06-22T22:36:08","date_gmt":"2025-06-22T19:36:08","guid":{"rendered":"http:\/\/www.rukajarvensuunnanhistoriayhdistys.fi\/rukajarvikeskus\/?p=12053"},"modified":"2025-06-23T08:10:33","modified_gmt":"2025-06-23T05:10:33","slug":"kiitollisin-mielin-80-vuotispaivan-jalkeen","status":"publish","type":"post","link":"http:\/\/www.rukajarvensuunnanhistoriayhdistys.fi\/rukajarvikeskus\/tapahtumat\/kiitollisin-mielin-80-vuotispaivan-jalkeen\/","title":{"rendered":"Kiitollisin mielin \u2013 80-vuotisp\u00e4iv\u00e4n j\u00e4lkeen"},"content":{"rendered":"<div class=\"fcbkbttn_buttons_block\" id=\"fcbkbttn_left\"><div class=\"fcbkbttn_like \"><fb:like href=\"http:\/\/www.rukajarvensuunnanhistoriayhdistys.fi\/rukajarvikeskus\/tapahtumat\/kiitollisin-mielin-80-vuotispaivan-jalkeen\/\" action=\"like\" colorscheme=\"light\" layout=\"button_count\"  size=\"small\"><\/fb:like><\/div><\/div>\n<p>Vietin 19. kes\u00e4kuuta 2025 ensimm\u00e4iset julkiset syntym\u00e4p\u00e4iv\u00e4ni Lieksan Rukaj\u00e4rvi-keskuksessa. Olen syv\u00e4sti kiitollinen kaikille teille, jotka tavalla tai toisella muistitte, soititte, kirjoititte, k\u00e4vitte tai l\u00e4hetitte tervehdyksen. Jokainen viesti oli t\u00e4rke\u00e4 ja toi iloa.<\/p>\n\n\n\n<figure class=\"wp-block-image size-large\"><a href=\"http:\/\/www.rukajarvensuunnanhistoriayhdistys.fi\/historiayhdistys\/wp-content\/uploads\/2025\/06\/A-Taito-Kainulainen-ja-Tenho-2.jpg\"><img decoding=\"async\" src=\"http:\/\/www.rukajarvensuunnanhistoriayhdistys.fi\/historiayhdistys\/wp-content\/uploads\/2025\/06\/A-Taito-Kainulainen-ja-Tenho-2-1024x576.jpg\" alt=\"\" class=\"wp-image-16479\"\/><\/a><\/figure>\n\n\n\n<p><em>Taito Kainulainen onnitteli kaikkien puolesta laulun sanoin, koska puheita ei pidetty. Kuva Antero Huttunen.<\/em><\/p>\n\n\n\n<p>Tytt\u00e4renpoikani Eemil, syksyll\u00e4 kahdeksan vuotta t\u00e4ytt\u00e4v\u00e4, lausui minulle seuraavasti:<br><strong>&#8221;Nyt kun olet t\u00e4ytt\u00e4nyt 80 vuotta, on aivan luonnollista, ett\u00e4 et en\u00e4\u00e4 kaikkea ymm\u00e4rr\u00e4 ja siksi joudut turvautumaan toisten apuun \u2013 mutta teko\u00e4lykin voi sinua auttaa.&#8221;<\/strong><br>Niin se aika kuluu \u2013 viisaus siirtyy jo seuraavalle sukupolvelle.<\/p>\n\n\n\n<p><strong>Perhe ja yhteis\u00f6 \u2013 suurin ilo<\/strong><\/p>\n\n\n\n<p>Sain juhlap\u00e4iv\u00e4n\u00e4 ymp\u00e4rilleni nelj\u00e4 sukupolvea omaa perhett\u00e4ni. Mik\u00e4\u00e4n ei voi korvata oman suvun ja l\u00e4heisten tukea. El\u00e4m\u00e4 on vienyt moniin suuntiin, eik\u00e4 kaikki ole toteutunut niin kuin nuorena suunnittelin \u2013 mutta en vaihtaisi n\u00e4it\u00e4 vuosia pois. Yst\u00e4vien ja ty\u00f6toverien tuella tavoitteet ovat toteutuneet pitk\u00e4lti. Kiit\u00e4n teit\u00e4 jokaista.<\/p>\n\n\n\n<p>Sain valmiiksi muistelmieni toisen osan, vaikka ajattelin, ett\u00e4 olisin onnistunut julkaisemaan my\u00f6s viimeisimm\u00e4n juuri 80-vuotissyntym\u00e4p\u00e4iv\u00e4n\u00e4ni eli Rukaj\u00e4rven suunnan historiaty\u00f6n historiikin. Monet yst\u00e4vist\u00e4ni pyysiv\u00e4t arvioimaan asioita uudelleen, jota neuvoa kuuntelin ja niinp\u00e4 muistelmieni toinen osa \u201dViimeinen pisara\u201d valmistui, mit\u00e4 hiukan esittelin syntym\u00e4p\u00e4iv\u00e4n tilaisuudessa.<\/p>\n\n\n\n<p>On ollut suuri kunnia ja yll\u00e4tys, ett\u00e4 Viimeinen pisara on saanut huomiota my\u00f6s oikeustieteellisess\u00e4 tutkimuksessa. Yksi maamme arvostetuimmista vero-oikeuden asiantuntijoista, professori Esko Linnakangas, on yhdess\u00e4 tutkija Ville Isotalon kanssa k\u00e4sitellyt kirjaani juuri ilmestyneess\u00e4 Helsingin yliopiston julkaisemassa teoksessa Veropolitiikan riidat, roolit ja rintamalinjat (2025). Tutkimus on luettavissa avoimesti Helda-tietokannassa: <a href=\"https:\/\/l.facebook.com\/l.php?u=http%3A%2F%2Fhdl.handle.net%2F10138%2F595911%3Ffbclid%3DIwZXh0bgNhZW0CMTAAAR4r9Mxk90dHFaLufLaOTfhW8rg_obFI7oIbd0lWFBcY0A4QXZXVhZecIkYb7A_aem_njXNpROj6uLvvK-WHnUw5A&amp;h=AT2O32f3L7qfqhCUvLSHvQQKeBRP9fL5eZ2E6mMyAs99WPWSCjpsSKrHw-gCUGsHQr1WLaHnqauF7Zx4K9xiOoBHmfghSKgA8_fQiT2J3dCrXHORq5RgIkZce5pj-HsIyqpIMJMcKWrXJ70R&amp;__tn__=-UK-R&amp;c[0]=AT09azc2rySP5Cu_nhFDt_bI7kI7aJ2Z1iprRn-tBNxqpdoQudV6klxmnT8k9HKZ25kiaMngv37J_Y5oq5ECCxl_9muBVRtb_F-Rp0WrR2cnYoVaJFGGWpObR8xA1o8PkYoxKiyHzNgGkB5f_6agpiwZsZDpSxrw7fXs4S889fAVz0U3EEf3YohhyaTM_OUyXdo\" rel=\"noreferrer noopener\" target=\"_blank\">http:\/\/hdl.handle.net\/10138\/595911<\/a>. T\u00e4m\u00e4 huomio l\u00e4mmitt\u00e4\u00e4 erityisesti mielt\u00e4ni, sill\u00e4 se osoittaa, ett\u00e4 my\u00f6s kent\u00e4n \u00e4\u00e4ni alimmalta suorittavalta tasoltakin voi kantautua tieteen ja yliopistojen seinien sis\u00e4puolelle \u2013 ja ehk\u00e4 osaltaan edist\u00e4\u00e4 yhteiskunnallista keskustelua ja ymm\u00e4rryst\u00e4 siit\u00e4, miten k\u00e4yt\u00e4nn\u00f6n arkiel\u00e4m\u00e4 ja hallinnon todellisuus kohtaavat. En tietenk\u00e4\u00e4n ole kirjoittanut teosta vain itse\u00e4ni varten, vaan jo kirjan esipuheessa toivon siit\u00e4 olevan \u201dopittavaa yhteiskunnalle\u201d.<\/p>\n\n\n\n<p><strong>Kiitokset Lieksalle<\/strong><\/p>\n\n\n\n<p>Rukaj\u00e4rvi-keskus ja Lieksan rautatieasema olivat juhlani keski\u00f6ss\u00e4. Olen kiitollinen siit\u00e4, ett\u00e4 sain julkistaa ja esitell\u00e4 uunituoreen muistelmateokseni <strong>\u201dViimeinen pisara\u201d<\/strong> ja johdattaa vieraat Rukaj\u00e4rven tien kohteille. T\u00e4m\u00e4 juhla oli minulle enemm\u00e4n kuin merkkip\u00e4iv\u00e4 \u2013 se oli osoitus yhteis\u00f6st\u00e4, joka v\u00e4litt\u00e4\u00e4 ja toimii.<\/p>\n\n\n\n<figure class=\"wp-block-image size-large\"><a href=\"http:\/\/www.rukajarvensuunnanhistoriayhdistys.fi\/historiayhdistys\/wp-content\/uploads\/2025\/06\/Hallman-kuohuviini-2-scaled.jpg\"><img decoding=\"async\" src=\"http:\/\/www.rukajarvensuunnanhistoriayhdistys.fi\/historiayhdistys\/wp-content\/uploads\/2025\/06\/Hallman-kuohuviini-2-1024x768.jpg\" alt=\"\" class=\"wp-image-16493\"\/><\/a><\/figure>\n\n\n\n<p><em>Kiit\u00e4n Risto Hallmania, jonka is\u00e4n muisto ja Alahovin viinitila yhdistyiv\u00e4t juhlap\u00e4iv\u00e4n viinivalintaan. Lahjoitin &#8221;Raappana&#8221;-etiketill\u00e4 varustetut viinit Lieksan aseman ja Nurmij\u00e4rven kahvioon. Ne meniv\u00e4t kaupaksi ja sill\u00e4kin tavoin tulee tukea toimintamme Lieksassa. Viini j\u00e4i pois syntym\u00e4p\u00e4iv\u00e4p\u00f6yd\u00e4st\u00e4, mutta juhlat eiv\u00e4t kaivanneet tippaakaan enemp\u00e4\u00e4 \u2013 tunnelma oli l\u00e4mmin ja t\u00e4ynn\u00e4 iloa ilman viinaakin. Alahovin Riston saman niminen is\u00e4 oli absolutisti \u00e4lyk\u00e4s ja huumorintajuinen el\u00e4inl\u00e4\u00e4k\u00e4ri rintamalla.<\/em><\/p>\n\n\n\n<p>Kiit\u00e4n Risto Hallmania, jonka is\u00e4n muisto ja Alahovin viinitila yhdistyiv\u00e4t juhlap\u00e4iv\u00e4n viinivalintaan. &#8221;Raappana&#8221;-etiketill\u00e4 varustettu viini meni kaupaksi Lieksassa ja Nurmij\u00e4rvell\u00e4. Viini j\u00e4i pois syntym\u00e4p\u00e4iv\u00e4p\u00f6yd\u00e4st\u00e4, mutta juhlat eiv\u00e4t kaivanneet tippaakaan enemp\u00e4\u00e4 \u2013 tunnelma oli l\u00e4mmin ja t\u00e4ynn\u00e4 iloa ilman viinaakin. Riston saman niminen is\u00e4 oli absolutisti \u00e4lyk\u00e4s ja huumorintajuinen el\u00e4inl\u00e4\u00e4k\u00e4ri rintamalla.<\/p>\n\n\n\n<p><strong>Kiitos my\u00f6s veteraaneille<\/strong><\/p>\n\n\n\n<p>Sain onnittelut my\u00f6s kahdelta i\u00e4kk\u00e4\u00e4lt\u00e4 veteraanilta: <strong>107-vuotiaalta Ilmari Koppiselta<\/strong> ja <strong>101-vuotiaalta Hannes Tuoviselta<\/strong>. Hanneksen kirjeess\u00e4 oli yll\u00e4tys: <strong>&#8221;Rauha 80 vuotta&#8221;<\/strong> -mitali muistutti siit\u00e4, miksi t\u00e4t\u00e4 ty\u00f6t\u00e4 tehd\u00e4\u00e4n. Meid\u00e4n yhdistyksemme on j\u00e4rjest\u00e4nyt ainoat valtakunnalliset aselevon 70- ja 80-vuotisjuhlat maassamme. Niiden perint\u00f6 el\u00e4\u00e4 yh\u00e4 voimakkaana.<\/p>\n\n\n\n<figure class=\"wp-block-image size-large is-resized\"><a href=\"http:\/\/www.rukajarvensuunnanhistoriayhdistys.fi\/historiayhdistys\/wp-content\/uploads\/2025\/06\/Ilmari-ja-Hannes-9-1-2025-2-1.jpg\"><img decoding=\"async\" src=\"http:\/\/www.rukajarvensuunnanhistoriayhdistys.fi\/historiayhdistys\/wp-content\/uploads\/2025\/06\/Ilmari-ja-Hannes-9-1-2025-2-1-768x1024.jpg\" alt=\"\" class=\"wp-image-16481\" style=\"width:835px;height:auto\"\/><\/a><\/figure>\n\n\n\n<p><em>Onnittelijoita on suuri m\u00e4\u00e4r\u00e4, joiden joukossa l\u00e4heiset veteraaniyst\u00e4v\u00e4ni 107-vuotias Ilmari Koppinen ja 101-vuotias Hannes Tuovinen. Ilmarilta pitk\u00e4 puhelu ja Hannes oli l\u00e4hett\u00e4nyt oikein kirjatun kirjeen ja kirjeess\u00e4 olikin mieluisa yll\u00e4tys. Rauhan mitaliin oli painettu teksti: \u201dJotta emme unohtaisi \u2013 Rauha 80 vuotta\u201d. T\u00e4m\u00e4 minua erityisesti l\u00e4mmitti, kun viel\u00e4 muistamme, ett\u00e4 juuri yhdistyksemme on viett\u00e4nyt ainoat valtakunnalliset Aselevon 70- ja 80-vuotisjuhlat. Ne pidettiin Lieksassa 5.9.2014 ja 5.9.2024. Kumpaankin juhlaan tultiin veteraanien kera h\u00f6yryjunalla, joka ainoana Euroopassa k\u00e4ytt\u00e4\u00e4 puuta.<\/em><\/p>\n\n\n\n<figure class=\"wp-block-image size-large\"><a href=\"http:\/\/www.rukajarvensuunnanhistoriayhdistys.fi\/historiayhdistys\/wp-content\/uploads\/2025\/06\/Hannes-onnittelut-scaled.jpg\"><img decoding=\"async\" src=\"http:\/\/www.rukajarvensuunnanhistoriayhdistys.fi\/historiayhdistys\/wp-content\/uploads\/2025\/06\/Hannes-onnittelut-1024x768.jpg\" alt=\"\" class=\"wp-image-16482\"\/><\/a><\/figure>\n\n\n\n<p><em>Tosi mieluisa muisto Hannekselta: <\/em><\/p>\n\n\n\n<figure class=\"wp-block-image size-full is-resized\"><a href=\"http:\/\/www.rukajarvensuunnanhistoriayhdistys.fi\/historiayhdistys\/wp-content\/uploads\/2025\/06\/Hanne-Tuovinen-maalaa-5-9-2024.jpg\"><img decoding=\"async\" src=\"http:\/\/www.rukajarvensuunnanhistoriayhdistys.fi\/historiayhdistys\/wp-content\/uploads\/2025\/06\/Hanne-Tuovinen-maalaa-5-9-2024.jpg\" alt=\"\" class=\"wp-image-16400\" style=\"width:840px;height:auto\"\/><\/a><\/figure>\n\n\n\n<p><strong>Lahjoitukset aseman kunnostamiseen<\/strong><\/p>\n\n\n\n<p>Olen pyyt\u00e4nyt, ettei kukkia tai lahjoja tuoda, vaan mahdolliset muistamiset voi ohjata yhdistyksemme rahanker\u00e4ystilille:<br><strong>FI02 5723 0220 2696 12 \/ OKOYFIHH \u2013 viestiksi ei muuta tarvitse.<\/strong><br>Eiliseen menness\u00e4 lahjoituksia oli kertynyt 2 685 euroa \u2013 k\u00e4yt\u00e4mme ne lyhent\u00e4m\u00e4tt\u00f6m\u00e4n\u00e4 Lieksan aseman kunnostukseen. Syd\u00e4mellinen kiitos tuestanne.<\/p>\n\n\n\n<p><strong>Yhteinen historia<\/strong><\/p>\n\n\n\n<p>Seisoessani Rukaj\u00e4rven tien opasteiden edess\u00e4 muistelin sit\u00e4, mist\u00e4 kaikki alkoi: Lieksan it\u00e4rajan opasteet inspiroivat meit\u00e4 rakentamaan nykyiset 14 virallista taistelutien opastetta. Arkkitehtikuvat piirsi Hannu Sotikov \u2013 Lieksasta Kiuruvedelle muuttanut naapurini. Ensimm\u00e4inen Rukaj\u00e4rven perinnepolku vihittiin k\u00e4ytt\u00f6\u00f6n syntym\u00e4kotini pihapiiriss\u00e4 18.9.2009. Kivivaaran perinnepolun vihki kotiseutuneuvos Lauri Winberg.<\/p>\n\n\n\n<p>Lieksan Rukaj\u00e4rven tie on <strong>Suomen ainoa virallisesti auktorisoitu Jatkosodan taistelutie<\/strong>, vihitty k\u00e4ytt\u00f6\u00f6n 2.7.2011 kenraaliluutnantti Ermei Kannisen toimesta.<\/p>\n\n\n\n<p><strong>Viel\u00e4 kerran: Kiitos!<\/strong><\/p>\n\n\n\n<p>Juhlap\u00e4iv\u00e4ni oli 22 tuntia pitk\u00e4 \u2013 mutta l\u00e4mminhenkinen. Siksi n\u00e4m\u00e4 kiitoksen sanat viiv\u00e4styiv\u00e4t, mutta ne eiv\u00e4t ole v\u00e4hempiarvoisia. Kiit\u00e4n teit\u00e4 kaikkia \u2013 syd\u00e4mest\u00e4ni.<\/p>\n\n\n\n<p>Yst\u00e4v\u00e4llisesti,<\/p>\n\n\n\n<p><strong>Tenho Tikkanen<\/strong><br>Rukaj\u00e4rven suunnan historiayhdistyksen puheenjohtaja<br>80-vuotias, yh\u00e4 palveluksessa \u2013 historian ja rauhan asialla<\/p>\n\n\n\n<p><strong>PS:<\/strong> Juhlaan menness\u00e4 en saanut viel\u00e4 muistelmieni \u201dViimeinen pisara\u201d 2. osaa kovakantisena, sellainen valmistuu 15.7.2025, mist\u00e4 voi tehd\u00e4 ennakkovarauksia. Kumpaakin kirjaani on saatavissa Lieksan Rukaj\u00e4rvi-keskuksesta. Kirjojen tuoton tilit\u00e4n Rukaj\u00e4rven suunnan historiayhdistyksen tilille. Verot maksan itse s\u00e4\u00e4nn\u00f6sten mukaisesti.<\/p>\n\n\n\n<p>Viimeinen pisara erikseen 100 \u20ac &#8211; sis\u00e4lt\u00e4\u00e4 l\u00e4hetyskulut ja Narrien kynsiss\u00e4 100 \u20ac &#8211;&nbsp; &#8211; sis\u00e4lt\u00e4\u00e4 l\u00e4hetyskulut<\/p>\n\n\n\n<p>Yhteishinta 150 \u20ac &#8211;&nbsp; &#8211; sis\u00e4lt\u00e4\u00e4 l\u00e4hetyskulut<\/p>\n\n\n\n<figure class=\"wp-block-image size-full\"><a href=\"http:\/\/www.rukajarvensuunnanhistoriayhdistys.fi\/rukajarvikeskus\/wp-content\/uploads\/2025\/06\/Viimeinen-pisara-kannet-1.jpg\"><img loading=\"lazy\" decoding=\"async\" width=\"896\" height=\"642\" src=\"http:\/\/www.rukajarvensuunnanhistoriayhdistys.fi\/rukajarvikeskus\/wp-content\/uploads\/2025\/06\/Viimeinen-pisara-kannet-1.jpg\" alt=\"\" class=\"wp-image-12054\" srcset=\"http:\/\/www.rukajarvensuunnanhistoriayhdistys.fi\/rukajarvikeskus\/wp-content\/uploads\/2025\/06\/Viimeinen-pisara-kannet-1.jpg 896w, http:\/\/www.rukajarvensuunnanhistoriayhdistys.fi\/rukajarvikeskus\/wp-content\/uploads\/2025\/06\/Viimeinen-pisara-kannet-1-300x215.jpg 300w, http:\/\/www.rukajarvensuunnanhistoriayhdistys.fi\/rukajarvikeskus\/wp-content\/uploads\/2025\/06\/Viimeinen-pisara-kannet-1-768x550.jpg 768w\" sizes=\"auto, (max-width: 896px) 100vw, 896px\" \/><\/a><\/figure>\n\n\n\n<p><em>Viimeinen pisara &#8211; julkistaminen esittelyineen 19.6.2025 &#8211; Lieksan Rukaj\u00e4rvi-keskus.<\/em><\/p>\n\n\n\n<figure class=\"wp-block-image size-large\"><a href=\"http:\/\/www.rukajarvensuunnanhistoriayhdistys.fi\/historiayhdistys\/wp-content\/uploads\/2025\/06\/Narrien-kynsissa-kansitaitto-10-10-2023.jpg\"><img decoding=\"async\" src=\"http:\/\/www.rukajarvensuunnanhistoriayhdistys.fi\/historiayhdistys\/wp-content\/uploads\/2025\/06\/Narrien-kynsissa-kansitaitto-10-10-2023-1024x708.jpg\" alt=\"\" class=\"wp-image-16478\"\/><\/a><\/figure>\n\n\n\n<p><em>Narrien kynsiss\u00e4 julkistaminen 10.10.2023 &#8211; &#8221;Kivivaara&#8221; Rukaj\u00e4rven perinnepolku &#8211; Kiuruvesi. <\/em><\/p>\n\n\n\n<hr class=\"wp-block-separator has-alpha-channel-opacity\"\/>\n","protected":false},"excerpt":{"rendered":"<p>Vietin 19. kes\u00e4kuuta 2025 ensimm\u00e4iset julkiset syntym\u00e4p\u00e4iv\u00e4ni Lieksan Rukaj\u00e4rvi-keskuksessa. Olen syv\u00e4sti kiitollinen kaikille teille, jotka tavalla tai toisella muistitte, soititte, kirjoititte, k\u00e4vitte tai l\u00e4hetitte tervehdyksen. Jokainen viesti oli t\u00e4rke\u00e4 ja <a class=\"more-link\" href=\"http:\/\/www.rukajarvensuunnanhistoriayhdistys.fi\/rukajarvikeskus\/tapahtumat\/kiitollisin-mielin-80-vuotispaivan-jalkeen\/\">Lue lis\u00e4\u00e4&#8230;<span class=\"screen-reader-text\">Kiitollisin mielin \u2013 80-vuotisp\u00e4iv\u00e4n j\u00e4lkeen<\/span><span class=\"meta-nav\">\u2192<\/span><\/a><\/p>\n","protected":false},"author":4,"featured_media":0,"comment_status":"closed","ping_status":"open","sticky":false,"template":"","format":"standard","meta":{"ngg_post_thumbnail":0,"_jetpack_newsletter_access":"","_jetpack_dont_email_post_to_subs":false,"_jetpack_newsletter_tier_id":0,"_jetpack_memberships_contains_paywalled_content":false,"_jetpack_memberships_contains_paid_content":false,"footnotes":""},"categories":[26,32,15],"tags":[],"class_list":["post-12053","post","type-post","status-publish","format-standard","hentry","category-ajankohtaista","category-historiayhdistys","category-tapahtumat"],"jetpack_featured_media_url":"","jetpack_sharing_enabled":true,"jetpack_shortlink":"https:\/\/wp.me\/p72N2f-38p","_links":{"self":[{"href":"http:\/\/www.rukajarvensuunnanhistoriayhdistys.fi\/rukajarvikeskus\/wp-json\/wp\/v2\/posts\/12053","targetHints":{"allow":["GET"]}}],"collection":[{"href":"http:\/\/www.rukajarvensuunnanhistoriayhdistys.fi\/rukajarvikeskus\/wp-json\/wp\/v2\/posts"}],"about":[{"href":"http:\/\/www.rukajarvensuunnanhistoriayhdistys.fi\/rukajarvikeskus\/wp-json\/wp\/v2\/types\/post"}],"author":[{"embeddable":true,"href":"http:\/\/www.rukajarvensuunnanhistoriayhdistys.fi\/rukajarvikeskus\/wp-json\/wp\/v2\/users\/4"}],"replies":[{"embeddable":true,"href":"http:\/\/www.rukajarvensuunnanhistoriayhdistys.fi\/rukajarvikeskus\/wp-json\/wp\/v2\/comments?post=12053"}],"version-history":[{"count":3,"href":"http:\/\/www.rukajarvensuunnanhistoriayhdistys.fi\/rukajarvikeskus\/wp-json\/wp\/v2\/posts\/12053\/revisions"}],"predecessor-version":[{"id":12060,"href":"http:\/\/www.rukajarvensuunnanhistoriayhdistys.fi\/rukajarvikeskus\/wp-json\/wp\/v2\/posts\/12053\/revisions\/12060"}],"wp:attachment":[{"href":"http:\/\/www.rukajarvensuunnanhistoriayhdistys.fi\/rukajarvikeskus\/wp-json\/wp\/v2\/media?parent=12053"}],"wp:term":[{"taxonomy":"category","embeddable":true,"href":"http:\/\/www.rukajarvensuunnanhistoriayhdistys.fi\/rukajarvikeskus\/wp-json\/wp\/v2\/categories?post=12053"},{"taxonomy":"post_tag","embeddable":true,"href":"http:\/\/www.rukajarvensuunnanhistoriayhdistys.fi\/rukajarvikeskus\/wp-json\/wp\/v2\/tags?post=12053"}],"curies":[{"name":"wp","href":"https:\/\/api.w.org\/{rel}","templated":true}]}}