{"id":12061,"date":"2025-06-23T22:55:14","date_gmt":"2025-06-23T19:55:14","guid":{"rendered":"http:\/\/www.rukajarvensuunnanhistoriayhdistys.fi\/rukajarvikeskus\/?p=12061"},"modified":"2025-07-05T10:00:30","modified_gmt":"2025-07-05T07:00:30","slug":"pertti-mulari-70-vuottarajamies-eramies-ja-luottomies-kiitamme-ja-onnittelemme","status":"publish","type":"post","link":"http:\/\/www.rukajarvensuunnanhistoriayhdistys.fi\/rukajarvikeskus\/tapahtumat\/pertti-mulari-70-vuottarajamies-eramies-ja-luottomies-kiitamme-ja-onnittelemme\/","title":{"rendered":"Pertti Mulari 70 vuottaRajamies, er\u00e4mies ja luottomies \u2013 kiit\u00e4mme ja onnittelemme"},"content":{"rendered":"<div class=\"fcbkbttn_buttons_block\" id=\"fcbkbttn_left\"><div class=\"fcbkbttn_like \"><fb:like href=\"http:\/\/www.rukajarvensuunnanhistoriayhdistys.fi\/rukajarvikeskus\/tapahtumat\/pertti-mulari-70-vuottarajamies-eramies-ja-luottomies-kiitamme-ja-onnittelemme\/\" action=\"like\" colorscheme=\"light\" layout=\"button_count\"  size=\"small\"><\/fb:like><\/div><\/div>\n<p>Rukaj\u00e4rven suunnan historiayhdistys ry onnittelee l\u00e4mpim\u00e4sti pitk\u00e4aikaista tukijaansa ja luottomiest\u00e4\u00e4n, rajavartija Pertti Mularia, joka on t\u00e4ytt\u00e4nyt 70 vuotta.<\/p>\n\n\n\n<p>Pertti Mulari on mies, jonka voi sanoa todella el\u00e4neen maata ja kansaa varten \u2013 vaatimattomasti, tinkim\u00e4tt\u00f6m\u00e4sti ja pyyteett\u00f6m\u00e4sti. Rajavartiolaitoksen palveluksessa vuosina 1976\u20132005 toiminut Mulari on j\u00e4tt\u00e4nyt j\u00e4lkens\u00e4 Ilomantsin, Kivipuron ja Ruunaan rajaseuduille \u2013 eik\u00e4 ainoastaan ty\u00f6panoksellaan, vaan erityisesti tavallaan kohdata ihmisi\u00e4: rehellisesti, rauhallisesti ja vastuullisesti.<\/p>\n\n\n\n<figure class=\"wp-block-image size-large is-resized\"><a href=\"http:\/\/www.rukajarvensuunnanhistoriayhdistys.fi\/historiayhdistys\/wp-content\/uploads\/2025\/06\/A-Mulari-Pertti-70-vuotta-25-6-2025-4-1-scaled.jpg\"><img decoding=\"async\" src=\"http:\/\/www.rukajarvensuunnanhistoriayhdistys.fi\/historiayhdistys\/wp-content\/uploads\/2025\/06\/A-Mulari-Pertti-70-vuotta-25-6-2025-4-1-768x1024.jpg\" alt=\"\" class=\"wp-image-16511\" style=\"width:840px;height:auto\"\/><\/a><\/figure>\n\n\n\n<p><em>Kuvassa kaverukset Pertti Mulari ja Raimo Kuokkanen. Kuva Juha Heinonen-Lavonen. Nosturia tarvitaan viel\u00e4 t\u00e4n\u00e4kin kes\u00e4n\u00e4, mutta v\u00e4h\u00e4n my\u00f6hemmin.<\/em> <em>Ty\u00f6 jatkuu puiston puolella, alla kuva viime kes\u00e4lt\u00e4. <\/em><\/p>\n\n\n\n<figure class=\"wp-block-image size-large\"><a href=\"http:\/\/www.rukajarvensuunnanhistoriayhdistys.fi\/historiayhdistys\/wp-content\/uploads\/2025\/06\/A-Talkoot-12-8-2024-1-scaled-1.jpg\"><img decoding=\"async\" src=\"http:\/\/www.rukajarvensuunnanhistoriayhdistys.fi\/historiayhdistys\/wp-content\/uploads\/2025\/06\/A-Talkoot-12-8-2024-1-scaled-1-1024x768.jpg\" alt=\"\" class=\"wp-image-16497\"\/><\/a><\/figure>\n\n\n\n<figure class=\"wp-block-image size-large\"><a href=\"http:\/\/www.rukajarvensuunnanhistoriayhdistys.fi\/historiayhdistys\/wp-content\/uploads\/2025\/06\/B-Talkoot-12-8-2024-3-scaled-1.jpg\"><img decoding=\"async\" src=\"http:\/\/www.rukajarvensuunnanhistoriayhdistys.fi\/historiayhdistys\/wp-content\/uploads\/2025\/06\/B-Talkoot-12-8-2024-3-scaled-1-1024x768.jpg\" alt=\"\" class=\"wp-image-16498\"\/><\/a><\/figure>\n\n\n\n<p><em>Riverian opiskelijat, Essi Kakkonen, Teemu Hyttinen, Juuso Nevalainen ja Kalle Savinainen. Heid\u00e4n ohjaajansa Jukka Puumalainen sek\u00e4 RSHYry:n ty\u00f6njohtajat Pertti Mulari, Tatu Poimala sek\u00e4 Juha Heinonen-Lavonen. Kuva TJT &#8211; 12.8.2024. <\/em><\/p>\n\n\n\n<p>Pertti tunnetaan yhdistyksemme piiriss\u00e4 ennen kaikkea ahkerana talkoolaisena. H\u00e4nt\u00e4 ei pys\u00e4yt\u00e4 sade, tuuli eik\u00e4 kiire \u2013 ainoastaan harvoin n\u00e4hty poissaolo ty\u00f6maalta her\u00e4tt\u00e4\u00e4 kysymyksen: &#8221;Mihin Pertti on j\u00e4\u00e4nyt?&#8221; Lopulta kuultiin helpottava tieto, ett\u00e4 h\u00e4n oli mets\u00e4nraivaust\u00f6iss\u00e4.<\/p>\n\n\n\n<figure class=\"wp-block-image size-large\"><a href=\"http:\/\/www.rukajarvensuunnanhistoriayhdistys.fi\/historiayhdistys\/wp-content\/uploads\/2025\/06\/WP_20170504_14_02_35_Pro-Kahvit-scaled.jpg\"><img decoding=\"async\" src=\"http:\/\/www.rukajarvensuunnanhistoriayhdistys.fi\/historiayhdistys\/wp-content\/uploads\/2025\/06\/WP_20170504_14_02_35_Pro-Kahvit-1024x576.jpg\" alt=\"\" class=\"wp-image-16500\"\/><\/a><\/figure>\n\n\n\n<p><em>Kahvitauko, Matti Saarelainen, Pertti Mulari, Raimo Saviranta, Juha Karhinen ja Matti Kilpel\u00e4inen. Kuva Tenho Tikkanen 4,5,2017.<\/em><\/p>\n\n\n\n<p>Lieksan rautatieaseman kunnostuksessa Pertin panos oli erityisen merkitt\u00e4v\u00e4. H\u00e4n osallistui yli kahden ja puolen kuukauden yht\u00e4mittaisella ty\u00f6jaksolla siihen valtavaan talkooponnistukseen, jonka aikana rakennus maalattiin kolmelta sivulta ja avattiin yleis\u00f6lle. Yli 150 talkoolaisen voimin kertyi yli 6 000 ty\u00f6tuntia \u2013 ja t\u00e4m\u00e4n kaiken keskell\u00e4 Pertti oli yksi ty\u00f6n kantavista voimista.<\/p>\n\n\n\n<p>Mutta Pertti Mulari ei ole vain talkoolainen \u2013 h\u00e4n on my\u00f6s er\u00e4mies, j\u00e4rjest\u00f6aktiivi ja kulttuuriperinteen vaalija. H\u00e4n on toiminut 23 vuotta Kivivaaran Er\u00e4nmiehet ry:n sihteerin\u00e4 ja ohjannut lukuisia mets\u00e4stysretki\u00e4 niin tunnetuille kuin tuntemattomillekin luonnonyst\u00e4ville. V\u00e4liniemen k\u00e4mp\u00e4n kunnostus on h\u00e4nen k\u00e4denj\u00e4lke\u00e4\u00e4n, ja Kivivaaran maisemat ovat monelle kokijalle j\u00e4\u00e4neet mieleen.<\/p>\n\n\n\n<p>Erityisen merkitt\u00e4v\u00e4 on h\u00e4nen yhteytens\u00e4 maamme tunnetuimpiin veteraaneihin. Pertti tapasi Rukaj\u00e4rven suunnan historiaty\u00f6n kannalta keskeisen henkil\u00f6n, majuri Pentti Perttulin, rajavartioasemallaan Kivipurolla 17.8.2004. T\u00e4st\u00e4 kohtaamisesta syntyi dokumentoitu yhteys siihen, ett\u00e4 juuri Perttuli esitti Rukaj\u00e4rven joukkojen huoltotien nime\u00e4mist\u00e4 <em>Rukaj\u00e4rven tieksi<\/em>. T\u00e4m\u00e4n ehdotuksen kuultuani kirjoitin v\u00e4litt\u00f6m\u00e4sti virallisen aloitteen. Tie vihittiin k\u00e4ytt\u00f6\u00f6n kansalaisjuhlassa Jukolan Motissa 2.7.2011. Valokuva l\u00f6ytyi Pertin silloiselta esimiehelt\u00e4 Juha Karhisen arkistosta.<\/p>\n\n\n\n<figure class=\"wp-block-image size-large is-resized\"><a href=\"http:\/\/www.rukajarvensuunnanhistoriayhdistys.fi\/historiayhdistys\/wp-content\/uploads\/2025\/06\/Perttuli-Pentti-ja-Juha-Karhinen-17-8-2004-Kivipurolla-scaled.jpg\"><img decoding=\"async\" src=\"http:\/\/www.rukajarvensuunnanhistoriayhdistys.fi\/historiayhdistys\/wp-content\/uploads\/2025\/06\/Perttuli-Pentti-ja-Juha-Karhinen-17-8-2004-Kivipurolla-694x1024.jpg\" alt=\"\" class=\"wp-image-16499\" style=\"width:828px;height:auto\"\/><\/a><\/figure>\n\n\n\n<p><em>Kivipuron Rajavartioaseman kummi ja uunituore vuoden rajahenkil\u00f6 &#8211; Veteraani Pentti Perttuli ja tuolloin Lieksan Kivipuron rajavartioaseman p\u00e4\u00e4llikk\u00f6 Juha Karhinen 17.8.2004. Kuva Juha Karhisen arkisto. <\/em><\/p>\n\n\n\n<p>N\u00e4ill\u00e4 sanoilla kiit\u00e4mme ja kunnioitamme luotettavaa yst\u00e4v\u00e4\u00e4mme Pertti Mularia. Olet rajojemme vartija, mutta samalla syd\u00e4nten mies \u2013 sellainen, johon voi luottaa kuin kiveen. Ja kuten entinen ty\u00f6kaverisi asian kiteytti: &#8221;Tuon miehen johdolla voi l\u00e4hte\u00e4, vaikka vihollisen selustaan pitk\u00e4lle partiomatkalle.&#8221;<\/p>\n\n\n\n<p>Onnea 70-vuotisp\u00e4iv\u00e4n johdosta! Toivomme Sinulle ja l\u00e4heisillesi voimia, iloa ja monia hyvi\u00e4 vuosia.<\/p>\n\n\n\n<p><strong>Tenho Tikkanen<\/strong><br>puheenjohtaja &#8211; <em>Rukaj\u00e4rven suunnan historiayhdistys ry<\/em><\/p>\n","protected":false},"excerpt":{"rendered":"<p>Rukaj\u00e4rven suunnan historiayhdistys ry onnittelee l\u00e4mpim\u00e4sti pitk\u00e4aikaista tukijaansa ja luottomiest\u00e4\u00e4n, rajavartija Pertti Mularia, joka on t\u00e4ytt\u00e4nyt 70 vuotta. Pertti Mulari on mies, jonka voi sanoa todella el\u00e4neen maata ja kansaa <a class=\"more-link\" href=\"http:\/\/www.rukajarvensuunnanhistoriayhdistys.fi\/rukajarvikeskus\/tapahtumat\/pertti-mulari-70-vuottarajamies-eramies-ja-luottomies-kiitamme-ja-onnittelemme\/\">Lue lis\u00e4\u00e4&#8230;<span class=\"screen-reader-text\">Pertti Mulari 70 vuottaRajamies, er\u00e4mies ja luottomies \u2013 kiit\u00e4mme ja onnittelemme<\/span><span class=\"meta-nav\">\u2192<\/span><\/a><\/p>\n","protected":false},"author":4,"featured_media":0,"comment_status":"closed","ping_status":"open","sticky":false,"template":"","format":"standard","meta":{"ngg_post_thumbnail":0,"_jetpack_newsletter_access":"","_jetpack_dont_email_post_to_subs":false,"_jetpack_newsletter_tier_id":0,"_jetpack_memberships_contains_paywalled_content":false,"_jetpack_memberships_contains_paid_content":false,"footnotes":""},"categories":[26,32,15],"tags":[],"class_list":["post-12061","post","type-post","status-publish","format-standard","hentry","category-ajankohtaista","category-historiayhdistys","category-tapahtumat"],"jetpack_featured_media_url":"","jetpack_sharing_enabled":true,"jetpack_shortlink":"https:\/\/wp.me\/p72N2f-38x","_links":{"self":[{"href":"http:\/\/www.rukajarvensuunnanhistoriayhdistys.fi\/rukajarvikeskus\/wp-json\/wp\/v2\/posts\/12061","targetHints":{"allow":["GET"]}}],"collection":[{"href":"http:\/\/www.rukajarvensuunnanhistoriayhdistys.fi\/rukajarvikeskus\/wp-json\/wp\/v2\/posts"}],"about":[{"href":"http:\/\/www.rukajarvensuunnanhistoriayhdistys.fi\/rukajarvikeskus\/wp-json\/wp\/v2\/types\/post"}],"author":[{"embeddable":true,"href":"http:\/\/www.rukajarvensuunnanhistoriayhdistys.fi\/rukajarvikeskus\/wp-json\/wp\/v2\/users\/4"}],"replies":[{"embeddable":true,"href":"http:\/\/www.rukajarvensuunnanhistoriayhdistys.fi\/rukajarvikeskus\/wp-json\/wp\/v2\/comments?post=12061"}],"version-history":[{"count":6,"href":"http:\/\/www.rukajarvensuunnanhistoriayhdistys.fi\/rukajarvikeskus\/wp-json\/wp\/v2\/posts\/12061\/revisions"}],"predecessor-version":[{"id":12074,"href":"http:\/\/www.rukajarvensuunnanhistoriayhdistys.fi\/rukajarvikeskus\/wp-json\/wp\/v2\/posts\/12061\/revisions\/12074"}],"wp:attachment":[{"href":"http:\/\/www.rukajarvensuunnanhistoriayhdistys.fi\/rukajarvikeskus\/wp-json\/wp\/v2\/media?parent=12061"}],"wp:term":[{"taxonomy":"category","embeddable":true,"href":"http:\/\/www.rukajarvensuunnanhistoriayhdistys.fi\/rukajarvikeskus\/wp-json\/wp\/v2\/categories?post=12061"},{"taxonomy":"post_tag","embeddable":true,"href":"http:\/\/www.rukajarvensuunnanhistoriayhdistys.fi\/rukajarvikeskus\/wp-json\/wp\/v2\/tags?post=12061"}],"curies":[{"name":"wp","href":"https:\/\/api.w.org\/{rel}","templated":true}]}}