{"id":12089,"date":"2025-07-05T16:50:01","date_gmt":"2025-07-05T13:50:01","guid":{"rendered":"http:\/\/www.rukajarvensuunnanhistoriayhdistys.fi\/rukajarvikeskus\/?p=12089"},"modified":"2025-07-05T16:50:03","modified_gmt":"2025-07-05T13:50:03","slug":"matti-vatanen-on-poissa","status":"publish","type":"post","link":"http:\/\/www.rukajarvensuunnanhistoriayhdistys.fi\/rukajarvikeskus\/tapahtumat\/matti-vatanen-on-poissa\/","title":{"rendered":"Matti Vatanen on poissa"},"content":{"rendered":"<div class=\"fcbkbttn_buttons_block\" id=\"fcbkbttn_left\"><div class=\"fcbkbttn_like \"><fb:like href=\"http:\/\/www.rukajarvensuunnanhistoriayhdistys.fi\/rukajarvikeskus\/tapahtumat\/matti-vatanen-on-poissa\/\" action=\"like\" colorscheme=\"light\" layout=\"button_count\"  size=\"small\"><\/fb:like><\/div><\/div>\n<p><strong>ksemme yksi vaatimattomimmista ja uutterimmista j\u00e4senist\u00e4, Matti Vatanen, on poissa.<\/strong><\/p>\n\n\n\n<figure class=\"wp-block-image size-large\"><a href=\"http:\/\/www.rukajarvensuunnanhistoriayhdistys.fi\/historiayhdistys\/wp-content\/uploads\/2025\/07\/A-Matti-Vatanen-kuva-1-7-2020-scaled.jpg\"><img decoding=\"async\" src=\"http:\/\/www.rukajarvensuunnanhistoriayhdistys.fi\/historiayhdistys\/wp-content\/uploads\/2025\/07\/A-Matti-Vatanen-kuva-1-7-2020-1024x768.jpg\" alt=\"\" class=\"wp-image-16533\"\/><\/a><\/figure>\n\n\n\n<p><em>Matti Rukaj\u00e4rven tiell\u00e4 &#8211; Jukolan Motti. Kuva Matin omasta arkistosta. <\/em><\/p>\n\n\n\n<p><strong>Usein meill\u00e4 ihmisill\u00e4 on tapana kertoa siit\u00e4, mit\u00e4 aikovat tehd\u00e4 \u2013 ja siit\u00e4 mit\u00e4 ovat tehneet. On kuitenkin olemassa my\u00f6s sellaisia ihmisi\u00e4, jotka vain tarttuvat ty\u00f6h\u00f6n, kantavat vastuuta, saavat aikaan \u2013 ja tekev\u00e4t sen kaiken hiljaisesti, omaa osaansa korostamatta. Matti oli juuri t\u00e4llainen ihminen. H\u00e4n ei tarvinnut suuria sanoja, sill\u00e4 h\u00e4nen tekonsa puhuivat h\u00e4nen puolestaan.<\/strong><\/p>\n\n\n\n<p><strong>Matti eli niin kuin opetti. H\u00e4n oli luotettava, avulias ja rauhallinen \u2013 todellinen asevelihengen kantaja, jonka l\u00e4sn\u00e4olossa oli aina levollisuutta. Kuten h\u00e4nen l\u00e4heisens\u00e4 ovat todenneet: h\u00e4n oli rauhallisuuden perikuva.<\/strong><\/p>\n\n\n\n<p><strong>Matti ei etsinyt mainetta tai kunniaa itselleen, vaan toimi yhteis\u00f6ns\u00e4 hyv\u00e4ksi. T\u00e4m\u00e4 n\u00e4kyi muun muassa h\u00e4nen pitk\u00e4aikaisessa ty\u00f6ss\u00e4\u00e4n Sukevan mets\u00e4osuuskunnan puheenjohtajana ja muissa luottamusteht\u00e4viss\u00e4, joihin h\u00e4net oli kutsuttu. H\u00e4n ei kielt\u00e4ytynyt, kun apua pyydettiin \u2013 h\u00e4n tarttui toimeen.<\/strong><\/p>\n\n\n\n<p><strong>Muistan erityisesti kev\u00e4\u00e4n 2014, jolloin valmistelimme asevelijuhlaa Lieksaan. Halusimme juhlistaa rintamaveteraaneja aidolla ja arvokkaalla tavalla \u2013 sellaisella, joka olisi kunniaksi my\u00f6s Matin is\u00e4lle, joukkueenjohtaja Klaes Vataselle, joka matkusti Jatkosodan aikana samaisen reitin Rukaj\u00e4rvelle, nyt uudelleen h\u00f6yryjunalla kuljettuna.<\/strong><\/p>\n\n\n\n<p><strong>J\u00e4rjestimme perinteiset mottitalkoot, jotta saisimme polttopuut h\u00f6yryjunaa varten. L\u00e4hetin j\u00e4senillemme kirjeen ja pyysin apua halkojen toimittamisessa. Arvatkaapa, kuka oli ensimm\u00e4isen\u00e4 viem\u00e4ss\u00e4 puita Iisalmen halkolaanille \u2013 Matti Vatanen. Se tapahtui 9. huhtikuuta 2014, vain muutamia p\u00e4ivi\u00e4 viestini j\u00e4lkeen. Matilta tuli kirje:<\/strong><\/p>\n\n\n\n<p><strong><em>&#8221;Nyt l\u00e4hti halkokuljetus juhlajunaan\u2026 1,5 pinomottia \/ mies \u2013 eik\u00f6s se niin ollut puhe?&#8221;<\/em><br>\u2013 Terveisin Matti<\/strong><\/p>\n\n\n\n<p><strong>My\u00f6hemmin h\u00e4n viel\u00e4 vahvisti viestill\u00e4\u00e4n, ett\u00e4 oli ollut ensimm\u00e4inen laanille viej\u00e4. H\u00e4n totesi saaneensa ulkomaanmatkalta \u00e4rh\u00e4k\u00e4n flunssan, mutta siit\u00e4 huolimatta halusi olla mukana heti, kun vointi salli. T\u00e4m\u00e4 kertoo paljon Matin asenteesta \u2013 vastuunottamisesta, velvollisuudentunnosta ja siit\u00e4 hiljaisesta vakaudesta, joka kantaa yhteis\u00f6j\u00e4 eteenp\u00e4in.<\/strong><\/p>\n\n\n\n<p><strong>Minulle Matin toiminta kuvasti juuri sit\u00e4 henke\u00e4, jonka varassa Rukaj\u00e4rven suunnan historiayhdistys on kasvanut maan arvostetuimmaksi sotahistoriayhdistykseksi. Ei suurieleisesti, vaan aidosti teoilla \u2013 veteraaneja kunnioittaen ja heid\u00e4n perint\u00f6\u00e4\u00e4n vaalien.<\/strong><\/p>\n\n\n\n<p><strong>Mattia ei pys\u00e4ytt\u00e4nyt mik\u00e4\u00e4n. H\u00e4nen ty\u00f6ns\u00e4 ja el\u00e4m\u00e4nasenteensa muistuttavat meit\u00e4 siit\u00e4, mit\u00e4 tarkoittaa palvella yhteist\u00e4 hyv\u00e4\u00e4 \u2013 ei sanoilla, vaan syd\u00e4mell\u00e4.<\/strong><\/p>\n\n\n\n<p><strong>Kiit\u00e4mme sinua, Matti, siit\u00e4 perinn\u00f6st\u00e4, jonka j\u00e4tit j\u00e4lkeesi. Muistosi el\u00e4\u00e4 teoissasi: halkopinossa, juhlajunassa, Lieksan asemalla, Rukaj\u00e4rven tiell\u00e4 ja kolmessa Rukaj\u00e4rvi-keskuksessa. Siell\u00e4, miss\u00e4 ty\u00f6t\u00e4si jatketaan.<\/strong><\/p>\n\n\n\n<p><strong>Laskemme havuseppeleen muistosi kunniaksi, sen sinivalkoisiin nauhoihin kirjoitamme sanat, jotka sinua kuvaavat:<\/strong> <strong>&#8221;Historia kirkastaa is\u00e4nmaalle sykkineen syd\u00e4men kilven.&#8221;<\/strong><\/p>\n\n\n\n<p><strong>Lep\u00e4\u00e4 rauhassa, Matti.<\/strong><\/p>\n\n\n\n<p><strong>Tenho Tikkanen<br>Puheenjohtaja<br>Rukaj\u00e4rven suunnan historiayhdistys ry<\/strong><\/p>\n\n\n\n<figure class=\"wp-block-image size-large is-resized\"><a href=\"http:\/\/www.rukajarvensuunnanhistoriayhdistys.fi\/historiayhdistys\/wp-content\/uploads\/2025\/07\/Vatanen-Matti-kuolinilmoitus.jpg\"><img decoding=\"async\" src=\"http:\/\/www.rukajarvensuunnanhistoriayhdistys.fi\/historiayhdistys\/wp-content\/uploads\/2025\/07\/Vatanen-Matti-kuolinilmoitus-508x1024.jpg\" alt=\"\" class=\"wp-image-16550\" style=\"width:565px;height:auto\"\/><\/a><\/figure>\n\n\n\n<p><strong>Oheisena kuvia juhlista ja yhteisilt\u00e4 retkilt\u00e4mme<\/strong>:<\/p>\n\n\n\n<figure class=\"wp-block-image size-full is-resized\"><a href=\"http:\/\/www.rukajarvensuunnanhistoriayhdistys.fi\/historiayhdistys\/wp-content\/uploads\/2025\/07\/C-Matti-Vatanen-mottitalkoot-12-4-2014-1-rotated.jpg\"><img decoding=\"async\" src=\"http:\/\/www.rukajarvensuunnanhistoriayhdistys.fi\/historiayhdistys\/wp-content\/uploads\/2025\/07\/C-Matti-Vatanen-mottitalkoot-12-4-2014-1-rotated.jpg\" alt=\"\" class=\"wp-image-16535\" style=\"width:840px;height:auto\"\/><\/a><\/figure>\n\n\n\n<p><em>Matti toi kovassa kuumeessa polttopuut ensimm\u00e4isen\u00e4 Iisalmen asemalle ja lis\u00e4ksi osallistui &#8221;Sonkaj\u00e4rven pataljoonan&#8221; joukoissa maakuntien Yl\u00e4-Savo &#8211; Kainuu ja Pielsen Karjala v\u00e4liseen mottitalkookilpailuun. Puita tuli niin paljon asemille, ett\u00e4 junaan piti liitt\u00e4\u00e4 kaksi tavaravaunua, ett\u00e4 kaikki puut saatiin mahtumaan.. T\u00e4m\u00e4 kaikki juuri veteraanien kunnioittamiseksi niin, ett\u00e4 asevelijuhla onnistuisi ja onnistuihan se. Yhteens\u00e4 n. 3.500 henke\u00e4 osallistui junan reitill\u00e4 asemilla j<\/em>a Lieksan kirkossa j\u00e4rjestettyyn juhlaan mihin my\u00f6s Matti puolisonsa kanssa osallistui. Kirkko oli l\u00e4hes t\u00e4ynn\u00e4 kutsuvierapenkill\u00e4 oli pari tyhj\u00e4\u00e4 paikkaa, jotkut seisoivat kirkon takaosassa.<\/p>\n\n\n\n<figure class=\"wp-block-image size-large\"><a href=\"http:\/\/www.rukajarvensuunnanhistoriayhdistys.fi\/historiayhdistys\/wp-content\/uploads\/2014\/09\/Kiuruvesi-4-9-2014-vesitys-2.jpg\"><img decoding=\"async\" src=\"http:\/\/www.rukajarvensuunnanhistoriayhdistys.fi\/historiayhdistys\/wp-content\/uploads\/2014\/09\/Kiuruvesi-4-9-2014-vesitys-2-1024x723.jpg\" alt=\"\" class=\"wp-image-944\"\/><\/a><figcaption class=\"wp-element-caption\"><em>Tapani Laaksomies vesitt\u00e4\u00e4 Juhlajunan perinteisin menoin Kiuruvedell\u00e4. <\/em><\/figcaption><\/figure>\n\n\n\n<figure class=\"wp-block-image size-large\"><a href=\"http:\/\/www.rukajarvensuunnanhistoriayhdistys.fi\/historiayhdistys\/wp-content\/uploads\/2014\/09\/Lieksa-5-9-2014-veteraanit-3.jpg\"><img decoding=\"async\" src=\"http:\/\/www.rukajarvensuunnanhistoriayhdistys.fi\/historiayhdistys\/wp-content\/uploads\/2014\/09\/Lieksa-5-9-2014-veteraanit-3-1024x723.jpg\" alt=\"\" class=\"wp-image-966\"\/><\/a><figcaption class=\"wp-element-caption\"><em>Lieksan kansalaisjuhlassa veteraanit ja lotat istuivat kirkkosalin oikealla puolen. Eturiviss\u00e4 kolmikko, jotka osallistuivat Jatkosodassa Suomen ja Neuvostoarmeijan v\u00e4lill\u00e4 k\u00e4ytyyn viimeiseksi j\u00e4\u00e4neeseen taisteluun 16.8.1944. Vasemmalta lukien Olavi Tiittanen (92 v.), Tauno Tikkanen (98 v. h\u00e4n oli juhlan vanhin osallistuja) sek\u00e4 Maunu Kankaanp\u00e4\u00e4 (93 v.)<\/em><\/figcaption><\/figure>\n\n\n\n<figure class=\"wp-block-image size-large\"><a href=\"http:\/\/www.rukajarvensuunnanhistoriayhdistys.fi\/historiayhdistys\/wp-content\/uploads\/2014\/09\/Lieksa-5-9-2014-veteraanit-2.jpg\"><img decoding=\"async\" src=\"http:\/\/www.rukajarvensuunnanhistoriayhdistys.fi\/historiayhdistys\/wp-content\/uploads\/2014\/09\/Lieksa-5-9-2014-veteraanit-2-1024x723.jpg\" alt=\"\" class=\"wp-image-953\"\/><\/a><figcaption class=\"wp-element-caption\"><em>Veteraanit asettuivat seuraamaan Lieksan aseman tervetuliaisjuhlaa. Keskell\u00e4 kenraalimajuri Ermei Kanninen. H\u00e4nen vierell\u00e4\u00e4n Kiuruveden lotat sek\u00e4 Jatkosodan viimeiseksi j\u00e4\u00e4neeseen taisteluun Suomen ja Neuvostoarmeijan v\u00e4lill\u00e4 osallistuneet veteraanit Tauno Tikkanen Tikkanen (98 v. oli samalla juhlan vanhin osallistuja), Maunu Kankaanp\u00e4\u00e4 ja Olavi Tiittanen.<\/em> <\/figcaption><\/figure>\n\n\n\n<figure class=\"wp-block-image size-large\"><a href=\"http:\/\/www.rukajarvensuunnanhistoriayhdistys.fi\/historiayhdistys\/wp-content\/uploads\/2014\/09\/Lieksa-5-9-2014-2.jpg\"><img decoding=\"async\" src=\"http:\/\/www.rukajarvensuunnanhistoriayhdistys.fi\/historiayhdistys\/wp-content\/uploads\/2014\/09\/Lieksa-5-9-2014-2-1024x723.jpg\" alt=\"\" class=\"wp-image-945\"\/><\/a><figcaption class=\"wp-element-caption\"><em>Lieksan asemalle oli kokoontunut useita satoja ihmisi\u00e4 ottamaan vastaan Kiuruvedelt\u00e4 saapuvan juhlajunan. Kuva Antero Huttunen\/Ari Komulainen.<\/em><\/figcaption><\/figure>\n\n\n\n<figure class=\"wp-block-image size-large\"><a href=\"http:\/\/www.rukajarvensuunnanhistoriayhdistys.fi\/historiayhdistys\/wp-content\/uploads\/2025\/07\/B-Vatanen-Matti-JS-4Jussi-Sirvio-Matti-Vatanen-ja-Eero-Kattainen.jpg\"><img decoding=\"async\" src=\"http:\/\/www.rukajarvensuunnanhistoriayhdistys.fi\/historiayhdistys\/wp-content\/uploads\/2025\/07\/B-Vatanen-Matti-JS-4Jussi-Sirvio-Matti-Vatanen-ja-Eero-Kattainen-978x1024.jpg\" alt=\"\" class=\"wp-image-16542\"\/><\/a><\/figure>\n\n\n\n<p><em>Matti teki matkoja Rukaj\u00e4rven rintamalle is\u00e4ns\u00e4 taistelupaikoille kymmeni\u00e4 kertoja. T\u00e4ss\u00e4 kuvassa Matti yhdess\u00e4 Jussi Sirvi\u00f6n ja Eero Katainen. Kuva Reijo Pulkkinen. Matkalle osallitui kymmenen &#8221;Sonjaj\u00e4rven pataljoonan&#8221; (talkooporukalle keksitty nimi) miest\u00e4, Jaakko Janantuinen, Pentti Hiltunen, Eero V\u00e4\u00e4n\u00e4nen jne.<\/em><\/p>\n\n\n\n<figure class=\"wp-block-image size-large\"><a href=\"http:\/\/www.rukajarvensuunnanhistoriayhdistys.fi\/historiayhdistys\/wp-content\/uploads\/2025\/07\/Lieksa-asema-5-7-2025-4-1-scaled.jpg\"><img decoding=\"async\" src=\"http:\/\/www.rukajarvensuunnanhistoriayhdistys.fi\/historiayhdistys\/wp-content\/uploads\/2025\/07\/Lieksa-asema-5-7-2025-4-1-1024x502.jpg\" alt=\"\" class=\"wp-image-16537\"\/><\/a><\/figure>\n\n\n\n<p><em>Matti oli rakentamassa t\u00e4t\u00e4 kulttuurihistoriallisesti arvokasta kokonaisuutta. Lieksan rautatieasemalla toimii Rukaj\u00e4rvi-keskus, (hehtaarin tontilla yli 800 neli\u00f6n rakennukset). Lieksan asemalta alkaa Rukaj\u00e4rven suunnan veteraanien ainut huoltotie, mik\u00e4 nimettiin 2.7.2011 Rukaj\u00e4rven tieksi. Matti oli yksi meist\u00e4 &#8211; yksi siit\u00e4 joukosta mik\u00e4 on rakentanut t\u00e4m\u00e4n kaiken talkoovoimin &#8211; asevelihengess\u00e4 &#8211; miss\u00e4 asevelje\u00e4 ei j\u00e4tet\u00e4 ja &#8221;sanuan l\u00f6ylykin jattiin tasan&#8221;. Haastatellut veterraaneja ja julkaissut yli 100 kirjallista teosta<\/em>.<\/p>\n\n\n\n<p>Valtakunnallinen juhla 70 vuotta aselevosta oli ensimm\u00e4inen maamme historiassa. Sen haluttiin onnistuvan hyvin ja se onnistui &#8211; talkoovoimin &#8211; mottitalkoot my\u00f6s. Juhlasta mihin Matti osallistui on tehty kattava juttu, mihin voi tutustua linkin takaa <strong><em><a href=\"https:\/\/www.rukajarvensuunnanhistoriayhdistys.fi\/historiayhdistys\/onnistunut-kansanjuhla-saakin-suosi\/\">T\u00c4\u00c4LT\u00c4:<\/a><\/em><\/strong><\/p>\n","protected":false},"excerpt":{"rendered":"<p>ksemme yksi vaatimattomimmista ja uutterimmista j\u00e4senist\u00e4, Matti Vatanen, on poissa. Matti Rukaj\u00e4rven tiell\u00e4 &#8211; Jukolan Motti. Kuva Matin omasta arkistosta. Usein meill\u00e4 ihmisill\u00e4 on tapana kertoa siit\u00e4, mit\u00e4 aikovat tehd\u00e4 <a class=\"more-link\" href=\"http:\/\/www.rukajarvensuunnanhistoriayhdistys.fi\/rukajarvikeskus\/tapahtumat\/matti-vatanen-on-poissa\/\">Lue lis\u00e4\u00e4&#8230;<span class=\"screen-reader-text\">Matti Vatanen on poissa<\/span><span class=\"meta-nav\">\u2192<\/span><\/a><\/p>\n","protected":false},"author":4,"featured_media":0,"comment_status":"closed","ping_status":"open","sticky":false,"template":"","format":"standard","meta":{"ngg_post_thumbnail":0,"_jetpack_newsletter_access":"","_jetpack_dont_email_post_to_subs":false,"_jetpack_newsletter_tier_id":0,"_jetpack_memberships_contains_paywalled_content":false,"_jetpack_memberships_contains_paid_content":false,"footnotes":""},"categories":[26,32,24,15],"tags":[],"class_list":["post-12089","post","type-post","status-publish","format-standard","hentry","category-ajankohtaista","category-historiayhdistys","category-muistokirjoitukset","category-tapahtumat"],"jetpack_featured_media_url":"","jetpack_sharing_enabled":true,"jetpack_shortlink":"https:\/\/wp.me\/p72N2f-38Z","_links":{"self":[{"href":"http:\/\/www.rukajarvensuunnanhistoriayhdistys.fi\/rukajarvikeskus\/wp-json\/wp\/v2\/posts\/12089","targetHints":{"allow":["GET"]}}],"collection":[{"href":"http:\/\/www.rukajarvensuunnanhistoriayhdistys.fi\/rukajarvikeskus\/wp-json\/wp\/v2\/posts"}],"about":[{"href":"http:\/\/www.rukajarvensuunnanhistoriayhdistys.fi\/rukajarvikeskus\/wp-json\/wp\/v2\/types\/post"}],"author":[{"embeddable":true,"href":"http:\/\/www.rukajarvensuunnanhistoriayhdistys.fi\/rukajarvikeskus\/wp-json\/wp\/v2\/users\/4"}],"replies":[{"embeddable":true,"href":"http:\/\/www.rukajarvensuunnanhistoriayhdistys.fi\/rukajarvikeskus\/wp-json\/wp\/v2\/comments?post=12089"}],"version-history":[{"count":1,"href":"http:\/\/www.rukajarvensuunnanhistoriayhdistys.fi\/rukajarvikeskus\/wp-json\/wp\/v2\/posts\/12089\/revisions"}],"predecessor-version":[{"id":12090,"href":"http:\/\/www.rukajarvensuunnanhistoriayhdistys.fi\/rukajarvikeskus\/wp-json\/wp\/v2\/posts\/12089\/revisions\/12090"}],"wp:attachment":[{"href":"http:\/\/www.rukajarvensuunnanhistoriayhdistys.fi\/rukajarvikeskus\/wp-json\/wp\/v2\/media?parent=12089"}],"wp:term":[{"taxonomy":"category","embeddable":true,"href":"http:\/\/www.rukajarvensuunnanhistoriayhdistys.fi\/rukajarvikeskus\/wp-json\/wp\/v2\/categories?post=12089"},{"taxonomy":"post_tag","embeddable":true,"href":"http:\/\/www.rukajarvensuunnanhistoriayhdistys.fi\/rukajarvikeskus\/wp-json\/wp\/v2\/tags?post=12089"}],"curies":[{"name":"wp","href":"https:\/\/api.w.org\/{rel}","templated":true}]}}