{"id":12289,"date":"2026-03-04T20:50:31","date_gmt":"2026-03-04T17:50:31","guid":{"rendered":"http:\/\/www.rukajarvensuunnanhistoriayhdistys.fi\/rukajarvikeskus\/?p=12289"},"modified":"2026-03-04T20:52:57","modified_gmt":"2026-03-04T17:52:57","slug":"kiuruveden-rukajarvi-keskuksen-juhlava-uudelleenavaus-pentti-perttulin-muistoseminaari-perjantaina-13-3-2026-klo-14-00","status":"publish","type":"post","link":"http:\/\/www.rukajarvensuunnanhistoriayhdistys.fi\/rukajarvikeskus\/tapahtumat\/kiuruveden-rukajarvi-keskuksen-juhlava-uudelleenavaus-pentti-perttulin-muistoseminaari-perjantaina-13-3-2026-klo-14-00\/","title":{"rendered":"Kiuruveden Rukaj\u00e4rvi-keskuksen juhlava uudelleenavaus &#8211; Pentti Perttulin muistoseminaari &#8211; Perjantaina 13.3.2026 klo 14.00"},"content":{"rendered":"<div class=\"fcbkbttn_buttons_block\" id=\"fcbkbttn_left\"><div class=\"fcbkbttn_like \"><fb:like href=\"http:\/\/www.rukajarvensuunnanhistoriayhdistys.fi\/rukajarvikeskus\/tapahtumat\/kiuruveden-rukajarvi-keskuksen-juhlava-uudelleenavaus-pentti-perttulin-muistoseminaari-perjantaina-13-3-2026-klo-14-00\/\" action=\"like\" colorscheme=\"light\" layout=\"button_count\"  size=\"small\"><\/fb:like><\/div><\/div>\n<p><a><strong>Kiuruveden Rukaj\u00e4rvi-keskuksen juhlava uudelleenavaus<\/strong><\/a><\/p>\n\n\n\n<p><strong>Pentti Perttulin muistoseminaari<\/strong><\/p>\n\n\n\n<p><strong>Perjantaina 13.3.2026 klo 14.00<\/strong><\/p>\n\n\n\n<p>Kiuruveden Rukaj\u00e4rvi-keskus avaa j\u00e4lleen ovensa.<br>Vaikean vesivahingon j\u00e4lkeen uudistettu keskus kutsuu yleis\u00f6n takaisin \u2013 entist\u00e4 vahvempana, entist\u00e4 arvokkaampana &#8211; uusituin n\u00e4yttelyin.<\/p>\n\n\n\n<p>Tilaisuudesta muodostuu poikkeuksellisen juhlava. Mukana ovat Kiuruveden kotiseutuneuvos <strong>Lauri Winberg<\/strong>, ymp\u00e4rist\u00f6kuntien valtuustojen puheenjohtajat sek\u00e4 useiden j\u00e4rjest\u00f6jen edustajat. Keskuksen virallisesti avaa kansanedustaja ja Kiuruveden kaupunginvaltuuston puheenjohtaja <strong>Markku Siponen<\/strong>.<\/p>\n\n\n\n<p>Samalla viet\u00e4mme yhdistyksemme perustajaj\u00e4senen <strong>Pentti Perttulin muistoseminaaria<\/strong> \u2013 perinnett\u00e4, joka kunnioittaa Rukaj\u00e4rven suunnan veteraanien ty\u00f6t\u00e4 ja uhrausta.<\/p>\n\n\n\n<p>Ohjelmassa on tervehdyksi\u00e4, musiikkia ja juhlaesitelm\u00e4, joka asettaa historian ja nykyajan rinnakkain.<\/p>\n\n\n\n<p><strong>Juhlaesitelm\u00e4 klo 15.00<\/strong><\/p>\n\n\n\n<p>Valtiotieteiden tohtori <strong>Pekka Visuri<\/strong><br><em>Suomen talvisota 1939\u20131940 ja Ukrainan sota 2014\u20132026<\/em><\/p>\n\n\n\n<p>Iltap\u00e4iv\u00e4n aikana kuulemme my\u00f6s erityisen arvokkaan tervehdyksen, joka yhdist\u00e4\u00e4 sukupolvet ja muistuttaa siit\u00e4, ett\u00e4 el\u00e4v\u00e4 muisti kantaa yli vuosisadan.<\/p>\n\n\n\n<p>Juhlaesitelm\u00e4n p\u00e4\u00e4symaksu 10 \u20ac (sis\u00e4lt\u00e4\u00e4 kahvit).<\/p>\n\n\n\n<p>Tilaisuudessa kuullaan my\u00f6s poikkeuksellisen koskettava tervehdys, joka tuo juhlaan el\u00e4v\u00e4n yhteyden yli sadan vuoden ik\u00e4\u00e4n ylt\u00e4v\u00e4\u00e4n veteraaniperinteeseen.<\/p>\n\n\n\n<p>Tervetuloa kokemaan historiallinen hetki Kiuruvedelle.<\/p>\n\n\n\n<p><strong>Tervetuloa juhlimaan.<\/strong><br><strong>Sata vuotta muistia \u2013 yksi yhteinen tulevaisuus.<\/strong><\/p>\n\n\n\n<p><strong>Rukaj\u00e4rven suunnan historiayhdistys ry<\/strong> &#8211; Hotelli Peltohovin alakerta &#8211; Asematie 9, 74700 Kiuruvesi,&nbsp;puh: 0103407735 &#8211; https:\/\/hotellipeltohovi.fi\/yhtystiedot\/<\/p>\n\n\n\n<figure class=\"wp-block-image size-large\"><a href=\"http:\/\/www.rukajarvensuunnanhistoriayhdistys.fi\/historiayhdistys\/wp-content\/uploads\/2026\/03\/Pekka-Visuri-1.jpg\"><img decoding=\"async\" src=\"http:\/\/www.rukajarvensuunnanhistoriayhdistys.fi\/historiayhdistys\/wp-content\/uploads\/2026\/03\/Pekka-Visuri-1-1024x768.jpg\" alt=\"\" class=\"wp-image-16990\"\/><\/a><\/figure>\n\n\n\n<figure class=\"wp-block-image size-full\"><a href=\"http:\/\/www.rukajarvensuunnanhistoriayhdistys.fi\/historiayhdistys\/wp-content\/uploads\/2026\/03\/Kiuruvesi-RK-avajaiset-1-2.jpg\"><img decoding=\"async\" src=\"http:\/\/www.rukajarvensuunnanhistoriayhdistys.fi\/historiayhdistys\/wp-content\/uploads\/2026\/03\/Kiuruvesi-RK-avajaiset-1-2.jpg\" alt=\"\" class=\"wp-image-16998\"\/><\/a><\/figure>\n\n\n\n<figure class=\"wp-block-image size-full\"><a href=\"http:\/\/www.rukajarvensuunnanhistoriayhdistys.fi\/historiayhdistys\/wp-content\/uploads\/2026\/03\/Veteraanit-yli-100-vuotta-RSHY-23-2-2026-1.jpg\"><img decoding=\"async\" src=\"http:\/\/www.rukajarvensuunnanhistoriayhdistys.fi\/historiayhdistys\/wp-content\/uploads\/2026\/03\/Veteraanit-yli-100-vuotta-RSHY-23-2-2026-1.jpg\" alt=\"\" class=\"wp-image-16999\"\/><\/a><\/figure>\n","protected":false},"excerpt":{"rendered":"<p>Kiuruveden Rukaj\u00e4rvi-keskuksen juhlava uudelleenavaus Pentti Perttulin muistoseminaari Perjantaina 13.3.2026 klo 14.00 Kiuruveden Rukaj\u00e4rvi-keskus avaa j\u00e4lleen ovensa.Vaikean vesivahingon j\u00e4lkeen uudistettu keskus kutsuu yleis\u00f6n takaisin \u2013 entist\u00e4 vahvempana, entist\u00e4 arvokkaampana &#8211; uusituin <a class=\"more-link\" href=\"http:\/\/www.rukajarvensuunnanhistoriayhdistys.fi\/rukajarvikeskus\/tapahtumat\/kiuruveden-rukajarvi-keskuksen-juhlava-uudelleenavaus-pentti-perttulin-muistoseminaari-perjantaina-13-3-2026-klo-14-00\/\">Lue lis\u00e4\u00e4&#8230;<span class=\"screen-reader-text\">Kiuruveden Rukaj\u00e4rvi-keskuksen juhlava uudelleenavaus &#8211; Pentti Perttulin muistoseminaari &#8211; Perjantaina 13.3.2026 klo 14.00<\/span><span class=\"meta-nav\">\u2192<\/span><\/a><\/p>\n","protected":false},"author":4,"featured_media":0,"comment_status":"closed","ping_status":"open","sticky":false,"template":"","format":"standard","meta":{"ngg_post_thumbnail":0,"_jetpack_newsletter_access":"","_jetpack_dont_email_post_to_subs":false,"_jetpack_newsletter_tier_id":0,"_jetpack_memberships_contains_paywalled_content":false,"_jetpack_memberships_contains_paid_content":false,"footnotes":""},"categories":[26,32,15],"tags":[],"class_list":["post-12289","post","type-post","status-publish","format-standard","hentry","category-ajankohtaista","category-historiayhdistys","category-tapahtumat"],"jetpack_featured_media_url":"","jetpack_sharing_enabled":true,"jetpack_shortlink":"https:\/\/wp.me\/p72N2f-3cd","_links":{"self":[{"href":"http:\/\/www.rukajarvensuunnanhistoriayhdistys.fi\/rukajarvikeskus\/wp-json\/wp\/v2\/posts\/12289","targetHints":{"allow":["GET"]}}],"collection":[{"href":"http:\/\/www.rukajarvensuunnanhistoriayhdistys.fi\/rukajarvikeskus\/wp-json\/wp\/v2\/posts"}],"about":[{"href":"http:\/\/www.rukajarvensuunnanhistoriayhdistys.fi\/rukajarvikeskus\/wp-json\/wp\/v2\/types\/post"}],"author":[{"embeddable":true,"href":"http:\/\/www.rukajarvensuunnanhistoriayhdistys.fi\/rukajarvikeskus\/wp-json\/wp\/v2\/users\/4"}],"replies":[{"embeddable":true,"href":"http:\/\/www.rukajarvensuunnanhistoriayhdistys.fi\/rukajarvikeskus\/wp-json\/wp\/v2\/comments?post=12289"}],"version-history":[{"count":2,"href":"http:\/\/www.rukajarvensuunnanhistoriayhdistys.fi\/rukajarvikeskus\/wp-json\/wp\/v2\/posts\/12289\/revisions"}],"predecessor-version":[{"id":12291,"href":"http:\/\/www.rukajarvensuunnanhistoriayhdistys.fi\/rukajarvikeskus\/wp-json\/wp\/v2\/posts\/12289\/revisions\/12291"}],"wp:attachment":[{"href":"http:\/\/www.rukajarvensuunnanhistoriayhdistys.fi\/rukajarvikeskus\/wp-json\/wp\/v2\/media?parent=12289"}],"wp:term":[{"taxonomy":"category","embeddable":true,"href":"http:\/\/www.rukajarvensuunnanhistoriayhdistys.fi\/rukajarvikeskus\/wp-json\/wp\/v2\/categories?post=12289"},{"taxonomy":"post_tag","embeddable":true,"href":"http:\/\/www.rukajarvensuunnanhistoriayhdistys.fi\/rukajarvikeskus\/wp-json\/wp\/v2\/tags?post=12289"}],"curies":[{"name":"wp","href":"https:\/\/api.w.org\/{rel}","templated":true}]}}