{"id":12482,"date":"2026-08-22T14:42:48","date_gmt":"2026-08-22T11:42:48","guid":{"rendered":"http:\/\/www.rukajarvensuunnanhistoriayhdistys.fi\/rukajarvikeskus\/?p=12482"},"modified":"2026-08-23T10:05:02","modified_gmt":"2026-08-23T07:05:02","slug":"lieksassa-muistellaan-aselepopaivaa-aselevosta-tulee-kuluneeksi-82-vuotta-4-5-9-2026","status":"publish","type":"post","link":"http:\/\/www.rukajarvensuunnanhistoriayhdistys.fi\/rukajarvikeskus\/ajankohtaista\/lieksassa-muistellaan-aselepopaivaa-aselevosta-tulee-kuluneeksi-82-vuotta-4-5-9-2026\/","title":{"rendered":"Lieksassa muistellaan aselepop\u00e4iv\u00e4\u00e4 \u2013 Aselevosta tulee kuluneeksi 82 vuotta 4. &#8211; 5.9.2026"},"content":{"rendered":"<div class=\"fcbkbttn_buttons_block\" id=\"fcbkbttn_left\"><div class=\"fcbkbttn_like \"><fb:like href=\"http:\/\/www.rukajarvensuunnanhistoriayhdistys.fi\/rukajarvikeskus\/ajankohtaista\/lieksassa-muistellaan-aselepopaivaa-aselevosta-tulee-kuluneeksi-82-vuotta-4-5-9-2026\/\" action=\"like\" colorscheme=\"light\" layout=\"button_count\"  size=\"small\"><\/fb:like><\/div><\/div>\n<p class=\"wp-block-paragraph\"><strong>ukaj\u00e4rvi-keskus on avoinna pidemp\u00e4\u00e4n ja tarjolla my\u00f6s mielenkiintoinen esitelm\u00e4 \u2013 \u201dYLI 100-VUOTIAAT SANKARIMME\u201d<\/strong><\/p>\n\n\n\n<p class=\"wp-block-paragraph\"><strong>Rukaj\u00e4rvi-keskus avoimena: 4.9.2026<\/strong> klo 9.00 &#8211; 20.00 v\u00e4lisen ajan ja t\u00e4m\u00e4n j\u00e4lkeen Rukaj\u00e4rvi-keskuksessa j\u00e4rjestet\u00e4\u00e4n esitelm\u00e4tilaisuus klo 20.00 \u2013 21.00 <strong>\u201dYli 100-vuotiaat sankarimme\u201d<\/strong> ja klo 21.00 esitelm\u00e4n j\u00e4lkeen <strong>ILTAN\u00c4YT\u00d6S Ilmari Koppisen 107-vuotishaastattelu<\/strong>.<\/p>\n\n\n\n<figure class=\"wp-block-image size-large\"><a href=\"http:\/\/www.rukajarvensuunnanhistoriayhdistys.fi\/historiayhdistys\/wp-content\/uploads\/2026\/08\/A-Lieksan-rautatieasema-17-6-2026.jpg\"><img decoding=\"async\" src=\"http:\/\/www.rukajarvensuunnanhistoriayhdistys.fi\/historiayhdistys\/wp-content\/uploads\/2026\/08\/A-Lieksan-rautatieasema-17-6-2026-1024x560.jpg\" alt=\"\" class=\"wp-image-17428\"\/><\/a><\/figure>\n\n\n\n<p class=\"wp-block-paragraph\"><em>Luennot 4.9.2026 Aseman Raappana Salissa.<\/em><\/p>\n\n\n\n<figure class=\"wp-block-image size-large\"><a href=\"http:\/\/www.rukajarvensuunnanhistoriayhdistys.fi\/historiayhdistys\/wp-content\/uploads\/2026\/08\/A-Lieksan-Rukajarvi-keskus-20260726-scaled.jpg\"><img decoding=\"async\" src=\"http:\/\/www.rukajarvensuunnanhistoriayhdistys.fi\/historiayhdistys\/wp-content\/uploads\/2026\/08\/A-Lieksan-Rukajarvi-keskus-20260726-1024x768.jpg\" alt=\"\" class=\"wp-image-17429\"\/><\/a><\/figure>\n\n\n\n<p class=\"wp-block-paragraph\">Rukaj\u00e4rvi-keskuksen lipun hinta koko p\u00e4iv\u00e4n ajalle 10 \u20ac, sis\u00e4lt\u00e4\u00e4 my\u00f6s esitelm\u00e4n ja esittelyt Asemamakasiinin ja Raappana Salin n\u00e4yttelyihin.<\/p>\n\n\n\n<p class=\"wp-block-paragraph\"><strong>Lauantaina. 5.9.2026 Rukaj\u00e4rvi-keskus avataan<\/strong> jo klo 8.00 ja suljetaan klo 17.00, mink\u00e4 j\u00e4lkeen l\u00e4hdemme tarvittaessa oppaaksi Rukaj\u00e4rven tien kohteisiin, mik\u00e4li halukkaita ilmaantuu. Opastus sis\u00e4ltyy Rukaj\u00e4rvi-keskuksen p\u00e4\u00e4sylipun hintaan. Matka asiakkaan omilla autoilla.<\/p>\n\n\n\n<p class=\"wp-block-paragraph\"><strong>Lis\u00e4ksi <\/strong>Asemalla esill\u00e4 Pasi Pulkkisen pystytt\u00e4m\u00e4 toimiva pienoisjunarata, mik\u00e4 pit\u00e4\u00e4 sis\u00e4ll\u00e4\u00e4n Lieksan asemarakennusten pienoismallit.<\/p>\n\n\n\n<figure class=\"wp-block-image size-large\"><a href=\"http:\/\/www.rukajarvensuunnanhistoriayhdistys.fi\/historiayhdistys\/wp-content\/uploads\/2026\/08\/B-Pasi-Pulkkinen-pienoismalli-2-11-2024-scaled.jpg\"><img decoding=\"async\" src=\"http:\/\/www.rukajarvensuunnanhistoriayhdistys.fi\/historiayhdistys\/wp-content\/uploads\/2026\/08\/B-Pasi-Pulkkinen-pienoismalli-2-11-2024-1024x768.jpg\" alt=\"\" class=\"wp-image-17430\"\/><\/a><\/figure>\n\n\n\n<figure class=\"wp-block-image size-full is-resized\"><a href=\"http:\/\/www.rukajarvensuunnanhistoriayhdistys.fi\/historiayhdistys\/wp-content\/uploads\/2026\/08\/B-Pasi-Pulkkinen-30-1-2025-kopio.jpg\"><img decoding=\"async\" src=\"http:\/\/www.rukajarvensuunnanhistoriayhdistys.fi\/historiayhdistys\/wp-content\/uploads\/2026\/08\/B-Pasi-Pulkkinen-30-1-2025-kopio.jpg\" alt=\"\" class=\"wp-image-17431\" style=\"width:840px;height:auto\"\/><\/a><\/figure>\n\n\n\n<p class=\"wp-block-paragraph\"><em>Pasi Pulkkisen kokoelmaan kuuluu Lieksan asemarakennusten kokonaisuus, Rautatieaseman lis\u00e4ksi my\u00f6s asman verturitallit. N\u00e4yttely on sijoitettu Raappana Saliin ja siihen p\u00e4\u00e4see tutustumaan asemakahvion aikioloaikoina syyskuun 20. p\u00e4iv\u00e4\u00e4n saakka.<\/em><\/p>\n\n\n\n<p class=\"wp-block-paragraph\">Rukaj\u00e4rvi-keskuksen p\u00e4\u00e4sylippu 4.-5.9.2026 v\u00e4lisen ajan maksaa hengelt\u00e4 10 \u20ac (S\u00e4ilyt\u00e4 lippu \u2013 lapset alle 15 v. ilmaiseksi).<\/p>\n\n\n\n<figure class=\"wp-block-image size-full\"><a href=\"http:\/\/www.rukajarvensuunnanhistoriayhdistys.fi\/historiayhdistys\/wp-content\/uploads\/2026\/08\/Veteraanit-yli-100-vuotta-2026-08-06-.jpg\"><img decoding=\"async\" src=\"http:\/\/www.rukajarvensuunnanhistoriayhdistys.fi\/historiayhdistys\/wp-content\/uploads\/2026\/08\/Veteraanit-yli-100-vuotta-2026-08-06-.jpg\" alt=\"\" class=\"wp-image-17423\"\/><\/a><\/figure>\n\n\n\n<p class=\"wp-block-paragraph\"><strong>Lieksassa tavataan \u2013 Veteraanit kiitt\u00e4\u00e4.<\/strong><\/p>\n\n\n\n<p class=\"wp-block-paragraph\">***<\/p>\n\n\n\n<p class=\"wp-block-paragraph\"><strong>14. Divisioonan perinneyhdistys ry:n nuoriso- ja perinnep\u00e4iv\u00e4n tapahtuma<\/strong><\/p>\n\n\n\n<p class=\"wp-block-paragraph\">Seppeleenlasku klo 9:00 ja p\u00e4\u00e4juhla Lieksan kirkossa 5.9.2026 klo 10.15. Tarkempi ohjelma 14. Divisioonan perinneyhdistyksen <a href=\"https:\/\/14dperinneyhdistys.fi\/\"><strong>kotisivulta<\/strong><\/a>.<\/p>\n\n\n\n<p class=\"wp-block-paragraph\"><strong>Aikaisempien aselepop\u00e4iv\u00e4n juhlien julkaisuihin p\u00e4\u00e4set tutustumaan linkin takaa<\/strong>:<\/p>\n\n\n\n<p class=\"wp-block-paragraph\"><strong><a href=\"https:\/\/www.rukajarvensuunnanhistoriayhdistys.fi\/rukajarvikeskus\/tapahtumat\/onnistunut-kansanjuhla-saakin-suosi\/\">4.-5.9.2014: T\u00c4\u00c4LT\u00c4, 70 vuotta aselevosta:<\/a><\/strong><\/p>\n\n\n\n<p class=\"wp-block-paragraph\"><strong><a href=\"https:\/\/www.rukajarvensuunnanhistoriayhdistys.fi\/rukajarvikeskus\/tapahtumat\/valtiovalta-ilmaisi-tukea-lieksalle-80-vuotta-aselevosta-juhlassa-5-9-2024\/\">5.9.2024: T\u00c4\u00c4LT\u00c4, 80 vuotta aselevosta:<\/a><\/strong><\/p>\n","protected":false},"excerpt":{"rendered":"<p>ukaj\u00e4rvi-keskus on avoinna pidemp\u00e4\u00e4n ja tarjolla my\u00f6s mielenkiintoinen esitelm\u00e4 \u2013 \u201dYLI 100-VUOTIAAT SANKARIMME\u201d Rukaj\u00e4rvi-keskus avoimena: 4.9.2026 klo 9.00 &#8211; 20.00 v\u00e4lisen ajan ja t\u00e4m\u00e4n j\u00e4lkeen Rukaj\u00e4rvi-keskuksessa j\u00e4rjestet\u00e4\u00e4n esitelm\u00e4tilaisuus klo 20.00 <a class=\"more-link\" href=\"http:\/\/www.rukajarvensuunnanhistoriayhdistys.fi\/rukajarvikeskus\/ajankohtaista\/lieksassa-muistellaan-aselepopaivaa-aselevosta-tulee-kuluneeksi-82-vuotta-4-5-9-2026\/\">Lue lis\u00e4\u00e4&#8230;<span class=\"screen-reader-text\">Lieksassa muistellaan aselepop\u00e4iv\u00e4\u00e4 \u2013 Aselevosta tulee kuluneeksi 82 vuotta 4. &#8211; 5.9.2026<\/span><span class=\"meta-nav\">\u2192<\/span><\/a><\/p>\n","protected":false},"author":4,"featured_media":0,"comment_status":"closed","ping_status":"open","sticky":false,"template":"","format":"standard","meta":{"ngg_post_thumbnail":0,"_jetpack_newsletter_access":"","_jetpack_dont_email_post_to_subs":false,"_jetpack_newsletter_tier_id":0,"_jetpack_memberships_contains_paywalled_content":false,"_jetpack_memberships_contains_paid_content":false,"footnotes":""},"categories":[26],"tags":[],"class_list":["post-12482","post","type-post","status-publish","format-standard","hentry","category-ajankohtaista"],"jetpack_sharing_enabled":true,"jetpack_shortlink":"https:\/\/wp.me\/p72N2f-3fk","jetpack_featured_media_url":"","_links":{"self":[{"href":"http:\/\/www.rukajarvensuunnanhistoriayhdistys.fi\/rukajarvikeskus\/wp-json\/wp\/v2\/posts\/12482","targetHints":{"allow":["GET"]}}],"collection":[{"href":"http:\/\/www.rukajarvensuunnanhistoriayhdistys.fi\/rukajarvikeskus\/wp-json\/wp\/v2\/posts"}],"about":[{"href":"http:\/\/www.rukajarvensuunnanhistoriayhdistys.fi\/rukajarvikeskus\/wp-json\/wp\/v2\/types\/post"}],"author":[{"embeddable":true,"href":"http:\/\/www.rukajarvensuunnanhistoriayhdistys.fi\/rukajarvikeskus\/wp-json\/wp\/v2\/users\/4"}],"replies":[{"embeddable":true,"href":"http:\/\/www.rukajarvensuunnanhistoriayhdistys.fi\/rukajarvikeskus\/wp-json\/wp\/v2\/comments?post=12482"}],"version-history":[{"count":2,"href":"http:\/\/www.rukajarvensuunnanhistoriayhdistys.fi\/rukajarvikeskus\/wp-json\/wp\/v2\/posts\/12482\/revisions"}],"predecessor-version":[{"id":12485,"href":"http:\/\/www.rukajarvensuunnanhistoriayhdistys.fi\/rukajarvikeskus\/wp-json\/wp\/v2\/posts\/12482\/revisions\/12485"}],"wp:attachment":[{"href":"http:\/\/www.rukajarvensuunnanhistoriayhdistys.fi\/rukajarvikeskus\/wp-json\/wp\/v2\/media?parent=12482"}],"wp:term":[{"taxonomy":"category","embeddable":true,"href":"http:\/\/www.rukajarvensuunnanhistoriayhdistys.fi\/rukajarvikeskus\/wp-json\/wp\/v2\/categories?post=12482"},{"taxonomy":"post_tag","embeddable":true,"href":"http:\/\/www.rukajarvensuunnanhistoriayhdistys.fi\/rukajarvikeskus\/wp-json\/wp\/v2\/tags?post=12482"}],"curies":[{"name":"wp","href":"https:\/\/api.w.org\/{rel}","templated":true}]}}