{"id":1597,"date":"2014-09-16T21:58:03","date_gmt":"2014-09-16T18:58:03","guid":{"rendered":"http:\/\/www.rukajarvensuunnanhistoriayhdistys.fi\/rukajarvikeskus\/?p=1597"},"modified":"2014-09-16T22:01:31","modified_gmt":"2014-09-16T19:01:31","slug":"raappanan-nyrkki-on-ilmestynyt","status":"publish","type":"post","link":"http:\/\/www.rukajarvensuunnanhistoriayhdistys.fi\/rukajarvikeskus\/ajankohtaista\/raappanan-nyrkki-on-ilmestynyt\/","title":{"rendered":"Raappanan nyrkki on ilmestynyt"},"content":{"rendered":"<div class=\"fcbkbttn_buttons_block\" id=\"fcbkbttn_left\"><div class=\"fcbkbttn_like \"><fb:like href=\"http:\/\/www.rukajarvensuunnanhistoriayhdistys.fi\/rukajarvikeskus\/ajankohtaista\/raappanan-nyrkki-on-ilmestynyt\/\" action=\"like\" colorscheme=\"light\" layout=\"button_count\"  size=\"small\"><\/fb:like><\/div><\/div><blockquote><p>Rajakapteeni evp. Tauno Oksasen kirjoittama sotahistoriallinen suurteos &#8221;Raappanan nyrkki &#8211; Kevyt Osasto 2 taistelujen tie&#8221; on julkistettu\u00a04.9. Kiuruvedell\u00e4. Kirjan tekoon on k\u00e4ytetty tuhansia talkooty\u00f6tunteja.<\/p>\n<p class=\"p2\">Sivuja kirjassa on yhteens\u00e4 472, sivukoko 210&#215;265 mm.<\/p>\n<p class=\"p2\">Valokuvia yhteens\u00e4 166, joista monet aiemmin julkaisemattomia, 14 karttapiirrosta, runsaasti alkuper\u00e4isi\u00e4 peitepiirroksia ja dokumentteja, jotka el\u00e4v\u00f6itt\u00e4v\u00e4t Tauno Oksasen perusteellista teksti\u00e4 Kevyt Osasto 2:n sotatiest\u00e4.<\/p>\n<p class=\"p1\">Kirjan loppuun on koottuna yhteens\u00e4 878 Kevyt Osasto 2:n riveiss\u00e4 taistelleen miehen matrikkelitiedot.<\/p>\n<p class=\"p1\"><a href=\"http:\/\/www.rukajarvensuunnanhistoriayhdistys.fi\/rukajarvikeskus\/wp-content\/uploads\/2014\/09\/N\u00e4ytt\u00f6kuva-2014-9-16-kello-21.26.41.png\"><img loading=\"lazy\" decoding=\"async\" class=\"alignnone size-full wp-image-1603\" src=\"http:\/\/www.rukajarvensuunnanhistoriayhdistys.fi\/rukajarvikeskus\/wp-content\/uploads\/2014\/09\/N\u00e4ytt\u00f6kuva-2014-9-16-kello-21.26.41.png\" alt=\"N\u00e4ytt\u00f6kuva 2014-9-16 kello 21.26.41\" width=\"2151\" height=\"1305\" srcset=\"http:\/\/www.rukajarvensuunnanhistoriayhdistys.fi\/rukajarvikeskus\/wp-content\/uploads\/2014\/09\/N\u00e4ytt\u00f6kuva-2014-9-16-kello-21.26.41.png 2151w, http:\/\/www.rukajarvensuunnanhistoriayhdistys.fi\/rukajarvikeskus\/wp-content\/uploads\/2014\/09\/N\u00e4ytt\u00f6kuva-2014-9-16-kello-21.26.41-300x182.png 300w, http:\/\/www.rukajarvensuunnanhistoriayhdistys.fi\/rukajarvikeskus\/wp-content\/uploads\/2014\/09\/N\u00e4ytt\u00f6kuva-2014-9-16-kello-21.26.41-1024x621.png 1024w\" sizes=\"auto, (max-width: 2151px) 100vw, 2151px\" \/><\/a><\/p>\n<\/blockquote>\n<h3>Tietoa kirjoittajasta<\/h3>\n<p>Raappanan nyrkki \u2013 Kevyt Osasto 2 taistelujen tie\u00a0-teoksen kirjoittaja, rajakapteeni evp. Tauno Oksanen on perehtynyt laajasti jatkosodassa 1941 \u2013 1944 Rukaj\u00e4rven suunnalla taistelleen 14.Divisioonan taisteluihin ja toimintaan. 14.Divisioona taisteli menestyksekk\u00e4\u00e4sti komentajansa, kenraalimajuri Erkki Raappanan johdolla laajalla lohkolla valtakunnan rajalta syv\u00e4lle Vienan er\u00e4maahan, Ontajokilinjalle. T\u00e4st\u00e4 juontaa Kevyt Osasto 2 historiakirjan nimi: Raappanan nyrkki.<\/p>\n<p>Oksanen on kirjoittanut aihepiirist\u00e4 useita kirjoja, pit\u00e4nyt esitelmi\u00e4, toiminut autenttisilla tapahtumapaikoilla oppaana niin Suomessa kuin Ven\u00e4j\u00e4ll\u00e4 ja koostanut useita dokumenttielokuvien k\u00e4sikirjoituksia.<\/p>\n<h3>Kirjan sis\u00e4ll\u00f6st\u00e4<\/h3>\n<p>Raappanan nyrkki \u2013 Kevyt Osasto 2 taistelujen tie julkistettiin\u00a0Kiuruvedell\u00e4 4.9.2014. T\u00e4ll\u00f6in tuli\u00a0kuluneeksi tasan 70 vuotta siit\u00e4 kun suomalaisten aseet vaikenivat jatkosodassa aselevon astuttua voimaan \u2013 Puna-armeija jatkoi taistelutoimintaa viel\u00e4 vuorokauden.<\/p>\n<p>Julkistaminen tapahtui Kevyt Osasto 2 seminaarin yhteydess\u00e4 Kiuruveden kulttuurikeskuksessa, miss\u00e4 avattiin my\u00f6s aiheesta kertova valokuvan\u00e4yttely.<\/p>\n<p>Rukaj\u00e4rven suunnalta on kirjoitettu paljon, yli 300 kirjaa, niin faktaa kuin fiktiota. Raappanan nyrkki on ensimm\u00e4inen 14.Divisioonan joukko-osastohistoriateos.<\/p>\n<p><a href=\"http:\/\/www.rukajarvensuunnanhistoriayhdistys.fi\/rukajarvikeskus\/wp-content\/uploads\/2014\/09\/N\u00e4ytt\u00f6kuva-2014-9-16-kello-21.27.45.png\"><img loading=\"lazy\" decoding=\"async\" class=\"alignnone size-full wp-image-1600\" src=\"http:\/\/www.rukajarvensuunnanhistoriayhdistys.fi\/rukajarvikeskus\/wp-content\/uploads\/2014\/09\/N\u00e4ytt\u00f6kuva-2014-9-16-kello-21.27.45.png\" alt=\"N\u00e4ytt\u00f6kuva 2014-9-16 kello 21.27.45\" width=\"1941\" height=\"1226\" srcset=\"http:\/\/www.rukajarvensuunnanhistoriayhdistys.fi\/rukajarvikeskus\/wp-content\/uploads\/2014\/09\/N\u00e4ytt\u00f6kuva-2014-9-16-kello-21.27.45.png 1941w, http:\/\/www.rukajarvensuunnanhistoriayhdistys.fi\/rukajarvikeskus\/wp-content\/uploads\/2014\/09\/N\u00e4ytt\u00f6kuva-2014-9-16-kello-21.27.45-300x189.png 300w, http:\/\/www.rukajarvensuunnanhistoriayhdistys.fi\/rukajarvikeskus\/wp-content\/uploads\/2014\/09\/N\u00e4ytt\u00f6kuva-2014-9-16-kello-21.27.45-1024x646.png 1024w\" sizes=\"auto, (max-width: 1941px) 100vw, 1941px\" \/><\/a><\/p>\n<p>Kirja perustuu Kevyt Osasto 2 historiatoimikunnan kokoamiin Kansallisarkiston S\u00f6rn\u00e4isten toimipisteess\u00e4 (entinen Sota-arkisto) s\u00e4ilytett\u00e4viin dokumentteihin, joita on koottu kirjan pohja-aineistoksi noin 3500 sivua ja Kevyt Osasto 2 palvelleiden veteraanien haastatteluihin ja kirjallisiin dokumentteihin.<\/p>\n<p>Teos tuo esille paljon uutta yksityiskohtaista tietoa Kevyt Osasto 2 taistelutiest\u00e4. Mukana olleiden kertomukset tapahtumista tuovat esille sen, miten he kokivat tapahtumien vy\u00f6ryn.<\/p>\n<p class=\"p1\">Valokuvia yhteens\u00e4 166, joista monet aiemmin julkaisemattomia, 14 karttapiirrosta, runsaasti alkuper\u00e4isi\u00e4 peitepiirroksia ja dokumentteja, jotka el\u00e4v\u00f6itt\u00e4v\u00e4t Tauno Oksasen perusteellista teksti\u00e4 Kevyt Osasto 2:n sotatiest\u00e4.<\/p>\n<p><a href=\"http:\/\/www.rukajarvensuunnanhistoriayhdistys.fi\/rukajarvikeskus\/wp-content\/uploads\/2014\/09\/N\u00e4ytt\u00f6kuva-2014-8-6-kello-20.22.19.png\"><img loading=\"lazy\" decoding=\"async\" class=\"alignnone size-full wp-image-1599\" src=\"http:\/\/www.rukajarvensuunnanhistoriayhdistys.fi\/rukajarvikeskus\/wp-content\/uploads\/2014\/09\/N\u00e4ytt\u00f6kuva-2014-8-6-kello-20.22.19.png\" alt=\"N\u00e4ytt\u00f6kuva 2014-8-6 kello 20.22.19\" width=\"1780\" height=\"1119\" srcset=\"http:\/\/www.rukajarvensuunnanhistoriayhdistys.fi\/rukajarvikeskus\/wp-content\/uploads\/2014\/09\/N\u00e4ytt\u00f6kuva-2014-8-6-kello-20.22.19.png 1780w, http:\/\/www.rukajarvensuunnanhistoriayhdistys.fi\/rukajarvikeskus\/wp-content\/uploads\/2014\/09\/N\u00e4ytt\u00f6kuva-2014-8-6-kello-20.22.19-300x188.png 300w, http:\/\/www.rukajarvensuunnanhistoriayhdistys.fi\/rukajarvikeskus\/wp-content\/uploads\/2014\/09\/N\u00e4ytt\u00f6kuva-2014-8-6-kello-20.22.19-1024x643.png 1024w\" sizes=\"auto, (max-width: 1780px) 100vw, 1780px\" \/><\/a><\/p>\n<p>Kirjan lopussa on katsaus Rukaj\u00e4rven suunnan my\u00f6hempiin tapahtumiin, joihin Kevyt Osasto 2 palvelleet miehet joutuivat osaston lakkauttamisen j\u00e4lkeen. T\u00e4rkeimpin\u00e4 taistelut eteenty\u00f6nnettyjen tukikohtien omistuksesta (Sukellusvene, Suvi ja Pallo) ja kes\u00e4n 1944 tapahtumat Peukaloniemess\u00e4 ja Tahkokoskella. Uutta ennen julkaisematonta tietoa tuodaan esille etenkin Kontokin suunnan tilanteesta RajaJP 6 osalta.<\/p>\n<p class=\"p1\">Kirjan loppuun on koottuna yhteens\u00e4 878 Kevyt Osasto 2:n riveiss\u00e4 taistelleen miehen matrikkelitiedot.<\/p>\n<p class=\"p1\"><a href=\"http:\/\/www.rukajarvensuunnanhistoriayhdistys.fi\/rukajarvikeskus\/wp-content\/uploads\/2014\/09\/N\u00e4ytt\u00f6kuva-2014-9-16-kello-21.28.30.png\"><img loading=\"lazy\" decoding=\"async\" class=\"alignnone size-full wp-image-1602\" src=\"http:\/\/www.rukajarvensuunnanhistoriayhdistys.fi\/rukajarvikeskus\/wp-content\/uploads\/2014\/09\/N\u00e4ytt\u00f6kuva-2014-9-16-kello-21.28.30.png\" alt=\"N\u00e4ytt\u00f6kuva 2014-9-16 kello 21.28.30\" width=\"1938\" height=\"1230\" srcset=\"http:\/\/www.rukajarvensuunnanhistoriayhdistys.fi\/rukajarvikeskus\/wp-content\/uploads\/2014\/09\/N\u00e4ytt\u00f6kuva-2014-9-16-kello-21.28.30.png 1938w, http:\/\/www.rukajarvensuunnanhistoriayhdistys.fi\/rukajarvikeskus\/wp-content\/uploads\/2014\/09\/N\u00e4ytt\u00f6kuva-2014-9-16-kello-21.28.30-300x190.png 300w, http:\/\/www.rukajarvensuunnanhistoriayhdistys.fi\/rukajarvikeskus\/wp-content\/uploads\/2014\/09\/N\u00e4ytt\u00f6kuva-2014-9-16-kello-21.28.30-1024x649.png 1024w\" sizes=\"auto, (max-width: 1938px) 100vw, 1938px\" \/><\/a><\/p>\n<p>Kevyt Osasto 2 oli mukana useita eritt\u00e4in hyvi\u00e4 valokuvaajia, joiden autenttiset valokuvat lis\u00e4ttyn\u00e4 TK-miesten kuvamateriaalilla el\u00e4v\u00f6itt\u00e4v\u00e4t teoksen sivuja.<\/p>\n<p>T\u00e4rkeimpi\u00e4 taisteluiden, tiedusteluretkien ja partioiden tapahtumapaikat ja reitit esitet\u00e4\u00e4n kartoilla ja peitepiirroksilla. Niist\u00e4 p\u00e4\u00e4see helposti yleisk\u00e4sitykseen tapahtumien kulusta.<\/p>\n<p>Raappanan nyrkki \u2013 Kevyt Osasto 2 taistelujen tie\u00a0on vankka historiateos, tietopaketti ja kertomusten osalta my\u00f6s muistelmateos Osaston miesten sotatiest\u00e4 14.Divisoonan hy\u00f6kk\u00e4yksen k\u00e4rjess\u00e4 Rukaj\u00e4rvelle. Lukijalle tulee tutuksi Euroopan suurin er\u00e4maa, Piening\u00e4n salo.<\/p>\n<p><a href=\"http:\/\/www.rukajarvensuunnanhistoriayhdistys.fi\/rukajarvikeskus\/wp-content\/uploads\/2014\/09\/N\u00e4ytt\u00f6kuva-2014-9-16-kello-21.28.58.png\"><img loading=\"lazy\" decoding=\"async\" class=\"alignnone size-full wp-image-1601\" src=\"http:\/\/www.rukajarvensuunnanhistoriayhdistys.fi\/rukajarvikeskus\/wp-content\/uploads\/2014\/09\/N\u00e4ytt\u00f6kuva-2014-9-16-kello-21.28.58.png\" alt=\"N\u00e4ytt\u00f6kuva 2014-9-16 kello 21.28.58\" width=\"1941\" height=\"1227\" srcset=\"http:\/\/www.rukajarvensuunnanhistoriayhdistys.fi\/rukajarvikeskus\/wp-content\/uploads\/2014\/09\/N\u00e4ytt\u00f6kuva-2014-9-16-kello-21.28.58.png 1941w, http:\/\/www.rukajarvensuunnanhistoriayhdistys.fi\/rukajarvikeskus\/wp-content\/uploads\/2014\/09\/N\u00e4ytt\u00f6kuva-2014-9-16-kello-21.28.58-300x189.png 300w, http:\/\/www.rukajarvensuunnanhistoriayhdistys.fi\/rukajarvikeskus\/wp-content\/uploads\/2014\/09\/N\u00e4ytt\u00f6kuva-2014-9-16-kello-21.28.58-1024x647.png 1024w\" sizes=\"auto, (max-width: 1941px) 100vw, 1941px\" \/><\/a><\/p>\n<p>T\u00e4rkeimpi\u00e4 tapahtumia Kevyt Osasto 2 sotatiell\u00e4, joita kirjassa k\u00e4sitell\u00e4\u00e4n:<\/p>\n<ul>\n<li>17.\u201319.6.1941 Kevyt Osasto 2 perustetaan Kiuruvedell\u00e4 jatkosodan liikekannallepanossa<\/li>\n<li>20.6.1941 Kuormataan juniin ja siirret\u00e4\u00e4n Nurmekseen<\/li>\n<li>21.6.1941 Keskitysmarssi Lieksan Tolkeeseen. Osasto on 14.Divisioonan reservin\u00e4<\/li>\n<li>27.6.1941 Siirto Lieksan Pankaj\u00e4rvelle<\/li>\n<li>7.7.1941 Kevyt Osasto 2 ylitt\u00e4\u00e4 valtakunnan rajan Kivivaarassa<\/li>\n<li>8.7.1941 Siirtyy hy\u00f6kk\u00e4yksen k\u00e4rkeen Kolvasj\u00e4rven tiehaarassa, saapui k\u00e4rkijoukoissa Repolan kyl\u00e4\u00e4n ja valtasi Virran kapeikon. Ensimm\u00e4iset tappiot<\/li>\n<li>9.7.1941 Joutuu vet\u00e4ytym\u00e4\u00e4n takaisinVirransalmen l\u00e4nsipuolelle. K\u00e4sky Osasto Perttulille Lieksaj\u00e4rven it\u00e4puolisesta tiedustelusta<\/li>\n<li>10.7.1941 Luovuttaa etulinjan Virralla I\/JR 10:lle, Majewskin pataljoonalle<\/li>\n<li>12.7.1941 Varmistaa Tuuseniassa, Lieksaj\u00e4rven etel\u00e4p\u00e4\u00e4ss\u00e4<\/li>\n<li>13.7.1941 K\u00e4sket\u00e4\u00e4n Lentieraan vahvistamaan Osasto Partisen (II\/JR 10) hy\u00f6kk\u00e4yst\u00e4 Poraj\u00e4rven suuntaan<\/li>\n<li>17.7.1941 M\u00e4\u00e4r\u00e4t\u00e4\u00e4n Ellinlammen motin varmistukseen<\/li>\n<li>18.7.1941 Hy\u00f6kk\u00e4ysk\u00e4sky Lupasalmen suuntaan<\/li>\n<li>21.7.1941 Vet\u00e4ytyv\u00e4n vihollisen sytytt\u00e4m\u00e4n Klyyssinvaaran kyl\u00e4n valtaus<\/li>\n<li>21.7.1941 Nokikankaan taistelu<\/li>\n<li>22.7.1941 Hattuvaaran tiedusteluretki<\/li>\n<li>25.7.1941 Himolankyl\u00e4n valtaus<\/li>\n<li>3.8.1941 Poraj\u00e4rventien katkaisu<\/li>\n<li>7.8.1941 Leirialueen pommitus, kaksi kaatunutta ja 15 haavoittunutta<\/li>\n<li>8.8.1941 Marssik\u00e4sky Tiiksj\u00e4rvelle<\/li>\n<li>9.\u201312.8.1941 Piening\u00e4n retki<\/li>\n<li>14.8.1941 Siirtomarssi Ontrosenvaaraan<\/li>\n<li>15.\u20138.1941 Varmistuksessa Ontrosenvaaran \u2013 Kiimasj\u00e4rventiehaaran pohjoispuolella. Runsaasti partiointia<\/li>\n<li>8.9.1941 Vihollisen takaa-ajoa Pismajoelta Rukavaaran yli Rukasuolle<\/li>\n<li>9.\u201310.9.1941 Rukasuon taistelu ja varmistus<\/li>\n<li>13.9.1941 Rukaj\u00e4rven valtauksen juhlatilaisuus ja paraati<\/li>\n<li>14.\u201321.9.1941 Lepo leiriss\u00e4 Vansj\u00e4rven maastossa. Partiointia ja leirialueen kunnostusta<\/li>\n<li>22.\u201329.9.1941 1.\/J\u00e4\u00e4k\u00e4rikomppania vahvennuksena kk-joukkue etulinjassa P\u00e4\u00e4tien suunnalla<\/li>\n<li>1.\u201322.10.1941 Vasemman sivustan varmistuksessa Onrosenvaarassa. Runsaasti partiointia<\/li>\n<li>23.10.1941 Siirto Ontaj\u00e4rvelle. Alistetaan Osasto T\u00e4htiselle (JR 10)<\/li>\n<li>26.10.1941 Kohtalammen Olympialaiset<\/li>\n<li>31.10.1941 Nuorempia ik\u00e4luokkia siirret\u00e4\u00e4n III\/JR 10 ja RajaJP 6<\/li>\n<li>2.10.1941 T\u00e4ydennyksen\u00e4 vanhempia ik\u00e4luokkia III\/JR 10<\/li>\n<li>3.11.1941 Paluu Vansj\u00e4rven leirialueelle<\/li>\n<li>4.11.1941\u201318.5.1942 Partiointia ja kentt\u00e4varustet\u00f6it\u00e4 JR 52 ja PionP 24 alaisuudessa<\/li>\n<li>8.3.1942 1905 syntyneet ja sit\u00e4 vanhemmat ik\u00e4luokat kotiutettiin II\/JR 31 mukana<\/li>\n<li>19.5.1942 Siirto Ontaj\u00e4rvelle, alistetaan RajaJP 6. Vastaa Korpilahden ja Jolmajoen v\u00e4lisen alueen varmistuksesta<\/li>\n<li>14.7.1942 Puutoisten sissiprikaati ylitt\u00e4\u00e4 varmistuslinjan l\u00e4nteen Jolmajoella. Ensimm\u00e4isen havainnon tekee Kev.Os 2 aliupseerivartio Mylly.<\/li>\n<li>24.7.1942 L\u00e4ht\u00f6 kotiuttamista varten Kiuruvedelle<\/li>\n<li>25.7.1942 Perill\u00e4 Kiuruvedell\u00e4<\/li>\n<li>26.7.1942 Kotiutettavat miehet saavat sotilaspassinsa. Kevyt Osasto 2 lakkautetaan lopullisesti<\/li>\n<\/ul>\n","protected":false},"excerpt":{"rendered":"<p>Rajakapteeni evp. Tauno Oksasen kirjoittama sotahistoriallinen suurteos &#8221;Raappanan nyrkki &#8211; Kevyt Osasto 2 taistelujen tie&#8221; on julkistettu\u00a04.9. Kiuruvedell\u00e4. Kirjan tekoon on k\u00e4ytetty tuhansia talkooty\u00f6tunteja. Sivuja kirjassa on yhteens\u00e4 472, sivukoko <a class=\"more-link\" href=\"http:\/\/www.rukajarvensuunnanhistoriayhdistys.fi\/rukajarvikeskus\/ajankohtaista\/raappanan-nyrkki-on-ilmestynyt\/\">Lue lis\u00e4\u00e4&#8230;<span class=\"screen-reader-text\">Raappanan nyrkki on ilmestynyt<\/span><span class=\"meta-nav\">\u2192<\/span><\/a><\/p>\n","protected":false},"author":2,"featured_media":1603,"comment_status":"closed","ping_status":"open","sticky":false,"template":"","format":"standard","meta":{"ngg_post_thumbnail":0,"_jetpack_newsletter_access":"","_jetpack_dont_email_post_to_subs":false,"_jetpack_newsletter_tier_id":0,"_jetpack_memberships_contains_paywalled_content":false,"_jetpack_memberships_contains_paid_content":false,"footnotes":""},"categories":[26],"tags":[],"class_list":["post-1597","post","type-post","status-publish","format-standard","has-post-thumbnail","hentry","category-ajankohtaista"],"jetpack_featured_media_url":"http:\/\/www.rukajarvensuunnanhistoriayhdistys.fi\/rukajarvikeskus\/wp-content\/uploads\/2014\/09\/N\u00e4ytt\u00f6kuva-2014-9-16-kello-21.26.41.png","jetpack_sharing_enabled":true,"jetpack_shortlink":"https:\/\/wp.me\/p72N2f-pL","_links":{"self":[{"href":"http:\/\/www.rukajarvensuunnanhistoriayhdistys.fi\/rukajarvikeskus\/wp-json\/wp\/v2\/posts\/1597","targetHints":{"allow":["GET"]}}],"collection":[{"href":"http:\/\/www.rukajarvensuunnanhistoriayhdistys.fi\/rukajarvikeskus\/wp-json\/wp\/v2\/posts"}],"about":[{"href":"http:\/\/www.rukajarvensuunnanhistoriayhdistys.fi\/rukajarvikeskus\/wp-json\/wp\/v2\/types\/post"}],"author":[{"embeddable":true,"href":"http:\/\/www.rukajarvensuunnanhistoriayhdistys.fi\/rukajarvikeskus\/wp-json\/wp\/v2\/users\/2"}],"replies":[{"embeddable":true,"href":"http:\/\/www.rukajarvensuunnanhistoriayhdistys.fi\/rukajarvikeskus\/wp-json\/wp\/v2\/comments?post=1597"}],"version-history":[{"count":3,"href":"http:\/\/www.rukajarvensuunnanhistoriayhdistys.fi\/rukajarvikeskus\/wp-json\/wp\/v2\/posts\/1597\/revisions"}],"predecessor-version":[{"id":1607,"href":"http:\/\/www.rukajarvensuunnanhistoriayhdistys.fi\/rukajarvikeskus\/wp-json\/wp\/v2\/posts\/1597\/revisions\/1607"}],"wp:featuredmedia":[{"embeddable":true,"href":"http:\/\/www.rukajarvensuunnanhistoriayhdistys.fi\/rukajarvikeskus\/wp-json\/wp\/v2\/media\/1603"}],"wp:attachment":[{"href":"http:\/\/www.rukajarvensuunnanhistoriayhdistys.fi\/rukajarvikeskus\/wp-json\/wp\/v2\/media?parent=1597"}],"wp:term":[{"taxonomy":"category","embeddable":true,"href":"http:\/\/www.rukajarvensuunnanhistoriayhdistys.fi\/rukajarvikeskus\/wp-json\/wp\/v2\/categories?post=1597"},{"taxonomy":"post_tag","embeddable":true,"href":"http:\/\/www.rukajarvensuunnanhistoriayhdistys.fi\/rukajarvikeskus\/wp-json\/wp\/v2\/tags?post=1597"}],"curies":[{"name":"wp","href":"https:\/\/api.w.org\/{rel}","templated":true}]}}