{"id":1621,"date":"2014-09-25T21:35:45","date_gmt":"2014-09-25T18:35:45","guid":{"rendered":"http:\/\/www.rukajarvensuunnanhistoriayhdistys.fi\/rukajarvikeskus\/?p=1621"},"modified":"2014-09-25T21:42:57","modified_gmt":"2014-09-25T18:42:57","slug":"tuoreet-rukajarvi-kirjat-esittelyssa-iisalmen-rukajarvi-keskuksessa-28-9-2014-klo-12-15","status":"publish","type":"post","link":"http:\/\/www.rukajarvensuunnanhistoriayhdistys.fi\/rukajarvikeskus\/ajankohtaista\/tuoreet-rukajarvi-kirjat-esittelyssa-iisalmen-rukajarvi-keskuksessa-28-9-2014-klo-12-15\/","title":{"rendered":"Tuoreet Rukaj\u00e4rvi-kirjat esittelyss\u00e4 Iisalmen Rukaj\u00e4rvi-keskuksessa 28.9.2014 klo 12-15"},"content":{"rendered":"<div class=\"fcbkbttn_buttons_block\" id=\"fcbkbttn_left\"><div class=\"fcbkbttn_like \"><fb:like href=\"http:\/\/www.rukajarvensuunnanhistoriayhdistys.fi\/rukajarvikeskus\/ajankohtaista\/tuoreet-rukajarvi-kirjat-esittelyssa-iisalmen-rukajarvi-keskuksessa-28-9-2014-klo-12-15\/\" action=\"like\" colorscheme=\"light\" layout=\"button_count\"  size=\"small\"><\/fb:like><\/div><\/div><p>Uunituoreet Rukaj\u00e4rvi-kirjat esittelyss\u00e4 Iisalmen Rukaj\u00e4rvi-keskuksessa 28.9.2014 klo 12-15.<\/p>\n<p><a href=\"http:\/\/www.rukajarvensuunnanhistoriayhdistys.fi\/rukajarvikeskus\/wp-content\/uploads\/2014\/09\/Iisalmen-Rukaj\u00e4rvikeskus.jpg\"><img loading=\"lazy\" decoding=\"async\" class=\"alignnone wp-image-1622 size-full\" src=\"http:\/\/www.rukajarvensuunnanhistoriayhdistys.fi\/rukajarvikeskus\/wp-content\/uploads\/2014\/09\/Iisalmen-Rukaj\u00e4rvikeskus.jpg\" alt=\"Iisalmen Rukaj\u00e4rvikeskus\" width=\"1240\" height=\"1754\" srcset=\"http:\/\/www.rukajarvensuunnanhistoriayhdistys.fi\/rukajarvikeskus\/wp-content\/uploads\/2014\/09\/Iisalmen-Rukaj\u00e4rvikeskus.jpg 1240w, http:\/\/www.rukajarvensuunnanhistoriayhdistys.fi\/rukajarvikeskus\/wp-content\/uploads\/2014\/09\/Iisalmen-Rukaj\u00e4rvikeskus-212x300.jpg 212w, http:\/\/www.rukajarvensuunnanhistoriayhdistys.fi\/rukajarvikeskus\/wp-content\/uploads\/2014\/09\/Iisalmen-Rukaj\u00e4rvikeskus-723x1024.jpg 723w\" sizes=\"auto, (max-width: 1240px) 100vw, 1240px\" \/><\/a><\/p>\n<p>Iisalmen tilaisuudessa oheisesta ohjelmasta poiketen\u00a0lyhyt selostus\u00a0siit\u00e4 mit\u00e4 todellisuudessa\u00a0tapahtui 3.-4.9.2014 v\u00e4lisen\u00e4 y\u00f6n\u00e4, miten juhlajuna korjattiin ja onnistuttiin saamaan liikennekuntoiseksi. Tilaisuus\u00a0pidet\u00e4\u00e4n siis 28.9.2014 klo 14.00 -14.45, jonka j\u00e4lkeen esitell\u00e4\u00e4n ja katsotaan Kevytosasto 2:n taistelutie dokumenttielokuva. RSHY muistaa\u00a0\u00a0junankorjaajia, rautatiel\u00e4isi\u00e4\u00a0ja my\u00f6s Kajaanin asemalla ansiokkaasti toiminutta KaiPr:n edustajaa.<\/p>\n<p>Muistamiseen on varattu aikaa 45 minuuttia, jonka j\u00e4lkeen katsotaan oheisen ohjelman mukainen dokumenttielokuva Kevytosasto 2:n taistelutie.<\/p>\n<p>Puheenjohtaja\u00a0\u00a0 Tenho Tikkanen<\/p>\n","protected":false},"excerpt":{"rendered":"<p>Uunituoreet Rukaj\u00e4rvi-kirjat esittelyss\u00e4 Iisalmen Rukaj\u00e4rvi-keskuksessa 28.9.2014 klo 12-15. Iisalmen tilaisuudessa oheisesta ohjelmasta poiketen\u00a0lyhyt selostus\u00a0siit\u00e4 mit\u00e4 todellisuudessa\u00a0tapahtui 3.-4.9.2014 v\u00e4lisen\u00e4 y\u00f6n\u00e4, miten juhlajuna korjattiin ja onnistuttiin saamaan liikennekuntoiseksi. Tilaisuus\u00a0pidet\u00e4\u00e4n siis 28.9.2014 klo <a class=\"more-link\" href=\"http:\/\/www.rukajarvensuunnanhistoriayhdistys.fi\/rukajarvikeskus\/ajankohtaista\/tuoreet-rukajarvi-kirjat-esittelyssa-iisalmen-rukajarvi-keskuksessa-28-9-2014-klo-12-15\/\">Lue lis\u00e4\u00e4&#8230;<span class=\"screen-reader-text\">Tuoreet Rukaj\u00e4rvi-kirjat esittelyss\u00e4 Iisalmen Rukaj\u00e4rvi-keskuksessa 28.9.2014 klo 12-15<\/span><span class=\"meta-nav\">\u2192<\/span><\/a><\/p>\n","protected":false},"author":4,"featured_media":0,"comment_status":"closed","ping_status":"open","sticky":false,"template":"","format":"standard","meta":{"ngg_post_thumbnail":0,"_jetpack_newsletter_access":"","_jetpack_dont_email_post_to_subs":false,"_jetpack_newsletter_tier_id":0,"_jetpack_memberships_contains_paywalled_content":false,"_jetpack_memberships_contains_paid_content":false,"footnotes":""},"categories":[26],"tags":[],"class_list":["post-1621","post","type-post","status-publish","format-standard","hentry","category-ajankohtaista"],"jetpack_featured_media_url":"","jetpack_sharing_enabled":true,"jetpack_shortlink":"https:\/\/wp.me\/p72N2f-q9","_links":{"self":[{"href":"http:\/\/www.rukajarvensuunnanhistoriayhdistys.fi\/rukajarvikeskus\/wp-json\/wp\/v2\/posts\/1621","targetHints":{"allow":["GET"]}}],"collection":[{"href":"http:\/\/www.rukajarvensuunnanhistoriayhdistys.fi\/rukajarvikeskus\/wp-json\/wp\/v2\/posts"}],"about":[{"href":"http:\/\/www.rukajarvensuunnanhistoriayhdistys.fi\/rukajarvikeskus\/wp-json\/wp\/v2\/types\/post"}],"author":[{"embeddable":true,"href":"http:\/\/www.rukajarvensuunnanhistoriayhdistys.fi\/rukajarvikeskus\/wp-json\/wp\/v2\/users\/4"}],"replies":[{"embeddable":true,"href":"http:\/\/www.rukajarvensuunnanhistoriayhdistys.fi\/rukajarvikeskus\/wp-json\/wp\/v2\/comments?post=1621"}],"version-history":[{"count":3,"href":"http:\/\/www.rukajarvensuunnanhistoriayhdistys.fi\/rukajarvikeskus\/wp-json\/wp\/v2\/posts\/1621\/revisions"}],"predecessor-version":[{"id":1625,"href":"http:\/\/www.rukajarvensuunnanhistoriayhdistys.fi\/rukajarvikeskus\/wp-json\/wp\/v2\/posts\/1621\/revisions\/1625"}],"wp:attachment":[{"href":"http:\/\/www.rukajarvensuunnanhistoriayhdistys.fi\/rukajarvikeskus\/wp-json\/wp\/v2\/media?parent=1621"}],"wp:term":[{"taxonomy":"category","embeddable":true,"href":"http:\/\/www.rukajarvensuunnanhistoriayhdistys.fi\/rukajarvikeskus\/wp-json\/wp\/v2\/categories?post=1621"},{"taxonomy":"post_tag","embeddable":true,"href":"http:\/\/www.rukajarvensuunnanhistoriayhdistys.fi\/rukajarvikeskus\/wp-json\/wp\/v2\/tags?post=1621"}],"curies":[{"name":"wp","href":"https:\/\/api.w.org\/{rel}","templated":true}]}}