{"id":1643,"date":"2014-11-04T08:29:45","date_gmt":"2014-11-04T05:29:45","guid":{"rendered":"http:\/\/www.rukajarvensuunnanhistoriayhdistys.fi\/rukajarvikeskus\/?p=1643"},"modified":"2014-11-04T08:37:46","modified_gmt":"2014-11-04T05:37:46","slug":"ilkka-kanerva-iisalmen-rukajarvi-keskuksessa-25-11-2014-klo-19-00","status":"publish","type":"post","link":"http:\/\/www.rukajarvensuunnanhistoriayhdistys.fi\/rukajarvikeskus\/ajankohtaista\/ilkka-kanerva-iisalmen-rukajarvi-keskuksessa-25-11-2014-klo-19-00\/","title":{"rendered":"Ilkka Kanerva Iisalmen Rukaj\u00e4rvi-keskuksessa 25.11.2014 klo 19.00"},"content":{"rendered":"<div class=\"fcbkbttn_buttons_block\" id=\"fcbkbttn_left\"><div class=\"fcbkbttn_like \"><fb:like href=\"http:\/\/www.rukajarvensuunnanhistoriayhdistys.fi\/rukajarvikeskus\/ajankohtaista\/ilkka-kanerva-iisalmen-rukajarvi-keskuksessa-25-11-2014-klo-19-00\/\" action=\"like\" colorscheme=\"light\" layout=\"button_count\"  size=\"small\"><\/fb:like><\/div><\/div><p>Kansanedustaja Ilkka Kanerva saapuu 25. p\u00e4iv\u00e4 marraskuuta Iisalmen Reserviupseerikerhon vieraaksi. Samassa yhteydess\u00e4 Reserviupseerikerho j\u00e4rjest\u00e4\u00e4 yleis\u00f6tilaisuuden Iisalmen Rukaj\u00e4rvi-keskuksessa klo 19.00 alkaen. Rukaj\u00e4rvi-keskuksen tilaisuus on kaikille avoin.<\/p>\n<figure id=\"attachment_1644\" aria-describedby=\"caption-attachment-1644\" style=\"width: 234px\" class=\"wp-caption alignnone\"><a href=\"http:\/\/www.rukajarvensuunnanhistoriayhdistys.fi\/rukajarvikeskus\/wp-content\/uploads\/2014\/11\/Kanerva-Ilkka.jpg\"><img loading=\"lazy\" decoding=\"async\" class=\"wp-image-1644 size-full\" src=\"http:\/\/www.rukajarvensuunnanhistoriayhdistys.fi\/rukajarvikeskus\/wp-content\/uploads\/2014\/11\/Kanerva-Ilkka.jpg\" alt=\"Kansanedustaja Ilkka Kanerva toimii nykyisin ETYJ:n yleiskokouksen presidenttin\u00e4.\" width=\"234\" height=\"215\" \/><\/a><figcaption id=\"caption-attachment-1644\" class=\"wp-caption-text\">Kansanedustaja Ilkka Kanerva toimii nykyisin ETYJ:n yleiskokouksen presidenttin\u00e4. Kuva kaapattu netist\u00e4.<\/figcaption><\/figure>\n<p>Kanerva pit\u00e4\u00e4 tilaisuudessa esitelm\u00e4n aiheenaan Ukrainan tilanne. Ilkka Kanerva toimii ETYJ:n yleiskokouksen presidenttin\u00e4.<\/p>\n<p>&nbsp;<\/p>\n","protected":false},"excerpt":{"rendered":"<p>Kansanedustaja Ilkka Kanerva saapuu 25. p\u00e4iv\u00e4 marraskuuta Iisalmen Reserviupseerikerhon vieraaksi. Samassa yhteydess\u00e4 Reserviupseerikerho j\u00e4rjest\u00e4\u00e4 yleis\u00f6tilaisuuden Iisalmen Rukaj\u00e4rvi-keskuksessa klo 19.00 alkaen. Rukaj\u00e4rvi-keskuksen tilaisuus on kaikille avoin. Kanerva pit\u00e4\u00e4 tilaisuudessa esitelm\u00e4n aiheenaan <a class=\"more-link\" href=\"http:\/\/www.rukajarvensuunnanhistoriayhdistys.fi\/rukajarvikeskus\/ajankohtaista\/ilkka-kanerva-iisalmen-rukajarvi-keskuksessa-25-11-2014-klo-19-00\/\">Lue lis\u00e4\u00e4&#8230;<span class=\"screen-reader-text\">Ilkka Kanerva Iisalmen Rukaj\u00e4rvi-keskuksessa 25.11.2014 klo 19.00<\/span><span class=\"meta-nav\">\u2192<\/span><\/a><\/p>\n","protected":false},"author":4,"featured_media":1644,"comment_status":"closed","ping_status":"open","sticky":false,"template":"","format":"standard","meta":{"ngg_post_thumbnail":0,"_jetpack_newsletter_access":"","_jetpack_dont_email_post_to_subs":false,"_jetpack_newsletter_tier_id":0,"_jetpack_memberships_contains_paywalled_content":false,"_jetpack_memberships_contains_paid_content":false,"footnotes":""},"categories":[26],"tags":[],"class_list":["post-1643","post","type-post","status-publish","format-standard","has-post-thumbnail","hentry","category-ajankohtaista"],"jetpack_featured_media_url":"http:\/\/www.rukajarvensuunnanhistoriayhdistys.fi\/rukajarvikeskus\/wp-content\/uploads\/2014\/11\/Kanerva-Ilkka.jpg","jetpack_sharing_enabled":true,"jetpack_shortlink":"https:\/\/wp.me\/p72N2f-qv","_links":{"self":[{"href":"http:\/\/www.rukajarvensuunnanhistoriayhdistys.fi\/rukajarvikeskus\/wp-json\/wp\/v2\/posts\/1643","targetHints":{"allow":["GET"]}}],"collection":[{"href":"http:\/\/www.rukajarvensuunnanhistoriayhdistys.fi\/rukajarvikeskus\/wp-json\/wp\/v2\/posts"}],"about":[{"href":"http:\/\/www.rukajarvensuunnanhistoriayhdistys.fi\/rukajarvikeskus\/wp-json\/wp\/v2\/types\/post"}],"author":[{"embeddable":true,"href":"http:\/\/www.rukajarvensuunnanhistoriayhdistys.fi\/rukajarvikeskus\/wp-json\/wp\/v2\/users\/4"}],"replies":[{"embeddable":true,"href":"http:\/\/www.rukajarvensuunnanhistoriayhdistys.fi\/rukajarvikeskus\/wp-json\/wp\/v2\/comments?post=1643"}],"version-history":[{"count":2,"href":"http:\/\/www.rukajarvensuunnanhistoriayhdistys.fi\/rukajarvikeskus\/wp-json\/wp\/v2\/posts\/1643\/revisions"}],"predecessor-version":[{"id":1646,"href":"http:\/\/www.rukajarvensuunnanhistoriayhdistys.fi\/rukajarvikeskus\/wp-json\/wp\/v2\/posts\/1643\/revisions\/1646"}],"wp:featuredmedia":[{"embeddable":true,"href":"http:\/\/www.rukajarvensuunnanhistoriayhdistys.fi\/rukajarvikeskus\/wp-json\/wp\/v2\/media\/1644"}],"wp:attachment":[{"href":"http:\/\/www.rukajarvensuunnanhistoriayhdistys.fi\/rukajarvikeskus\/wp-json\/wp\/v2\/media?parent=1643"}],"wp:term":[{"taxonomy":"category","embeddable":true,"href":"http:\/\/www.rukajarvensuunnanhistoriayhdistys.fi\/rukajarvikeskus\/wp-json\/wp\/v2\/categories?post=1643"},{"taxonomy":"post_tag","embeddable":true,"href":"http:\/\/www.rukajarvensuunnanhistoriayhdistys.fi\/rukajarvikeskus\/wp-json\/wp\/v2\/tags?post=1643"}],"curies":[{"name":"wp","href":"https:\/\/api.w.org\/{rel}","templated":true}]}}