{"id":1650,"date":"2014-11-26T01:04:06","date_gmt":"2014-11-25T22:04:06","guid":{"rendered":"http:\/\/www.rukajarvensuunnanhistoriayhdistys.fi\/rukajarvikeskus\/?p=1650"},"modified":"2014-11-27T17:04:51","modified_gmt":"2014-11-27T14:04:51","slug":"kansanedustaja-ilkka-kanervan-kiinnostava-maratonpuhe","status":"publish","type":"post","link":"http:\/\/www.rukajarvensuunnanhistoriayhdistys.fi\/rukajarvikeskus\/ajankohtaista\/kansanedustaja-ilkka-kanervan-kiinnostava-maratonpuhe\/","title":{"rendered":"Kansanedustaja Ilkka Kanervan kiinnostava ja asiantunteva maratonesitelm\u00e4"},"content":{"rendered":"<div class=\"fcbkbttn_buttons_block\" id=\"fcbkbttn_left\"><div class=\"fcbkbttn_like \"><fb:like href=\"http:\/\/www.rukajarvensuunnanhistoriayhdistys.fi\/rukajarvikeskus\/ajankohtaista\/kansanedustaja-ilkka-kanervan-kiinnostava-maratonpuhe\/\" action=\"like\" colorscheme=\"light\" layout=\"button_count\"  size=\"small\"><\/fb:like><\/div><\/div><p>Kansanedustaja Ilkka Kanervaa oli saapunut Iisalmen Rukaj\u00e4rvi-keskukseen kuulemaan satakunta kuulijaa. H\u00e4nen yli tunnin esitelm\u00e4ns\u00e4 kosketteli Suomen ulko- ja turvallisuuspolitiikkaa kiinnostavalla tavalla. Yksik\u00e4\u00e4n kuulijoista ei kiirehtinyt kesken esitelm\u00e4n pois, vaan jokainen keskittyi kuulemaan esityst\u00e4 loppuun saakka. Kuulijoitten joukossa oli suuri m\u00e4\u00e4r\u00e4\u00a0lukioik\u00e4ist\u00e4 nuorisoa, mik\u00e4 oli my\u00f6s kovin ilahduttavaa.<\/p>\n<figure id=\"attachment_1652\" aria-describedby=\"caption-attachment-1652\" style=\"width: 1754px\" class=\"wp-caption alignnone\"><a href=\"http:\/\/www.rukajarvensuunnanhistoriayhdistys.fi\/rukajarvikeskus\/wp-content\/uploads\/2014\/11\/Ilkka-Kanerva-1.jpg\"><img loading=\"lazy\" decoding=\"async\" class=\"wp-image-1652 size-full\" src=\"http:\/\/www.rukajarvensuunnanhistoriayhdistys.fi\/rukajarvikeskus\/wp-content\/uploads\/2014\/11\/Ilkka-Kanerva-1.jpg\" alt=\"Liki sata kuulijaa oli saapunut kuulemaan kansanedustaja Ilkka Kanervaa, joka toimii parhaillaan kansainv\u00e4lisestikin arvostelulla paikalla ETYJ:n puheenjohtajana.\" width=\"1754\" height=\"1240\" srcset=\"http:\/\/www.rukajarvensuunnanhistoriayhdistys.fi\/rukajarvikeskus\/wp-content\/uploads\/2014\/11\/Ilkka-Kanerva-1.jpg 1754w, http:\/\/www.rukajarvensuunnanhistoriayhdistys.fi\/rukajarvikeskus\/wp-content\/uploads\/2014\/11\/Ilkka-Kanerva-1-300x212.jpg 300w, http:\/\/www.rukajarvensuunnanhistoriayhdistys.fi\/rukajarvikeskus\/wp-content\/uploads\/2014\/11\/Ilkka-Kanerva-1-1024x723.jpg 1024w\" sizes=\"auto, (max-width: 1754px) 100vw, 1754px\" \/><\/a><figcaption id=\"caption-attachment-1652\" class=\"wp-caption-text\">Liki sata kuulijaa oli saapunut kuulemaan kansanedustaja Ilkka Kanervaa, joka toimii parhaillaan kansainv\u00e4lisestikin arvostelulla paikalla ETYJ:n puheenjohtajana. Puheen j\u00e4lkeen k\u00e4ytiin vilkas keskustelu. Kysymyst\u00e4 esitt\u00e4m\u00e4ss\u00e4 Immo Kuutsa. Kuva Sanna-Riikka Nissinen.<\/figcaption><\/figure>\n<p>Kanervan esitelm\u00e4n j\u00e4lkeen k\u00e4ytiin vilkas keskustelu. H\u00e4nelt\u00e4 tiedusteltiin kantaa mm. NATO-j\u00e4senyyteen: &#8221;Eip\u00e4s h\u00f6tkyill\u00e4, nyt on liian paljon palikoita p\u00f6yd\u00e4ll\u00e4. Siihen kysymykseen ehtii palata my\u00f6hemminkin.&#8221;<\/p>\n<figure id=\"attachment_1651\" aria-describedby=\"caption-attachment-1651\" style=\"width: 1754px\" class=\"wp-caption alignnone\"><a href=\"http:\/\/www.rukajarvensuunnanhistoriayhdistys.fi\/rukajarvikeskus\/wp-content\/uploads\/2014\/11\/Ilkka-Kanerva.jpg\"><img loading=\"lazy\" decoding=\"async\" class=\"wp-image-1651 size-full\" src=\"http:\/\/www.rukajarvensuunnanhistoriayhdistys.fi\/rukajarvikeskus\/wp-content\/uploads\/2014\/11\/Ilkka-Kanerva.jpg\" alt=\"Kansanesutaja Ilkka Kanerva osaa ottaa yleis\u00f6ns\u00e4. H\u00e4n kertoi yleis\u00f6lle, ett\u00e4 heid\u00e4n kannattaa pit\u00e4\u00e4 kiinni kansanedustajista, joita olette Arkadianm\u00e4elle t\u00e4\u00e4lt\u00e4 l\u00e4hett\u00e4neet. Lausui pari nime\u00e4kin, joiden joukossa ei ollut pelk\u00e4st\u00e4\u00e4n h\u00e4nen oman puolueensa edustajien nimi\u00e4. \" width=\"1754\" height=\"1240\" srcset=\"http:\/\/www.rukajarvensuunnanhistoriayhdistys.fi\/rukajarvikeskus\/wp-content\/uploads\/2014\/11\/Ilkka-Kanerva.jpg 1754w, http:\/\/www.rukajarvensuunnanhistoriayhdistys.fi\/rukajarvikeskus\/wp-content\/uploads\/2014\/11\/Ilkka-Kanerva-300x212.jpg 300w, http:\/\/www.rukajarvensuunnanhistoriayhdistys.fi\/rukajarvikeskus\/wp-content\/uploads\/2014\/11\/Ilkka-Kanerva-1024x723.jpg 1024w\" sizes=\"auto, (max-width: 1754px) 100vw, 1754px\" \/><\/a><figcaption id=\"caption-attachment-1651\" class=\"wp-caption-text\">Kansanedustaja Ilkka Kanerva osaa ottaa yleis\u00f6ns\u00e4. H\u00e4n kertoi yleis\u00f6lle, ett\u00e4 heid\u00e4n kannattaa pit\u00e4\u00e4 kiinni kansanedustajista, joita olette Arkadianm\u00e4elle t\u00e4\u00e4lt\u00e4 l\u00e4hett\u00e4neet. Lausui pari nime\u00e4kin, joiden joukossa ei ollut pelk\u00e4st\u00e4\u00e4n h\u00e4nen oman puolueensa edustajien nimi\u00e4. Kuva Sanna-Riikka Nissinen.<\/figcaption><\/figure>\n<p>Yhteenvetona voi todeta, ett\u00e4 ne jotka eiv\u00e4t olleet tilaisuudessa paikalla, ja jos olisivat tietoisia Kanervan puheen sis\u00e4ll\u00f6st\u00e4, olisivat todella pahoilla mielin siit\u00e4, ett\u00e4 miksi eiv\u00e4t sittenkin vaivautuneet tulemaan tilaisuuteen paikalle.<\/p>\n<figure id=\"attachment_1655\" aria-describedby=\"caption-attachment-1655\" style=\"width: 1754px\" class=\"wp-caption alignnone\"><a href=\"http:\/\/www.rukajarvensuunnanhistoriayhdistys.fi\/rukajarvikeskus\/wp-content\/uploads\/2014\/11\/Kanerva-25-11-2014-Karhu.jpg\"><img loading=\"lazy\" decoding=\"async\" class=\"wp-image-1655 size-full\" src=\"http:\/\/www.rukajarvensuunnanhistoriayhdistys.fi\/rukajarvikeskus\/wp-content\/uploads\/2014\/11\/Kanerva-25-11-2014-Karhu.jpg\" alt=\"Eturiviss\u00e4 Niilo-Kustaa Malmivaara, Pohjoi-Savon Aluetoimiston p\u00e4\u00e4llikk\u00f6 ev.ltn. Esa Palosaari, kansanedustaja Ilkka Kanerva ja Iisalmen Seudun Reserviupseerikerhon puheenjohtaja Kimmo Varis\" width=\"1754\" height=\"1240\" srcset=\"http:\/\/www.rukajarvensuunnanhistoriayhdistys.fi\/rukajarvikeskus\/wp-content\/uploads\/2014\/11\/Kanerva-25-11-2014-Karhu.jpg 1754w, http:\/\/www.rukajarvensuunnanhistoriayhdistys.fi\/rukajarvikeskus\/wp-content\/uploads\/2014\/11\/Kanerva-25-11-2014-Karhu-300x212.jpg 300w, http:\/\/www.rukajarvensuunnanhistoriayhdistys.fi\/rukajarvikeskus\/wp-content\/uploads\/2014\/11\/Kanerva-25-11-2014-Karhu-1024x723.jpg 1024w\" sizes=\"auto, (max-width: 1754px) 100vw, 1754px\" \/><\/a><figcaption id=\"caption-attachment-1655\" class=\"wp-caption-text\">Eturiviss\u00e4 Niilo-Kustaa Malmivaara, Pohjois-Savon Aluetoimiston p\u00e4\u00e4llikk\u00f6 ev.ltn. Esa Palosaari, kansanedustaja Ilkka Kanerva ja Iisalmen Seudun Reserviupseerikerhon puheenjohtaja Kimmo Varis. Kuva\u00a0Helena Karhu.<\/figcaption><\/figure>\n<p>Tilaisuuden aluksi yhdistyksen puheenjohtaja esitteli Rukaj\u00e4rvi-keskuksen toimintaa ja toivotti yleis\u00f6n tervetulleeksi Jukolan Motin tilaisuuteen, joka pidet\u00e4\u00e4n Lieksassa Rukaj\u00e4rven tiell\u00e4 30.11.2014. Tuolloin tulee kuluneeksi 75 vuotta Talvisodan syttymisest\u00e4. Asiasta tarkemmin RSHY:n nettisivulla. Tilaisuuden oli j\u00e4rjest\u00e4nyt Iisalmen Reservil\u00e4iset.<\/p>\n","protected":false},"excerpt":{"rendered":"<p>Kansanedustaja Ilkka Kanervaa oli saapunut Iisalmen Rukaj\u00e4rvi-keskukseen kuulemaan satakunta kuulijaa. H\u00e4nen yli tunnin esitelm\u00e4ns\u00e4 kosketteli Suomen ulko- ja turvallisuuspolitiikkaa kiinnostavalla tavalla. Yksik\u00e4\u00e4n kuulijoista ei kiirehtinyt kesken esitelm\u00e4n pois, vaan jokainen <a class=\"more-link\" href=\"http:\/\/www.rukajarvensuunnanhistoriayhdistys.fi\/rukajarvikeskus\/ajankohtaista\/kansanedustaja-ilkka-kanervan-kiinnostava-maratonpuhe\/\">Lue lis\u00e4\u00e4&#8230;<span class=\"screen-reader-text\">Kansanedustaja Ilkka Kanervan kiinnostava ja asiantunteva maratonesitelm\u00e4<\/span><span class=\"meta-nav\">\u2192<\/span><\/a><\/p>\n","protected":false},"author":4,"featured_media":0,"comment_status":"closed","ping_status":"open","sticky":false,"template":"","format":"standard","meta":{"ngg_post_thumbnail":0,"_jetpack_newsletter_access":"","_jetpack_dont_email_post_to_subs":false,"_jetpack_newsletter_tier_id":0,"_jetpack_memberships_contains_paywalled_content":false,"_jetpack_memberships_contains_paid_content":false,"footnotes":""},"categories":[26],"tags":[],"class_list":["post-1650","post","type-post","status-publish","format-standard","hentry","category-ajankohtaista"],"jetpack_featured_media_url":"","jetpack_sharing_enabled":true,"jetpack_shortlink":"https:\/\/wp.me\/p72N2f-qC","_links":{"self":[{"href":"http:\/\/www.rukajarvensuunnanhistoriayhdistys.fi\/rukajarvikeskus\/wp-json\/wp\/v2\/posts\/1650","targetHints":{"allow":["GET"]}}],"collection":[{"href":"http:\/\/www.rukajarvensuunnanhistoriayhdistys.fi\/rukajarvikeskus\/wp-json\/wp\/v2\/posts"}],"about":[{"href":"http:\/\/www.rukajarvensuunnanhistoriayhdistys.fi\/rukajarvikeskus\/wp-json\/wp\/v2\/types\/post"}],"author":[{"embeddable":true,"href":"http:\/\/www.rukajarvensuunnanhistoriayhdistys.fi\/rukajarvikeskus\/wp-json\/wp\/v2\/users\/4"}],"replies":[{"embeddable":true,"href":"http:\/\/www.rukajarvensuunnanhistoriayhdistys.fi\/rukajarvikeskus\/wp-json\/wp\/v2\/comments?post=1650"}],"version-history":[{"count":5,"href":"http:\/\/www.rukajarvensuunnanhistoriayhdistys.fi\/rukajarvikeskus\/wp-json\/wp\/v2\/posts\/1650\/revisions"}],"predecessor-version":[{"id":1659,"href":"http:\/\/www.rukajarvensuunnanhistoriayhdistys.fi\/rukajarvikeskus\/wp-json\/wp\/v2\/posts\/1650\/revisions\/1659"}],"wp:attachment":[{"href":"http:\/\/www.rukajarvensuunnanhistoriayhdistys.fi\/rukajarvikeskus\/wp-json\/wp\/v2\/media?parent=1650"}],"wp:term":[{"taxonomy":"category","embeddable":true,"href":"http:\/\/www.rukajarvensuunnanhistoriayhdistys.fi\/rukajarvikeskus\/wp-json\/wp\/v2\/categories?post=1650"},{"taxonomy":"post_tag","embeddable":true,"href":"http:\/\/www.rukajarvensuunnanhistoriayhdistys.fi\/rukajarvikeskus\/wp-json\/wp\/v2\/tags?post=1650"}],"curies":[{"name":"wp","href":"https:\/\/api.w.org\/{rel}","templated":true}]}}