{"id":1661,"date":"2014-11-28T01:47:45","date_gmt":"2014-11-27T22:47:45","guid":{"rendered":"http:\/\/www.rukajarvensuunnanhistoriayhdistys.fi\/rukajarvikeskus\/?p=1661"},"modified":"2014-11-28T01:51:33","modified_gmt":"2014-11-27T22:51:33","slug":"jukolan-motissa-avajaiset-30-11-2014-klo-11-00","status":"publish","type":"post","link":"http:\/\/www.rukajarvensuunnanhistoriayhdistys.fi\/rukajarvikeskus\/ajankohtaista\/jukolan-motissa-avajaiset-30-11-2014-klo-11-00\/","title":{"rendered":"Jukolan Motissa avajaiset 30.11.2014 klo 11.00."},"content":{"rendered":"<div class=\"fcbkbttn_buttons_block\" id=\"fcbkbttn_left\"><div class=\"fcbkbttn_like \"><fb:like href=\"http:\/\/www.rukajarvensuunnanhistoriayhdistys.fi\/rukajarvikeskus\/ajankohtaista\/jukolan-motissa-avajaiset-30-11-2014-klo-11-00\/\" action=\"like\" colorscheme=\"light\" layout=\"button_count\"  size=\"small\"><\/fb:like><\/div><\/div><p>Rukaj\u00e4rven suunnan historiayhdistyksen mittava hanke valmistui. Jukolan Motin kodan talkooty\u00f6h\u00f6n osallistui suuri m\u00e4\u00e4r\u00e4 ihmisi\u00e4, yhteens\u00e4 58 ja talkootunteja on nyt kertynyt yhteens\u00e4 1746.<\/p>\n<p>Kota\u00a0valmistui 25.11.2014. Sunnuntaina 30.11.2014 klo 11.00 \u00a0pid\u00e4mme kodan avajaiset ja samana p\u00e4iv\u00e4n\u00e4 on muutakin ohjelmaa, johon jokainen on tervetullut.<\/p>\n<p><a href=\"http:\/\/www.rukajarvensuunnanhistoriayhdistys.fi\/rukajarvikeskus\/wp-content\/uploads\/2014\/11\/Ohjelma-30-11-2014-1.jpg\"><img loading=\"lazy\" decoding=\"async\" class=\"alignnone wp-image-1662 size-full\" src=\"http:\/\/www.rukajarvensuunnanhistoriayhdistys.fi\/rukajarvikeskus\/wp-content\/uploads\/2014\/11\/Ohjelma-30-11-2014-1.jpg\" alt=\"Ohjelma 30-11-2014-1\" width=\"1240\" height=\"1754\" srcset=\"http:\/\/www.rukajarvensuunnanhistoriayhdistys.fi\/rukajarvikeskus\/wp-content\/uploads\/2014\/11\/Ohjelma-30-11-2014-1.jpg 1240w, http:\/\/www.rukajarvensuunnanhistoriayhdistys.fi\/rukajarvikeskus\/wp-content\/uploads\/2014\/11\/Ohjelma-30-11-2014-1-212x300.jpg 212w, http:\/\/www.rukajarvensuunnanhistoriayhdistys.fi\/rukajarvikeskus\/wp-content\/uploads\/2014\/11\/Ohjelma-30-11-2014-1-723x1024.jpg 723w\" sizes=\"auto, (max-width: 1240px) 100vw, 1240px\" \/><\/a><\/p>\n<figure id=\"attachment_1663\" aria-describedby=\"caption-attachment-1663\" style=\"width: 1754px\" class=\"wp-caption alignnone\"><a href=\"http:\/\/www.rukajarvensuunnanhistoriayhdistys.fi\/rukajarvikeskus\/wp-content\/uploads\/2014\/11\/Jukola-8.jpg\"><img loading=\"lazy\" decoding=\"async\" class=\"wp-image-1663 size-full\" src=\"http:\/\/www.rukajarvensuunnanhistoriayhdistys.fi\/rukajarvikeskus\/wp-content\/uploads\/2014\/11\/Jukola-8.jpg\" alt=\"Jukolan Motin kota\" width=\"1754\" height=\"1240\" srcset=\"http:\/\/www.rukajarvensuunnanhistoriayhdistys.fi\/rukajarvikeskus\/wp-content\/uploads\/2014\/11\/Jukola-8.jpg 1754w, http:\/\/www.rukajarvensuunnanhistoriayhdistys.fi\/rukajarvikeskus\/wp-content\/uploads\/2014\/11\/Jukola-8-300x212.jpg 300w, http:\/\/www.rukajarvensuunnanhistoriayhdistys.fi\/rukajarvikeskus\/wp-content\/uploads\/2014\/11\/Jukola-8-1024x723.jpg 1024w\" sizes=\"auto, (max-width: 1754px) 100vw, 1754px\" \/><\/a><figcaption id=\"caption-attachment-1663\" class=\"wp-caption-text\">Jukolan Motin kota<\/figcaption><\/figure>\n<figure id=\"attachment_1664\" aria-describedby=\"caption-attachment-1664\" style=\"width: 1754px\" class=\"wp-caption alignnone\"><a href=\"http:\/\/www.rukajarvensuunnanhistoriayhdistys.fi\/rukajarvikeskus\/wp-content\/uploads\/2014\/11\/Jukola-5.jpg\"><img loading=\"lazy\" decoding=\"async\" class=\"wp-image-1664 size-full\" src=\"http:\/\/www.rukajarvensuunnanhistoriayhdistys.fi\/rukajarvikeskus\/wp-content\/uploads\/2014\/11\/Jukola-5.jpg\" alt=\"Jukolan Motin kodan sis\u00e4lle mahtuu 60 henkil\u00f6\u00e4. Pislan kotakeitti\u00f6 pit\u00e4\u00e4 hyvin perusl\u00e4mm\u00f6n sis\u00e4ll\u00e4.\" width=\"1754\" height=\"1240\" srcset=\"http:\/\/www.rukajarvensuunnanhistoriayhdistys.fi\/rukajarvikeskus\/wp-content\/uploads\/2014\/11\/Jukola-5.jpg 1754w, http:\/\/www.rukajarvensuunnanhistoriayhdistys.fi\/rukajarvikeskus\/wp-content\/uploads\/2014\/11\/Jukola-5-300x212.jpg 300w, http:\/\/www.rukajarvensuunnanhistoriayhdistys.fi\/rukajarvikeskus\/wp-content\/uploads\/2014\/11\/Jukola-5-1024x723.jpg 1024w\" sizes=\"auto, (max-width: 1754px) 100vw, 1754px\" \/><\/a><figcaption id=\"caption-attachment-1664\" class=\"wp-caption-text\">Jukolan Motin kodan sis\u00e4lle mahtuu 60 henkil\u00f6\u00e4. Pislan kotakeitti\u00f6 pit\u00e4\u00e4 hyvin perusl\u00e4mm\u00f6n sis\u00e4ll\u00e4.<\/figcaption><\/figure>\n<figure id=\"attachment_1665\" aria-describedby=\"caption-attachment-1665\" style=\"width: 1754px\" class=\"wp-caption alignnone\"><a href=\"http:\/\/www.rukajarvensuunnanhistoriayhdistys.fi\/rukajarvikeskus\/wp-content\/uploads\/2014\/11\/Jukola-6.jpg\"><img loading=\"lazy\" decoding=\"async\" class=\"wp-image-1665 size-full\" src=\"http:\/\/www.rukajarvensuunnanhistoriayhdistys.fi\/rukajarvikeskus\/wp-content\/uploads\/2014\/11\/Jukola-6.jpg\" alt=\"Jukolan Motin kodasta on hyv\u00e4 n\u00e4kym\u00e4 Rukaj\u00e4rven tielle.\" width=\"1754\" height=\"1240\" srcset=\"http:\/\/www.rukajarvensuunnanhistoriayhdistys.fi\/rukajarvikeskus\/wp-content\/uploads\/2014\/11\/Jukola-6.jpg 1754w, http:\/\/www.rukajarvensuunnanhistoriayhdistys.fi\/rukajarvikeskus\/wp-content\/uploads\/2014\/11\/Jukola-6-300x212.jpg 300w, http:\/\/www.rukajarvensuunnanhistoriayhdistys.fi\/rukajarvikeskus\/wp-content\/uploads\/2014\/11\/Jukola-6-1024x723.jpg 1024w\" sizes=\"auto, (max-width: 1754px) 100vw, 1754px\" \/><\/a><figcaption id=\"caption-attachment-1665\" class=\"wp-caption-text\">Jukolan Motin kodasta on hyv\u00e4 n\u00e4kym\u00e4 Rukaj\u00e4rven tielle.<\/figcaption><\/figure>\n<figure id=\"attachment_1666\" aria-describedby=\"caption-attachment-1666\" style=\"width: 1754px\" class=\"wp-caption alignnone\"><a href=\"http:\/\/www.rukajarvensuunnanhistoriayhdistys.fi\/rukajarvikeskus\/wp-content\/uploads\/2014\/11\/Seurala.jpg\"><img loading=\"lazy\" decoding=\"async\" class=\"wp-image-1666 size-full\" src=\"http:\/\/www.rukajarvensuunnanhistoriayhdistys.fi\/rukajarvikeskus\/wp-content\/uploads\/2014\/11\/Seurala.jpg\" alt=\"Seurala. Nurmij\u00e4rven kyl\u00e4ll\u00e4 Rukaj\u00e4rven tien varrella, jossa avataan 30.11.2014 klo 13.00 pysyv\u00e4 Rukaj\u00e4rven tien valokuvan\u00e4yttely\" width=\"1754\" height=\"1240\" srcset=\"http:\/\/www.rukajarvensuunnanhistoriayhdistys.fi\/rukajarvikeskus\/wp-content\/uploads\/2014\/11\/Seurala.jpg 1754w, http:\/\/www.rukajarvensuunnanhistoriayhdistys.fi\/rukajarvikeskus\/wp-content\/uploads\/2014\/11\/Seurala-300x212.jpg 300w, http:\/\/www.rukajarvensuunnanhistoriayhdistys.fi\/rukajarvikeskus\/wp-content\/uploads\/2014\/11\/Seurala-1024x723.jpg 1024w\" sizes=\"auto, (max-width: 1754px) 100vw, 1754px\" \/><\/a><figcaption id=\"caption-attachment-1666\" class=\"wp-caption-text\">Seurala. Nurmij\u00e4rven kyl\u00e4ll\u00e4 Rukaj\u00e4rven tien varrella, jossa avataan 30.11.2014 klo 13.00 pysyv\u00e4 Rukaj\u00e4rven tien valokuvan\u00e4yttely<\/figcaption><\/figure>\n<p>Jukolan Motin kodan rakentamisesta lis\u00e4tietoa RSHY:n nettisivulta: <a href=\"http:\/\/www.rukajarvensuunnanhistoriayhdistys.fi\/historiayhdistys\/\">http:\/\/www.rukajarvensuunnanhistoriayhdistys.fi\/historiayhdistys\/<\/a><\/p>\n<p><strong><strong>Jukolan Motin raportti valmistui<\/strong><\/strong><\/p>\n<p>Mets\u00e4hallituksessa on juuri valmistunut Jukolan Motin kulttuuriperint\u00f6raportti (MH-tunnus 163857). Tutkimusty\u00f6n on\u00a0suorittanut arkeologi Inga Nieminen. Raporttiin on merkitty alueen maastossa n\u00e4kyv\u00e4t sodanaikaiset kohteet.<\/p>\n","protected":false},"excerpt":{"rendered":"<p>Rukaj\u00e4rven suunnan historiayhdistyksen mittava hanke valmistui. Jukolan Motin kodan talkooty\u00f6h\u00f6n osallistui suuri m\u00e4\u00e4r\u00e4 ihmisi\u00e4, yhteens\u00e4 58 ja talkootunteja on nyt kertynyt yhteens\u00e4 1746. Kota\u00a0valmistui 25.11.2014. Sunnuntaina 30.11.2014 klo 11.00 \u00a0pid\u00e4mme <a class=\"more-link\" href=\"http:\/\/www.rukajarvensuunnanhistoriayhdistys.fi\/rukajarvikeskus\/ajankohtaista\/jukolan-motissa-avajaiset-30-11-2014-klo-11-00\/\">Lue lis\u00e4\u00e4&#8230;<span class=\"screen-reader-text\">Jukolan Motissa avajaiset 30.11.2014 klo 11.00.<\/span><span class=\"meta-nav\">\u2192<\/span><\/a><\/p>\n","protected":false},"author":4,"featured_media":0,"comment_status":"closed","ping_status":"open","sticky":false,"template":"","format":"standard","meta":{"ngg_post_thumbnail":0,"_jetpack_newsletter_access":"","_jetpack_dont_email_post_to_subs":false,"_jetpack_newsletter_tier_id":0,"_jetpack_memberships_contains_paywalled_content":false,"_jetpack_memberships_contains_paid_content":false,"footnotes":""},"categories":[26],"tags":[],"class_list":["post-1661","post","type-post","status-publish","format-standard","hentry","category-ajankohtaista"],"jetpack_featured_media_url":"","jetpack_sharing_enabled":true,"jetpack_shortlink":"https:\/\/wp.me\/p72N2f-qN","_links":{"self":[{"href":"http:\/\/www.rukajarvensuunnanhistoriayhdistys.fi\/rukajarvikeskus\/wp-json\/wp\/v2\/posts\/1661","targetHints":{"allow":["GET"]}}],"collection":[{"href":"http:\/\/www.rukajarvensuunnanhistoriayhdistys.fi\/rukajarvikeskus\/wp-json\/wp\/v2\/posts"}],"about":[{"href":"http:\/\/www.rukajarvensuunnanhistoriayhdistys.fi\/rukajarvikeskus\/wp-json\/wp\/v2\/types\/post"}],"author":[{"embeddable":true,"href":"http:\/\/www.rukajarvensuunnanhistoriayhdistys.fi\/rukajarvikeskus\/wp-json\/wp\/v2\/users\/4"}],"replies":[{"embeddable":true,"href":"http:\/\/www.rukajarvensuunnanhistoriayhdistys.fi\/rukajarvikeskus\/wp-json\/wp\/v2\/comments?post=1661"}],"version-history":[{"count":3,"href":"http:\/\/www.rukajarvensuunnanhistoriayhdistys.fi\/rukajarvikeskus\/wp-json\/wp\/v2\/posts\/1661\/revisions"}],"predecessor-version":[{"id":1669,"href":"http:\/\/www.rukajarvensuunnanhistoriayhdistys.fi\/rukajarvikeskus\/wp-json\/wp\/v2\/posts\/1661\/revisions\/1669"}],"wp:attachment":[{"href":"http:\/\/www.rukajarvensuunnanhistoriayhdistys.fi\/rukajarvikeskus\/wp-json\/wp\/v2\/media?parent=1661"}],"wp:term":[{"taxonomy":"category","embeddable":true,"href":"http:\/\/www.rukajarvensuunnanhistoriayhdistys.fi\/rukajarvikeskus\/wp-json\/wp\/v2\/categories?post=1661"},{"taxonomy":"post_tag","embeddable":true,"href":"http:\/\/www.rukajarvensuunnanhistoriayhdistys.fi\/rukajarvikeskus\/wp-json\/wp\/v2\/tags?post=1661"}],"curies":[{"name":"wp","href":"https:\/\/api.w.org\/{rel}","templated":true}]}}