{"id":1671,"date":"2014-12-05T08:30:21","date_gmt":"2014-12-05T05:30:21","guid":{"rendered":"http:\/\/www.rukajarvensuunnanhistoriayhdistys.fi\/rukajarvikeskus\/?p=1671"},"modified":"2014-12-06T00:02:24","modified_gmt":"2014-12-05T21:02:24","slug":"hyvaa-itsenaisyyspaivaa-tervetuloa-rukajarvi-keskukseen","status":"publish","type":"post","link":"http:\/\/www.rukajarvensuunnanhistoriayhdistys.fi\/rukajarvikeskus\/ajankohtaista\/hyvaa-itsenaisyyspaivaa-tervetuloa-rukajarvi-keskukseen\/","title":{"rendered":"HYV\u00c4\u00c4 ITSEN\u00c4ISYYSP\u00c4IV\u00c4\u00c4 &#8211; TERVETULOA RUKAJ\u00c4RVI-KESKUKSEEN"},"content":{"rendered":"<div class=\"fcbkbttn_buttons_block\" id=\"fcbkbttn_left\"><div class=\"fcbkbttn_like \"><fb:like href=\"http:\/\/www.rukajarvensuunnanhistoriayhdistys.fi\/rukajarvikeskus\/ajankohtaista\/hyvaa-itsenaisyyspaivaa-tervetuloa-rukajarvi-keskukseen\/\" action=\"like\" colorscheme=\"light\" layout=\"button_count\"  size=\"small\"><\/fb:like><\/div><\/div><p>Iisalmessa toimiva Savon ammatti- ja aikuisopisto on j\u00e4rjest\u00e4nyt vuosittain itsen\u00e4isyysp\u00e4iv\u00e4n aattona\u00a0seppeleenlaskutilaisuuden Iisalmen Sankariniemen muistomerkeill\u00e4.(lis\u00e4tietoa Sankariniemest\u00e4: <a href=\"http:\/\/www.iisalmenseurakunta.fi\/00010371-sankariniemen-hautausmaa\">http:\/\/www.iisalmenseurakunta.fi\/00010371-sankariniemen-hautausmaa<\/a>).<\/p>\n<p>T\u00e4ll\u00e4 kertaa tilaisuuteen oli kutsuttu my\u00f6s Rukaj\u00e4rven suunnan historiayhdistyksen edustaja puheenjohtaja Tenho Tikkanen, jonka tilaisuudessa k\u00e4ytt\u00e4m\u00e4n puheen julkaisemme kokonaisuudessaan. Tikkanen\u00a0kannusti nuoria mukaan perinnety\u00f6h\u00f6n ja samalla h\u00e4n toivotti heid\u00e4t tervetulleeksi tutustumaan Rukaj\u00e4rvi-keskukseen.<\/p>\n<figure id=\"attachment_1678\" aria-describedby=\"caption-attachment-1678\" style=\"width: 525px\" class=\"wp-caption alignnone\"><a href=\"http:\/\/www.rukajarvensuunnanhistoriayhdistys.fi\/rukajarvikeskus\/wp-content\/uploads\/2014\/12\/Savon-ammatti-Olander-Alvasto.jpg\"><img loading=\"lazy\" decoding=\"async\" class=\"size-large wp-image-1678\" src=\"http:\/\/www.rukajarvensuunnanhistoriayhdistys.fi\/rukajarvikeskus\/wp-content\/uploads\/2014\/12\/Savon-ammatti-Olander-Alvasto-1024x723.jpg\" alt=\"Oppilaitoksen seppeleen laskivat Aino Alvasto ja Kalle \u00c5lander. Tilaisuuteen osallistui reilut sata opiskelijaa ja opettajaa.\" width=\"525\" height=\"370\" srcset=\"http:\/\/www.rukajarvensuunnanhistoriayhdistys.fi\/rukajarvikeskus\/wp-content\/uploads\/2014\/12\/Savon-ammatti-Olander-Alvasto-1024x723.jpg 1024w, http:\/\/www.rukajarvensuunnanhistoriayhdistys.fi\/rukajarvikeskus\/wp-content\/uploads\/2014\/12\/Savon-ammatti-Olander-Alvasto-300x212.jpg 300w, http:\/\/www.rukajarvensuunnanhistoriayhdistys.fi\/rukajarvikeskus\/wp-content\/uploads\/2014\/12\/Savon-ammatti-Olander-Alvasto.jpg 1754w\" sizes=\"auto, (max-width: 525px) 100vw, 525px\" \/><\/a><figcaption id=\"caption-attachment-1678\" class=\"wp-caption-text\">Oppilaitoksen seppeleen laskivat Aino Alvasto ja Kalle \u00c5lander. Tilaisuuteen osallistui reilut sata opiskelijaa ja opettajaa.<\/figcaption><\/figure>\n<figure id=\"attachment_1677\" aria-describedby=\"caption-attachment-1677\" style=\"width: 525px\" class=\"wp-caption alignnone\"><a href=\"http:\/\/www.rukajarvensuunnanhistoriayhdistys.fi\/rukajarvikeskus\/wp-content\/uploads\/2014\/12\/Sankariniemi-2.jpg\"><img loading=\"lazy\" decoding=\"async\" class=\"size-large wp-image-1677\" src=\"http:\/\/www.rukajarvensuunnanhistoriayhdistys.fi\/rukajarvikeskus\/wp-content\/uploads\/2014\/12\/Sankariniemi-2-1024x723.jpg\" alt=\"Seppeleen lasku. Taustalla Emil Halosen sankaripatsas Iisalmen Sankariniemell\u00e4.\" width=\"525\" height=\"370\" srcset=\"http:\/\/www.rukajarvensuunnanhistoriayhdistys.fi\/rukajarvikeskus\/wp-content\/uploads\/2014\/12\/Sankariniemi-2-1024x723.jpg 1024w, http:\/\/www.rukajarvensuunnanhistoriayhdistys.fi\/rukajarvikeskus\/wp-content\/uploads\/2014\/12\/Sankariniemi-2-300x212.jpg 300w, http:\/\/www.rukajarvensuunnanhistoriayhdistys.fi\/rukajarvikeskus\/wp-content\/uploads\/2014\/12\/Sankariniemi-2.jpg 1754w\" sizes=\"auto, (max-width: 525px) 100vw, 525px\" \/><\/a><figcaption id=\"caption-attachment-1677\" class=\"wp-caption-text\">Seppeleen lasku. Taustalla Emil Halosen sankaripatsas Iisalmen Sankariniemell\u00e4.<\/figcaption><\/figure>\n<figure id=\"attachment_1676\" aria-describedby=\"caption-attachment-1676\" style=\"width: 525px\" class=\"wp-caption alignnone\"><a href=\"http:\/\/www.rukajarvensuunnanhistoriayhdistys.fi\/rukajarvikeskus\/wp-content\/uploads\/2014\/12\/Sankariniemi.jpg\"><img loading=\"lazy\" decoding=\"async\" class=\"size-large wp-image-1676\" src=\"http:\/\/www.rukajarvensuunnanhistoriayhdistys.fi\/rukajarvikeskus\/wp-content\/uploads\/2014\/12\/Sankariniemi-1024x723.jpg\" alt=\"Oppilaitten kynttil\u00e4t sytytettiin Talvi - ja Jatkosodassa kaatuneitten v. 1939 - 1945 muistomerkille. Sen on suunnitellut arkkitehti Hannu Puurunen. Muistomerkit sijaitsevat kauniilla paikalla aivan Paloisvirran rannalla.\" width=\"525\" height=\"370\" srcset=\"http:\/\/www.rukajarvensuunnanhistoriayhdistys.fi\/rukajarvikeskus\/wp-content\/uploads\/2014\/12\/Sankariniemi-1024x723.jpg 1024w, http:\/\/www.rukajarvensuunnanhistoriayhdistys.fi\/rukajarvikeskus\/wp-content\/uploads\/2014\/12\/Sankariniemi-300x212.jpg 300w, http:\/\/www.rukajarvensuunnanhistoriayhdistys.fi\/rukajarvikeskus\/wp-content\/uploads\/2014\/12\/Sankariniemi.jpg 1754w\" sizes=\"auto, (max-width: 525px) 100vw, 525px\" \/><\/a><figcaption id=\"caption-attachment-1676\" class=\"wp-caption-text\">Oppilaitten kynttil\u00e4t sytytettiin Talvi &#8211; ja Jatkosodassa kaatuneitten v. 1939 &#8211; 1945 muistomerkille. Sen on suunnitellut arkkitehti Hannu Puurunen. Muistomerkit sijaitsevat kauniilla paikalla aivan Paloisvirran rannalla.<\/figcaption><\/figure>\n<p>Katso my\u00f6s oppilaitoksen sivulla oleva tilaisuuden videotallenne:<a href=\"Katso my\u00f6s oppilaitoksen sivulla oleva tilaisuuden videotallenne:https:\/\/www.youtube.com\/watch?v=oGKJ2Ct4CIU&amp;feature=youtu.be\">https:\/\/www.youtube.com\/watch?v=oGKJ2Ct4CIU&amp;feature=youtu.be<\/a><\/p>\n<p><strong>Arvoisat nuoret, hyv\u00e4t opettajat.<\/strong><\/p>\n<p><strong><strong>Seisomme historiallisella paikalla, jossa muistomerkit ja patsaat muistuttavat meit\u00e4 kansakuntamme koettelemuksista. Ne rohkaisevat meit\u00e4 sopimaan ja sovittelemaan, jotta rauhantila s\u00e4ilyisi maassamme. <\/strong><\/strong><\/p>\n<p><strong><strong>Tarkalleen 70 vuotta sitten Suomi palasi v\u00e4hitellen rauhantielle. Viime sodissa menehtyi kaikkiaan n. 108.000 sotilasta, Talvi- ja Jatkosodissa siviiliuhrien m\u00e4\u00e4r\u00e4 oli yli 2.000. Kaikkia heit\u00e4 muistamme t\u00e4n\u00e4\u00e4n t\u00e4\u00e4ll\u00e4 Iisalmen Sankariniemell\u00e4. Kaveria ei j\u00e4tetty, se asenne muodostui maamme pelastukseksi. Vaikeiden aikojen yli oli tultu, kansa oli yhten\u00e4inen. Kotirintaman ty\u00f6 oli merkitt\u00e4v\u00e4, siihen osallistuivat kaikki, koko kansa my\u00f6s lapset. Lottia toimi rintamalla vaativissa teht\u00e4viss\u00e4 n. 25.000. Yhteisill\u00e4 ponnisteluilla Suomi s\u00e4ilytti itsen\u00e4isyytens\u00e4.<\/strong><\/strong><\/p>\n<p><strong><strong>Sodat k\u00e4yneell\u00e4 sukupolvella, joka kykeni s\u00e4ilytt\u00e4m\u00e4\u00e4n maamme vapauden ja loi sen vaurauden, ei ollut valinnanvapautta, kuten minulla ja kaikilla sotien j\u00e4lkeen syntyneill\u00e4<\/strong><\/strong>.<\/p>\n<p><strong><strong>Arvostamme suuresti koulunne perinnetapahtumaa. N\u00e4m\u00e4 vuosittain toistuvat tilaisuudet pysyv\u00e4t muistissa l\u00e4pi el\u00e4m\u00e4nne.<\/strong><\/strong><\/p>\n<p><strong><strong>Mit\u00e4 Itsen\u00e4isyys merkitsee. Helposti unohtuu, ett\u00e4 se luo kansalaisille vapauksia ja oikeuksia, sananvapauden, \u00e4\u00e4nioikeuden, uskonnonvapauden. Mutta se my\u00f6s velvoittaa meit\u00e4 huolehtimaan kansamme hyvinvoinnista, terveydenhuollosta\u00a0 ja mm. ymp\u00e4rist\u00f6st\u00e4. Todelliseen itsen\u00e4isyyteen kuuluu my\u00f6s oma lains\u00e4\u00e4d\u00e4nt\u00f6valta.<\/strong><\/strong><\/p>\n<p><strong><strong>Ollessani Teid\u00e4n ik\u00e4isenne, rehtorimme lausui koulumme kev\u00e4tjuhlassa p\u00e4\u00e4st\u00f6todistusten luovutustilaisuudessa: &#8221;Muistakaa kaikissa el\u00e4m\u00e4nne vaiheissa aina ratkaisua tehdess\u00e4nne ajatella omilla aivoillanne, \u00e4lk\u00e4\u00e4k\u00e4 kulkeko lauman mukana.&#8221;<\/strong><\/strong><\/p>\n<p><strong><strong>Jo t\u00e4m\u00e4, ett\u00e4 koulutatte itse\u00e4nne, osoittaa, teid\u00e4n olevan oikealla tiell\u00e4. \u00a0Tied\u00e4tte keit\u00e4 olette ja millaisia olette ja millaisiksi haluatte tulla. Valintanne on osoitus hyv\u00e4st\u00e4 ja oikeasta itsetunnosta, itsen\u00e4isyydest\u00e4. Sellaisia itsen\u00e4isi\u00e4 omilla aivoilla ajattelevia nuoria Is\u00e4nmaa tarvitsee. Vain itse\u00e4\u00e4n kehitt\u00e4m\u00e4ll\u00e4, ty\u00f6t\u00e4 tekem\u00e4ll\u00e4 ja uutteroimalla voimme nauttia el\u00e4m\u00e4st\u00e4mme, perheest\u00e4 ja hyvist\u00e4 ihmissuhteista. N\u00e4in voimme luoda turvallisen maan ja sen tulevaisuuden ja auttaa l\u00e4himm\u00e4isi\u00e4mme. Sellainen maa on itsen\u00e4isyytens\u00e4 ansainnut, joka huolehtii kaikista kansalaisistaan. <\/strong><\/strong><\/p>\n<p><strong><strong>&#8221;Edess\u00e4nne on sata ovea, tuhat tiet\u00e4. Valitkaa syd\u00e4mell\u00e4, punnitkaa tunteella, k\u00e4ytt\u00e4k\u00e4\u00e4 hiven j\u00e4rke\u00e4. Ovet on tehty avattavaksi, tiet tallattavaksi, el\u00e4m\u00e4 elett\u00e4v\u00e4ksi.&#8221;<\/strong><\/strong><\/p>\n<p><strong><strong>&#8221;Jos erehdytte, uskaltakaa itke\u00e4, uskaltakaa nauraa, uskaltakaa muuttaa suuntaa. Ei mik\u00e4\u00e4n kasva ilman vett\u00e4, ei ihminen kypsy kyynelitt\u00e4. Olkaa rohkeita, odottakaa parasta, \u00e4lk\u00e4\u00e4 pel\u00e4tk\u00f6 pahinta, niin saatte mit\u00e4 ansaitsette.&#8221;<\/strong><\/strong><\/p>\n<p><strong><strong>Ja muistakaa. Vanhempanne ja isovanhempanne iloitsevat k\u00e4ynneist\u00e4nne, he odottavat Teit\u00e4 aina ja kun heid\u00e4t tapaatte, kyselk\u00e4\u00e4 heilt\u00e4 kaikkea mahdollista ja tallentakaa nuo vanhempienne kertomukset, niin kauan kuin se on mahdollista. Sit\u00e4 ty\u00f6t\u00e4 ette tule katumaan. T\u00e4m\u00e4n sanon kokemuksesta.<\/strong><\/strong><\/p>\n<p><strong><strong>Toivoisin, ett\u00e4 jotkut teist\u00e4 nuorista, jossain el\u00e4m\u00e4nne vaiheessa voisitte tulla meille avuksi suorittamaan perinneaineiston ker\u00e4yst\u00e4 jo ty\u00f6nne ohessa. Uskon, ett\u00e4 perinnetiedon keruu on monella tavalla antoisaa. Tulette tuntemaan tyydytyst\u00e4 keskustellessanne veteraanien tai muiden sodan k\u00e4yneen sukupolven j\u00e4senten kanssa tallentaessanne heid\u00e4n kertomuksiaan. Tarvitsemme nuoremman sukupolven asiantuntemusta niin ty\u00f6n suunnittelussa kuin k\u00e4yt\u00e4nn\u00f6n ker\u00e4ysty\u00f6ss\u00e4. Sen ty\u00f6n tuloksena syntyy kansallisaarre, mist\u00e4 monet tulevat sukupolvet iloitsevat ja voivat saada vastauksen niin suku- kuin muussa historiantutkimuksessa. Kansallinen suurmiehemme J. V. Snellman sanoi, ett\u00e4 kansakunnan sivistyksen mitta on siin\u00e4 miten se tuntee oman historiansa.<\/strong><\/strong><\/p>\n<p><strong><strong>T\u00e4ss\u00e4 ty\u00f6ss\u00e4 ei tarvita silm\u00e4tippoja, sen varmaan ymm\u00e4rr\u00e4tte miksi. Veteraanien omakohtaiset kertomukset ovat koskettavia.<\/strong><\/strong><\/p>\n<p><strong><strong>Arvostan kovasti sit\u00e4, jos voisin esitell\u00e4 Teille t\u00e4\u00e4ll\u00e4 Iisalmen Rukaj\u00e4rvi-keskuksessa ty\u00f6t\u00e4mme. Olette sinne tervetulleita. <\/strong><\/strong><\/p>\n<p><strong><strong>Toivotan Teille Hyv\u00e4\u00e4 Itsen\u00e4isyysp\u00e4iv\u00e4\u00e4 ja Hyv\u00e4\u00e4 Joulun Odotusta sek\u00e4 Menestyst\u00e4 Opiskeluunne.<\/strong><\/strong><\/p>\n<p>Tenho Tikkanen puheenjohtaja<\/p>\n","protected":false},"excerpt":{"rendered":"<p>Iisalmessa toimiva Savon ammatti- ja aikuisopisto on j\u00e4rjest\u00e4nyt vuosittain itsen\u00e4isyysp\u00e4iv\u00e4n aattona\u00a0seppeleenlaskutilaisuuden Iisalmen Sankariniemen muistomerkeill\u00e4.(lis\u00e4tietoa Sankariniemest\u00e4: http:\/\/www.iisalmenseurakunta.fi\/00010371-sankariniemen-hautausmaa). T\u00e4ll\u00e4 kertaa tilaisuuteen oli kutsuttu my\u00f6s Rukaj\u00e4rven suunnan historiayhdistyksen edustaja puheenjohtaja Tenho Tikkanen, jonka <a class=\"more-link\" href=\"http:\/\/www.rukajarvensuunnanhistoriayhdistys.fi\/rukajarvikeskus\/ajankohtaista\/hyvaa-itsenaisyyspaivaa-tervetuloa-rukajarvi-keskukseen\/\">Lue lis\u00e4\u00e4&#8230;<span class=\"screen-reader-text\">HYV\u00c4\u00c4 ITSEN\u00c4ISYYSP\u00c4IV\u00c4\u00c4 &#8211; TERVETULOA RUKAJ\u00c4RVI-KESKUKSEEN<\/span><span class=\"meta-nav\">\u2192<\/span><\/a><\/p>\n","protected":false},"author":4,"featured_media":0,"comment_status":"closed","ping_status":"open","sticky":false,"template":"","format":"standard","meta":{"ngg_post_thumbnail":0,"_jetpack_newsletter_access":"","_jetpack_dont_email_post_to_subs":false,"_jetpack_newsletter_tier_id":0,"_jetpack_memberships_contains_paywalled_content":false,"_jetpack_memberships_contains_paid_content":false,"footnotes":""},"categories":[26],"tags":[],"class_list":["post-1671","post","type-post","status-publish","format-standard","hentry","category-ajankohtaista"],"jetpack_featured_media_url":"","jetpack_sharing_enabled":true,"jetpack_shortlink":"https:\/\/wp.me\/p72N2f-qX","_links":{"self":[{"href":"http:\/\/www.rukajarvensuunnanhistoriayhdistys.fi\/rukajarvikeskus\/wp-json\/wp\/v2\/posts\/1671","targetHints":{"allow":["GET"]}}],"collection":[{"href":"http:\/\/www.rukajarvensuunnanhistoriayhdistys.fi\/rukajarvikeskus\/wp-json\/wp\/v2\/posts"}],"about":[{"href":"http:\/\/www.rukajarvensuunnanhistoriayhdistys.fi\/rukajarvikeskus\/wp-json\/wp\/v2\/types\/post"}],"author":[{"embeddable":true,"href":"http:\/\/www.rukajarvensuunnanhistoriayhdistys.fi\/rukajarvikeskus\/wp-json\/wp\/v2\/users\/4"}],"replies":[{"embeddable":true,"href":"http:\/\/www.rukajarvensuunnanhistoriayhdistys.fi\/rukajarvikeskus\/wp-json\/wp\/v2\/comments?post=1671"}],"version-history":[{"count":4,"href":"http:\/\/www.rukajarvensuunnanhistoriayhdistys.fi\/rukajarvikeskus\/wp-json\/wp\/v2\/posts\/1671\/revisions"}],"predecessor-version":[{"id":1679,"href":"http:\/\/www.rukajarvensuunnanhistoriayhdistys.fi\/rukajarvikeskus\/wp-json\/wp\/v2\/posts\/1671\/revisions\/1679"}],"wp:attachment":[{"href":"http:\/\/www.rukajarvensuunnanhistoriayhdistys.fi\/rukajarvikeskus\/wp-json\/wp\/v2\/media?parent=1671"}],"wp:term":[{"taxonomy":"category","embeddable":true,"href":"http:\/\/www.rukajarvensuunnanhistoriayhdistys.fi\/rukajarvikeskus\/wp-json\/wp\/v2\/categories?post=1671"},{"taxonomy":"post_tag","embeddable":true,"href":"http:\/\/www.rukajarvensuunnanhistoriayhdistys.fi\/rukajarvikeskus\/wp-json\/wp\/v2\/tags?post=1671"}],"curies":[{"name":"wp","href":"https:\/\/api.w.org\/{rel}","templated":true}]}}