{"id":1685,"date":"2014-12-06T22:46:22","date_gmt":"2014-12-06T19:46:22","guid":{"rendered":"http:\/\/www.rukajarvensuunnanhistoriayhdistys.fi\/rukajarvikeskus\/?p=1685"},"modified":"2014-12-07T11:53:10","modified_gmt":"2014-12-07T08:53:10","slug":"pienet-kukkivat-kummut-nyt-kuhmossa-7-12-2014-klo-16-00","status":"publish","type":"post","link":"http:\/\/www.rukajarvensuunnanhistoriayhdistys.fi\/rukajarvikeskus\/ajankohtaista\/pienet-kukkivat-kummut-nyt-kuhmossa-7-12-2014-klo-16-00\/","title":{"rendered":"Pienet Kukkivat Kummut nyt Kuhmossa 7.12.2014 klo 16.00"},"content":{"rendered":"<div class=\"fcbkbttn_buttons_block\" id=\"fcbkbttn_left\"><div class=\"fcbkbttn_like \"><fb:like href=\"http:\/\/www.rukajarvensuunnanhistoriayhdistys.fi\/rukajarvikeskus\/ajankohtaista\/pienet-kukkivat-kummut-nyt-kuhmossa-7-12-2014-klo-16-00\/\" action=\"like\" colorscheme=\"light\" layout=\"button_count\"  size=\"small\"><\/fb:like><\/div><\/div><p><strong>Pienet Kukkivat Kummut nyt Kuhmossa<\/strong><\/p>\n<p>T\u00e4t\u00e4 edell\u00e4 mainittua perinnetapahtumaa mukaellen Viihdytysjoukot Rukaj\u00e4rven Tiell\u00e4 j\u00e4rjest\u00e4\u00e4 konsertin\u00a0 Kuhmo-talolla Lentuasalissa 7.12.2014, klo 16.00, os. Koulukatu 1.<\/p>\n<figure id=\"attachment_1686\" aria-describedby=\"caption-attachment-1686\" style=\"width: 430px\" class=\"wp-caption alignnone\"><a href=\"http:\/\/www.rukajarvensuunnanhistoriayhdistys.fi\/rukajarvikeskus\/wp-content\/uploads\/2014\/12\/Pienet-Kukkivat-Kummut-Kuhmo.jpg\"><img loading=\"lazy\" decoding=\"async\" class=\"wp-image-1686 size-full\" src=\"http:\/\/www.rukajarvensuunnanhistoriayhdistys.fi\/rukajarvikeskus\/wp-content\/uploads\/2014\/12\/Pienet-Kukkivat-Kummut-Kuhmo.jpg\" alt=\"Tilaisuuden mainos kaapattu Kainuun Sanomissa julkaistusta ilmoituksesta.\" width=\"430\" height=\"568\" srcset=\"http:\/\/www.rukajarvensuunnanhistoriayhdistys.fi\/rukajarvikeskus\/wp-content\/uploads\/2014\/12\/Pienet-Kukkivat-Kummut-Kuhmo.jpg 430w, http:\/\/www.rukajarvensuunnanhistoriayhdistys.fi\/rukajarvikeskus\/wp-content\/uploads\/2014\/12\/Pienet-Kukkivat-Kummut-Kuhmo-227x300.jpg 227w\" sizes=\"auto, (max-width: 430px) 100vw, 430px\" \/><\/a><figcaption id=\"caption-attachment-1686\" class=\"wp-caption-text\">Tilaisuuden mainos kaapattu Kainuun Sanomissa julkaistusta ilmoituksesta.<\/figcaption><\/figure>\n<p>Liput Kuhmo-talolta. Konserttijoukot j\u00e4rjestiv\u00e4t Lieksassa Kansalaisjuhlan 70 vuotta Jatkosodan p\u00e4\u00e4ttymisen yhteydess\u00e4 vastaavan konsertin. Ks. Kainuun Sanomien linkki: <a href=\"http:\/\/kainari.menoinfo.fi\/kuhmo\/musiikki\/pienet-kukkivat-kummut-viihdemusiikin-voimalla-etulinjassa\/454967\">http:\/\/kainari.menoinfo.fi\/kuhmo\/musiikki\/pienet-kukkivat-kummut-viihdemusiikin-voimalla-etulinjassa\/454967<\/a><\/p>\n<p>Pienet kukkivat kummut -konsertti on kunnianosoitus suomalaiselle sotilaalle. Se on kunnianosoitus arvokasta lottaty\u00f6t\u00e4 tehneille sek\u00e4 kallisarvoisille kotirintaman joukoille. Se on kunnianosoitus viihdytysjoukoissa palvelleille, jotka esityksill\u00e4\u00e4n auttoivat selviytym\u00e4\u00e4n raskaista sotavuosista. Se on kiitos vapaista vuosista.<\/p>\n<p>Konsertissa kuullaan suosituimpien sota-ajan iskelmien lomaan katkelmia kirjeist\u00e4 sielt\u00e4 jostakin.<\/p>\n<p>J\u00e4rjest\u00e4jin\u00e4 ryhm\u00e4 VIIHDYTYSJOUKOT RUKAJ\u00c4RVEN TIELL\u00c4 Lieksasta.<\/p>\n<p><strong><strong>Kukkivat kummut sota-aikana.<\/strong><\/strong><\/p>\n<p>Kes\u00e4kuun alussa 1941 l\u00e4hti Dallap\u00e9-orkesteri yhdeks\u00e4nnelle kes\u00e4kiertueelleen. Se jouduttiin kuitenkin keskeytt\u00e4m\u00e4\u00e4n liikekannellepanon vuoksi, mutta Forssassa orkesterilla oli onnistunut konsertti, josta Forssan Lehdess\u00e4 kerrottiin 14.6.1941: &#8221;15-vuotiaan Dallap\u00e9n eilinen konsertti oli koonnut Ty\u00f6v\u00e4entalon juhlasalin t\u00e4yteen t\u00e4k\u00e4l\u00e4isi\u00e4 tanssimusiikin yst\u00e4vi\u00e4. Kuitenkin t\u00e4ytyy sanoa, ett\u00e4 konsertissa ilmeni yksi tyylivirhe ja se oli kappale &#8221;Pienet kukkivat kummut&#8221;. Sooloesityksist\u00e4 saivat suosionosoituksia ennen kaikkea Pahlmananin &#8221;Kanarialintu&#8221; ja Onni Laihasen loisteliaat tyylipuhtaat hanuriesitykset. My\u00f6skin Linnavirran saksofonisoolot ja K\u00e4yhk\u00f6n bassolaulut otettiin innostuksella vastaan. Forssalaisille asianharrastajille muodostui nimekk\u00e4\u00e4n Dallap\u00e9n esiintyminen t\u00e4ysipainoiseksi tilaisuudeksi.&#8221;<\/p>\n<p>Pienet kukkivat kummut syntyi s\u00e4velt\u00e4j\u00e4 Ragnar Nyholmin k\u00e4yty\u00e4 katsomassa talvisodan hautoja. Levyn soittamista rajoitettiin jatkosodan aikana, koska se palautti liikaa ik\u00e4vi\u00e4 asioita kuulijoiden mieliin. Sanat ovat my\u00f6s Ragnar Nyholmin ja sovitus Eero Lindroosin. Se levytettiin 18.11.1940: \u00a0<a href=\"https:\/\/www.youtube.com\/watch?v=ZCW27QZMmMU\">https:\/\/www.youtube.com\/watch?v=ZCW27QZMmMU<\/a><\/p>\n<p>Teksti lainaus nettikirjoituksesta.<\/p>\n<p>Katso lis\u00e4tietoa my\u00f6s RSHY:n sivuilta: <a href=\"http:\/\/www.rukajarvensuunnanhistoriayhdistys.fi\/historiayhdistys\/\">http:\/\/www.rukajarvensuunnanhistoriayhdistys.fi\/historiayhdistys\/<\/a><\/p>\n","protected":false},"excerpt":{"rendered":"<p>Pienet Kukkivat Kummut nyt Kuhmossa T\u00e4t\u00e4 edell\u00e4 mainittua perinnetapahtumaa mukaellen Viihdytysjoukot Rukaj\u00e4rven Tiell\u00e4 j\u00e4rjest\u00e4\u00e4 konsertin\u00a0 Kuhmo-talolla Lentuasalissa 7.12.2014, klo 16.00, os. Koulukatu 1. Liput Kuhmo-talolta. Konserttijoukot j\u00e4rjestiv\u00e4t Lieksassa Kansalaisjuhlan 70 <a class=\"more-link\" href=\"http:\/\/www.rukajarvensuunnanhistoriayhdistys.fi\/rukajarvikeskus\/ajankohtaista\/pienet-kukkivat-kummut-nyt-kuhmossa-7-12-2014-klo-16-00\/\">Lue lis\u00e4\u00e4&#8230;<span class=\"screen-reader-text\">Pienet Kukkivat Kummut nyt Kuhmossa 7.12.2014 klo 16.00<\/span><span class=\"meta-nav\">\u2192<\/span><\/a><\/p>\n","protected":false},"author":4,"featured_media":0,"comment_status":"closed","ping_status":"open","sticky":false,"template":"","format":"standard","meta":{"ngg_post_thumbnail":0,"_jetpack_newsletter_access":"","_jetpack_dont_email_post_to_subs":false,"_jetpack_newsletter_tier_id":0,"_jetpack_memberships_contains_paywalled_content":false,"_jetpack_memberships_contains_paid_content":false,"footnotes":""},"categories":[26],"tags":[],"class_list":["post-1685","post","type-post","status-publish","format-standard","hentry","category-ajankohtaista"],"jetpack_featured_media_url":"","jetpack_sharing_enabled":true,"jetpack_shortlink":"https:\/\/wp.me\/p72N2f-rb","_links":{"self":[{"href":"http:\/\/www.rukajarvensuunnanhistoriayhdistys.fi\/rukajarvikeskus\/wp-json\/wp\/v2\/posts\/1685","targetHints":{"allow":["GET"]}}],"collection":[{"href":"http:\/\/www.rukajarvensuunnanhistoriayhdistys.fi\/rukajarvikeskus\/wp-json\/wp\/v2\/posts"}],"about":[{"href":"http:\/\/www.rukajarvensuunnanhistoriayhdistys.fi\/rukajarvikeskus\/wp-json\/wp\/v2\/types\/post"}],"author":[{"embeddable":true,"href":"http:\/\/www.rukajarvensuunnanhistoriayhdistys.fi\/rukajarvikeskus\/wp-json\/wp\/v2\/users\/4"}],"replies":[{"embeddable":true,"href":"http:\/\/www.rukajarvensuunnanhistoriayhdistys.fi\/rukajarvikeskus\/wp-json\/wp\/v2\/comments?post=1685"}],"version-history":[{"count":3,"href":"http:\/\/www.rukajarvensuunnanhistoriayhdistys.fi\/rukajarvikeskus\/wp-json\/wp\/v2\/posts\/1685\/revisions"}],"predecessor-version":[{"id":1689,"href":"http:\/\/www.rukajarvensuunnanhistoriayhdistys.fi\/rukajarvikeskus\/wp-json\/wp\/v2\/posts\/1685\/revisions\/1689"}],"wp:attachment":[{"href":"http:\/\/www.rukajarvensuunnanhistoriayhdistys.fi\/rukajarvikeskus\/wp-json\/wp\/v2\/media?parent=1685"}],"wp:term":[{"taxonomy":"category","embeddable":true,"href":"http:\/\/www.rukajarvensuunnanhistoriayhdistys.fi\/rukajarvikeskus\/wp-json\/wp\/v2\/categories?post=1685"},{"taxonomy":"post_tag","embeddable":true,"href":"http:\/\/www.rukajarvensuunnanhistoriayhdistys.fi\/rukajarvikeskus\/wp-json\/wp\/v2\/tags?post=1685"}],"curies":[{"name":"wp","href":"https:\/\/api.w.org\/{rel}","templated":true}]}}