{"id":1701,"date":"2014-12-28T00:11:36","date_gmt":"2014-12-27T21:11:36","guid":{"rendered":"http:\/\/www.rukajarvensuunnanhistoriayhdistys.fi\/rukajarvikeskus\/?p=1701"},"modified":"2014-12-28T00:12:41","modified_gmt":"2014-12-27T21:12:41","slug":"yhdistyksemme-perustajajasen-vaino-vaananen-60-vuotta-parhaat-onnittelumme","status":"publish","type":"post","link":"http:\/\/www.rukajarvensuunnanhistoriayhdistys.fi\/rukajarvikeskus\/ajankohtaista\/yhdistyksemme-perustajajasen-vaino-vaananen-60-vuotta-parhaat-onnittelumme\/","title":{"rendered":"Yhdistyksemme perustajaj\u00e4sen V\u00e4in\u00f6 V\u00e4\u00e4n\u00e4nen 60 vuotta \u2013 parhaat onnittelumme."},"content":{"rendered":"<div class=\"fcbkbttn_buttons_block\" id=\"fcbkbttn_left\"><div class=\"fcbkbttn_like \"><fb:like href=\"http:\/\/www.rukajarvensuunnanhistoriayhdistys.fi\/rukajarvikeskus\/ajankohtaista\/yhdistyksemme-perustajajasen-vaino-vaananen-60-vuotta-parhaat-onnittelumme\/\" action=\"like\" colorscheme=\"light\" layout=\"button_count\"  size=\"small\"><\/fb:like><\/div><\/div><p>Yhdistyksen edustajat, entiset hallituksen j\u00e4senet Timo Laukkanen ja Pentti K\u00e4rkk\u00e4inen sek\u00e4 Paavo Lepp\u00e4nen ja Tenho Tikkanen onnittelivat Rukaj\u00e4rven suunnan historiayhdistyksen perustajaj\u00e4sent\u00e4 V\u00e4in\u00f6 V\u00e4\u00e4n\u00e4st\u00e4 h\u00e4nen t\u00e4ytt\u00e4ess\u00e4 60 vuotta. Vastaanotto oli Rukaj\u00e4rven suunnan perinnety\u00f6n veteraanille tyypillinen paikka Pet\u00e4j\u00e4j\u00e4rven laavu. Vieraita oli paikalla l\u00e4hes sata henke\u00e4. Vieraille tarjoiltiin nokipannukahvit. Laavun edess\u00e4 roihusi rakovalkea.<\/p>\n<figure id=\"attachment_1702\" aria-describedby=\"caption-attachment-1702\" style=\"width: 525px\" class=\"wp-caption alignnone\"><a href=\"http:\/\/www.rukajarvensuunnanhistoriayhdistys.fi\/rukajarvikeskus\/wp-content\/uploads\/2014\/12\/V\u00e4\u00e4n\u00e4nen-V\u00e4in\u00f6-60.jpg\"><img loading=\"lazy\" decoding=\"async\" class=\"size-large wp-image-1702\" src=\"http:\/\/www.rukajarvensuunnanhistoriayhdistys.fi\/rukajarvikeskus\/wp-content\/uploads\/2014\/12\/V\u00e4\u00e4n\u00e4nen-V\u00e4in\u00f6-60-1024x724.jpg\" alt=\"Kuvassa. vasemmalta Paavo Lepp\u00e4nen, Tauno J\u00e4\u00e4skel\u00e4inen, Pentti K\u00e4rkk\u00e4inen, Tenho Tikkanen, V\u00e4in\u00f6 V\u00e4\u00e4n\u00e4nen ja Timo Laukkanen.\" width=\"525\" height=\"371\" srcset=\"http:\/\/www.rukajarvensuunnanhistoriayhdistys.fi\/rukajarvikeskus\/wp-content\/uploads\/2014\/12\/V\u00e4\u00e4n\u00e4nen-V\u00e4in\u00f6-60-1024x724.jpg 1024w, http:\/\/www.rukajarvensuunnanhistoriayhdistys.fi\/rukajarvikeskus\/wp-content\/uploads\/2014\/12\/V\u00e4\u00e4n\u00e4nen-V\u00e4in\u00f6-60-300x212.jpg 300w, http:\/\/www.rukajarvensuunnanhistoriayhdistys.fi\/rukajarvikeskus\/wp-content\/uploads\/2014\/12\/V\u00e4\u00e4n\u00e4nen-V\u00e4in\u00f6-60.jpg 1754w\" sizes=\"auto, (max-width: 525px) 100vw, 525px\" \/><\/a><figcaption id=\"caption-attachment-1702\" class=\"wp-caption-text\">Kuvassa. vasemmalta Paavo Lepp\u00e4nen, Tauno J\u00e4\u00e4skel\u00e4inen, Pentti K\u00e4rkk\u00e4inen, Tenho Tikkanen, V\u00e4in\u00f6 V\u00e4\u00e4n\u00e4nen ja Timo Laukkanen.<\/figcaption><\/figure>\n<p>V\u00e4in\u00f6 V\u00e4\u00e4n\u00e4nen tunnetaan Rukaj\u00e4rven matkojen j\u00e4rjest\u00e4j\u00e4n\u00e4. Kipin\u00e4n matkojen j\u00e4rjest\u00e4miseen h\u00e4n sai vuoden 1990-luvun lopulla, kun Pielaveden-Keiteleen video-kerho haastatteli suuren m\u00e4\u00e4r\u00e4n n\u00e4iden paikkakuntien veteraaneja ja n\u00e4ist\u00e4 haastatteluista videokerho koosti Yleisradionkin vuonna 2011 l\u00e4hett\u00e4m\u00e4n \u201dIsiemme muistolle\u201d sarjan.<\/p>\n<p>Ohjelmasarja on kokonaisuudessaan n\u00e4ht\u00e4viss\u00e4 Rukaj\u00e4rvi-keskuksissa.<\/p>\n<figure id=\"attachment_1703\" aria-describedby=\"caption-attachment-1703\" style=\"width: 525px\" class=\"wp-caption alignnone\"><a href=\"http:\/\/www.rukajarvensuunnanhistoriayhdistys.fi\/rukajarvikeskus\/wp-content\/uploads\/2014\/12\/V\u00e4\u00e4n\u00e4nen-V\u00e4in\u00f6-60-2.jpg\"><img loading=\"lazy\" decoding=\"async\" class=\"size-large wp-image-1703\" src=\"http:\/\/www.rukajarvensuunnanhistoriayhdistys.fi\/rukajarvikeskus\/wp-content\/uploads\/2014\/12\/V\u00e4\u00e4n\u00e4nen-V\u00e4in\u00f6-60-2-1024x724.jpg\" alt=\"Laavu paloi puolenkymment\u00e4 vuotta sitten, jonka j\u00e4lkeen V\u00e4in\u00f6 V\u00e4\u00e4n\u00e4sen oli tekem\u00e4ss\u00e4 nykyist\u00e4 laavua. Sen hirret on vanhoja uittopuomeja. Laavun pinta-ala n. n. 30 m\u00b2.\" width=\"525\" height=\"371\" srcset=\"http:\/\/www.rukajarvensuunnanhistoriayhdistys.fi\/rukajarvikeskus\/wp-content\/uploads\/2014\/12\/V\u00e4\u00e4n\u00e4nen-V\u00e4in\u00f6-60-2-1024x724.jpg 1024w, http:\/\/www.rukajarvensuunnanhistoriayhdistys.fi\/rukajarvikeskus\/wp-content\/uploads\/2014\/12\/V\u00e4\u00e4n\u00e4nen-V\u00e4in\u00f6-60-2-300x212.jpg 300w, http:\/\/www.rukajarvensuunnanhistoriayhdistys.fi\/rukajarvikeskus\/wp-content\/uploads\/2014\/12\/V\u00e4\u00e4n\u00e4nen-V\u00e4in\u00f6-60-2.jpg 1754w\" sizes=\"auto, (max-width: 525px) 100vw, 525px\" \/><\/a><figcaption id=\"caption-attachment-1703\" class=\"wp-caption-text\">Laavu paloi puolenkymment\u00e4 vuotta sitten, jonka j\u00e4lkeen V\u00e4in\u00f6 V\u00e4\u00e4n\u00e4sen oli tekem\u00e4ss\u00e4 nykyist\u00e4 laavua. Sen hirret on vanhoja uittopuomeja. Laavun pinta-ala n. n. 30 m\u00b2.<\/figcaption><\/figure>\n","protected":false},"excerpt":{"rendered":"<p>Yhdistyksen edustajat, entiset hallituksen j\u00e4senet Timo Laukkanen ja Pentti K\u00e4rkk\u00e4inen sek\u00e4 Paavo Lepp\u00e4nen ja Tenho Tikkanen onnittelivat Rukaj\u00e4rven suunnan historiayhdistyksen perustajaj\u00e4sent\u00e4 V\u00e4in\u00f6 V\u00e4\u00e4n\u00e4st\u00e4 h\u00e4nen t\u00e4ytt\u00e4ess\u00e4 60 vuotta. Vastaanotto oli Rukaj\u00e4rven <a class=\"more-link\" href=\"http:\/\/www.rukajarvensuunnanhistoriayhdistys.fi\/rukajarvikeskus\/ajankohtaista\/yhdistyksemme-perustajajasen-vaino-vaananen-60-vuotta-parhaat-onnittelumme\/\">Lue lis\u00e4\u00e4&#8230;<span class=\"screen-reader-text\">Yhdistyksemme perustajaj\u00e4sen V\u00e4in\u00f6 V\u00e4\u00e4n\u00e4nen 60 vuotta \u2013 parhaat onnittelumme.<\/span><span class=\"meta-nav\">\u2192<\/span><\/a><\/p>\n","protected":false},"author":4,"featured_media":0,"comment_status":"closed","ping_status":"open","sticky":false,"template":"","format":"standard","meta":{"ngg_post_thumbnail":0,"_jetpack_newsletter_access":"","_jetpack_dont_email_post_to_subs":false,"_jetpack_newsletter_tier_id":0,"_jetpack_memberships_contains_paywalled_content":false,"_jetpack_memberships_contains_paid_content":false,"footnotes":""},"categories":[26],"tags":[],"class_list":["post-1701","post","type-post","status-publish","format-standard","hentry","category-ajankohtaista"],"jetpack_featured_media_url":"","jetpack_sharing_enabled":true,"jetpack_shortlink":"https:\/\/wp.me\/p72N2f-rr","_links":{"self":[{"href":"http:\/\/www.rukajarvensuunnanhistoriayhdistys.fi\/rukajarvikeskus\/wp-json\/wp\/v2\/posts\/1701","targetHints":{"allow":["GET"]}}],"collection":[{"href":"http:\/\/www.rukajarvensuunnanhistoriayhdistys.fi\/rukajarvikeskus\/wp-json\/wp\/v2\/posts"}],"about":[{"href":"http:\/\/www.rukajarvensuunnanhistoriayhdistys.fi\/rukajarvikeskus\/wp-json\/wp\/v2\/types\/post"}],"author":[{"embeddable":true,"href":"http:\/\/www.rukajarvensuunnanhistoriayhdistys.fi\/rukajarvikeskus\/wp-json\/wp\/v2\/users\/4"}],"replies":[{"embeddable":true,"href":"http:\/\/www.rukajarvensuunnanhistoriayhdistys.fi\/rukajarvikeskus\/wp-json\/wp\/v2\/comments?post=1701"}],"version-history":[{"count":1,"href":"http:\/\/www.rukajarvensuunnanhistoriayhdistys.fi\/rukajarvikeskus\/wp-json\/wp\/v2\/posts\/1701\/revisions"}],"predecessor-version":[{"id":1704,"href":"http:\/\/www.rukajarvensuunnanhistoriayhdistys.fi\/rukajarvikeskus\/wp-json\/wp\/v2\/posts\/1701\/revisions\/1704"}],"wp:attachment":[{"href":"http:\/\/www.rukajarvensuunnanhistoriayhdistys.fi\/rukajarvikeskus\/wp-json\/wp\/v2\/media?parent=1701"}],"wp:term":[{"taxonomy":"category","embeddable":true,"href":"http:\/\/www.rukajarvensuunnanhistoriayhdistys.fi\/rukajarvikeskus\/wp-json\/wp\/v2\/categories?post=1701"},{"taxonomy":"post_tag","embeddable":true,"href":"http:\/\/www.rukajarvensuunnanhistoriayhdistys.fi\/rukajarvikeskus\/wp-json\/wp\/v2\/tags?post=1701"}],"curies":[{"name":"wp","href":"https:\/\/api.w.org\/{rel}","templated":true}]}}