{"id":1711,"date":"2015-01-25T14:42:22","date_gmt":"2015-01-25T11:42:22","guid":{"rendered":"http:\/\/www.rukajarvensuunnanhistoriayhdistys.fi\/rukajarvikeskus\/?p=1711"},"modified":"2015-01-25T14:51:47","modified_gmt":"2015-01-25T11:51:47","slug":"muurmannin-radan-partioretken-esitelma-26-1-kajaanissa-ja-27-1-iisalmen-rukajarvi-keskuksessa","status":"publish","type":"post","link":"http:\/\/www.rukajarvensuunnanhistoriayhdistys.fi\/rukajarvikeskus\/ajankohtaista\/muurmannin-radan-partioretken-esitelma-26-1-kajaanissa-ja-27-1-iisalmen-rukajarvi-keskuksessa\/","title":{"rendered":"Muurmannin radan partioretken esitelm\u00e4 26.1. Kajaanissa ja 27.1. Iisalmen Rukaj\u00e4rvi-keskuksessa"},"content":{"rendered":"<div class=\"fcbkbttn_buttons_block\" id=\"fcbkbttn_left\"><div class=\"fcbkbttn_like \"><fb:like href=\"http:\/\/www.rukajarvensuunnanhistoriayhdistys.fi\/rukajarvikeskus\/ajankohtaista\/muurmannin-radan-partioretken-esitelma-26-1-kajaanissa-ja-27-1-iisalmen-rukajarvi-keskuksessa\/\" action=\"like\" colorscheme=\"light\" layout=\"button_count\"  size=\"small\"><\/fb:like><\/div><\/div><p><span style=\"color: #333333; font-family: 'Helvetica','sans-serif'; font-size: 13pt;\">Osasto Majewskin Muurmannin\u00a0radalle suuntautuneesta partioretkest\u00e4\u00a0\u00a0(14.-23.1.1942) l\u00f6ytyy uutta tietoa jatkuvasti. Nyt asialla on sotahistorian harrastaja j\u00e4senemme Raine Narva, jonka is\u00e4 osallistui partioretkelle TK-miehen\u00e4. H\u00e4nen valokuva-arkistonsa ennen julkaisemattomat kuvat ovat esitelmien perusaineistona.<\/span><\/p>\n<p><strong><span style=\"color: #333333; font-family: 'Helvetica','sans-serif'; font-size: 13pt;\">Kajaanin kirjastossa\u00a026.1.2015 klo 18.00<\/span><\/strong><span style=\"color: #333333; font-family: 'Helvetica','sans-serif'; font-size: 13pt;\">. Os. Seminaarikatu 15, 87100 Kajaani (Tilaisuuden j\u00e4rjest\u00e4\u00e4 Kajaanin reserviupseerikerho ry.)<\/span><\/p>\n<p><strong><span style=\"color: #333333; font-family: 'Helvetica','sans-serif'; font-size: 13pt;\">Iisalmen Rukaj\u00e4rvi-keskuksessa 27.1.2015 klo 18.00<\/span><\/strong><span style=\"color: #333333; font-family: 'Helvetica','sans-serif'; font-size: 13pt;\">. Os. Savonkatu 24, 74100 Iisalmi Tilaisuuden j\u00e4rjest\u00e4\u00e4 Iisalmen Rukaj\u00e4rvi-keskus)<\/span><\/p>\n<p><span style=\"color: #333333; font-family: 'Helvetica','sans-serif'; font-size: 13pt;\">Tilaisuuden mainokset oheisena:<\/span><\/p>\n<p><strong><span style=\"color: #333333; font-family: 'Helvetica','sans-serif'; font-size: 13pt;\">Kajaani:<\/span><\/strong><\/p>\n<p><a href=\"http:\/\/www.rukajarvensuunnanhistoriayhdistys.fi\/rukajarvikeskus\/wp-content\/uploads\/2015\/01\/Maj-Guba-jpg.jpg\"><img loading=\"lazy\" decoding=\"async\" class=\"alignnone size-large wp-image-1713\" src=\"http:\/\/www.rukajarvensuunnanhistoriayhdistys.fi\/rukajarvikeskus\/wp-content\/uploads\/2015\/01\/Maj-Guba-jpg-724x1024.jpg\" alt=\"Maj Guba-jpg\" width=\"525\" height=\"743\" srcset=\"http:\/\/www.rukajarvensuunnanhistoriayhdistys.fi\/rukajarvikeskus\/wp-content\/uploads\/2015\/01\/Maj-Guba-jpg-724x1024.jpg 724w, http:\/\/www.rukajarvensuunnanhistoriayhdistys.fi\/rukajarvikeskus\/wp-content\/uploads\/2015\/01\/Maj-Guba-jpg-212x300.jpg 212w, http:\/\/www.rukajarvensuunnanhistoriayhdistys.fi\/rukajarvikeskus\/wp-content\/uploads\/2015\/01\/Maj-Guba-jpg.jpg 1240w\" sizes=\"auto, (max-width: 525px) 100vw, 525px\" \/><\/a><\/p>\n<p><strong><span style=\"color: #333333; font-family: 'Helvetica','sans-serif'; font-size: 13pt;\">Iisalmi:<\/span><\/strong><\/p>\n<p><a href=\"http:\/\/www.rukajarvensuunnanhistoriayhdistys.fi\/rukajarvikeskus\/wp-content\/uploads\/2015\/01\/Raine-Narva-esitelm\u00e4.jpg\"><img loading=\"lazy\" decoding=\"async\" class=\"alignnone size-large wp-image-1712\" src=\"http:\/\/www.rukajarvensuunnanhistoriayhdistys.fi\/rukajarvikeskus\/wp-content\/uploads\/2015\/01\/Raine-Narva-esitelm\u00e4-1024x724.jpg\" alt=\"Raine Narva-esitelm\u00e4\" width=\"525\" height=\"371\" srcset=\"http:\/\/www.rukajarvensuunnanhistoriayhdistys.fi\/rukajarvikeskus\/wp-content\/uploads\/2015\/01\/Raine-Narva-esitelm\u00e4-1024x724.jpg 1024w, http:\/\/www.rukajarvensuunnanhistoriayhdistys.fi\/rukajarvikeskus\/wp-content\/uploads\/2015\/01\/Raine-Narva-esitelm\u00e4-300x212.jpg 300w, http:\/\/www.rukajarvensuunnanhistoriayhdistys.fi\/rukajarvikeskus\/wp-content\/uploads\/2015\/01\/Raine-Narva-esitelm\u00e4.jpg 1754w\" sizes=\"auto, (max-width: 525px) 100vw, 525px\" \/><\/a><\/p>\n","protected":false},"excerpt":{"rendered":"<p>Osasto Majewskin Muurmannin\u00a0radalle suuntautuneesta partioretkest\u00e4\u00a0\u00a0(14.-23.1.1942) l\u00f6ytyy uutta tietoa jatkuvasti. Nyt asialla on sotahistorian harrastaja j\u00e4senemme Raine Narva, jonka is\u00e4 osallistui partioretkelle TK-miehen\u00e4. H\u00e4nen valokuva-arkistonsa ennen julkaisemattomat kuvat ovat esitelmien perusaineistona. <a class=\"more-link\" href=\"http:\/\/www.rukajarvensuunnanhistoriayhdistys.fi\/rukajarvikeskus\/ajankohtaista\/muurmannin-radan-partioretken-esitelma-26-1-kajaanissa-ja-27-1-iisalmen-rukajarvi-keskuksessa\/\">Lue lis\u00e4\u00e4&#8230;<span class=\"screen-reader-text\">Muurmannin radan partioretken esitelm\u00e4 26.1. Kajaanissa ja 27.1. Iisalmen Rukaj\u00e4rvi-keskuksessa<\/span><span class=\"meta-nav\">\u2192<\/span><\/a><\/p>\n","protected":false},"author":4,"featured_media":1712,"comment_status":"closed","ping_status":"open","sticky":false,"template":"","format":"standard","meta":{"ngg_post_thumbnail":0,"_jetpack_newsletter_access":"","_jetpack_dont_email_post_to_subs":false,"_jetpack_newsletter_tier_id":0,"_jetpack_memberships_contains_paywalled_content":false,"_jetpack_memberships_contains_paid_content":false,"footnotes":""},"categories":[26],"tags":[],"class_list":["post-1711","post","type-post","status-publish","format-standard","has-post-thumbnail","hentry","category-ajankohtaista"],"jetpack_featured_media_url":"http:\/\/www.rukajarvensuunnanhistoriayhdistys.fi\/rukajarvikeskus\/wp-content\/uploads\/2015\/01\/Raine-Narva-esitelm\u00e4.jpg","jetpack_sharing_enabled":true,"jetpack_shortlink":"https:\/\/wp.me\/p72N2f-rB","_links":{"self":[{"href":"http:\/\/www.rukajarvensuunnanhistoriayhdistys.fi\/rukajarvikeskus\/wp-json\/wp\/v2\/posts\/1711","targetHints":{"allow":["GET"]}}],"collection":[{"href":"http:\/\/www.rukajarvensuunnanhistoriayhdistys.fi\/rukajarvikeskus\/wp-json\/wp\/v2\/posts"}],"about":[{"href":"http:\/\/www.rukajarvensuunnanhistoriayhdistys.fi\/rukajarvikeskus\/wp-json\/wp\/v2\/types\/post"}],"author":[{"embeddable":true,"href":"http:\/\/www.rukajarvensuunnanhistoriayhdistys.fi\/rukajarvikeskus\/wp-json\/wp\/v2\/users\/4"}],"replies":[{"embeddable":true,"href":"http:\/\/www.rukajarvensuunnanhistoriayhdistys.fi\/rukajarvikeskus\/wp-json\/wp\/v2\/comments?post=1711"}],"version-history":[{"count":2,"href":"http:\/\/www.rukajarvensuunnanhistoriayhdistys.fi\/rukajarvikeskus\/wp-json\/wp\/v2\/posts\/1711\/revisions"}],"predecessor-version":[{"id":1716,"href":"http:\/\/www.rukajarvensuunnanhistoriayhdistys.fi\/rukajarvikeskus\/wp-json\/wp\/v2\/posts\/1711\/revisions\/1716"}],"wp:featuredmedia":[{"embeddable":true,"href":"http:\/\/www.rukajarvensuunnanhistoriayhdistys.fi\/rukajarvikeskus\/wp-json\/wp\/v2\/media\/1712"}],"wp:attachment":[{"href":"http:\/\/www.rukajarvensuunnanhistoriayhdistys.fi\/rukajarvikeskus\/wp-json\/wp\/v2\/media?parent=1711"}],"wp:term":[{"taxonomy":"category","embeddable":true,"href":"http:\/\/www.rukajarvensuunnanhistoriayhdistys.fi\/rukajarvikeskus\/wp-json\/wp\/v2\/categories?post=1711"},{"taxonomy":"post_tag","embeddable":true,"href":"http:\/\/www.rukajarvensuunnanhistoriayhdistys.fi\/rukajarvikeskus\/wp-json\/wp\/v2\/tags?post=1711"}],"curies":[{"name":"wp","href":"https:\/\/api.w.org\/{rel}","templated":true}]}}