{"id":1719,"date":"2015-01-29T09:14:57","date_gmt":"2015-01-29T06:14:57","guid":{"rendered":"http:\/\/www.rukajarvensuunnanhistoriayhdistys.fi\/rukajarvikeskus\/?p=1719"},"modified":"2015-01-29T09:18:32","modified_gmt":"2015-01-29T06:18:32","slug":"raine-narvan-esitelma-isani-oli-sotakirjeenvaihtaja-27-1-2015-iisalmessa","status":"publish","type":"post","link":"http:\/\/www.rukajarvensuunnanhistoriayhdistys.fi\/rukajarvikeskus\/ajankohtaista\/raine-narvan-esitelma-isani-oli-sotakirjeenvaihtaja-27-1-2015-iisalmessa\/","title":{"rendered":"Raine Narvan esitelm\u00e4t 27.1.2015  Iisalmessa"},"content":{"rendered":"<div class=\"fcbkbttn_buttons_block\" id=\"fcbkbttn_left\"><div class=\"fcbkbttn_like \"><fb:like href=\"http:\/\/www.rukajarvensuunnanhistoriayhdistys.fi\/rukajarvikeskus\/ajankohtaista\/raine-narvan-esitelma-isani-oli-sotakirjeenvaihtaja-27-1-2015-iisalmessa\/\" action=\"like\" colorscheme=\"light\" layout=\"button_count\"  size=\"small\"><\/fb:like><\/div><\/div><p>Iisalmen Rukaj\u00e4rvi-keskuksen sali t\u00e4yttyi kuulijoista tiistaina 27.1.2015.\u00a0 Raine Narva esitelm\u00f6i aiheena h\u00e4nell\u00e4 t\u00e4ll\u00e4 kertaa oli; Is\u00e4ni Toivo V. Narva \u00a0sotakirjeenvaihtaja sek\u00e4 Partioretki Muurmannin radalle vuoden 1942 tammikuun 14. &#8211; 23. p\u00e4iv\u00e4, jolla TK-upseeri osallistui.<\/p>\n<p><span class=\"Apple-converted-space\"><span style=\"font-family: Arial; font-size: small;\">\u00a0<\/span><\/span>Esitys perustuu pitk\u00e4lti h\u00e4nen is\u00e4ns\u00e4 sotakirjeenvaihtaja Toivo E. Narvan tarkkoihin sota-aikana partioretkell\u00e4 tekemiin muistiinpanoihin ja is\u00e4ns\u00e4 &#8221;Aarrearkusta&#8221; l\u00f6ytyneisiin ennen julkaisemattomiin valokuviin. Esityksen aluksi kuulimme h\u00e4nen kertovan is\u00e4ns\u00e4 sotatiest\u00e4 &#8221;sanoin ja kuvin&#8221;, v\u00e4liss\u00e4 kuulimme tilaisuuteen sopivaa musiikkia. Koskettava esitys, mik\u00e4 kannattaa katsoa ja kuulla.<\/p>\n<figure id=\"attachment_1721\" aria-describedby=\"caption-attachment-1721\" style=\"width: 525px\" class=\"wp-caption alignnone\"><a href=\"http:\/\/www.rukajarvensuunnanhistoriayhdistys.fi\/rukajarvikeskus\/wp-content\/uploads\/2015\/01\/Raine-Narva-300-dpi.jpg\"><img loading=\"lazy\" decoding=\"async\" class=\"size-large wp-image-1721\" src=\"http:\/\/www.rukajarvensuunnanhistoriayhdistys.fi\/rukajarvikeskus\/wp-content\/uploads\/2015\/01\/Raine-Narva-300-dpi-1024x724.jpg\" alt=\"Raine Narva - kaksituntinen esitelm\u00e4, Is\u00e4ni sotakirjeenvaihtaja sek\u00e4 Os. Majewskin partioretki Muurmannin radalle kiinnosti kuulijoita.\" width=\"525\" height=\"371\" srcset=\"http:\/\/www.rukajarvensuunnanhistoriayhdistys.fi\/rukajarvikeskus\/wp-content\/uploads\/2015\/01\/Raine-Narva-300-dpi-1024x724.jpg 1024w, http:\/\/www.rukajarvensuunnanhistoriayhdistys.fi\/rukajarvikeskus\/wp-content\/uploads\/2015\/01\/Raine-Narva-300-dpi-300x212.jpg 300w, http:\/\/www.rukajarvensuunnanhistoriayhdistys.fi\/rukajarvikeskus\/wp-content\/uploads\/2015\/01\/Raine-Narva-300-dpi.jpg 1754w\" sizes=\"auto, (max-width: 525px) 100vw, 525px\" \/><\/a><figcaption id=\"caption-attachment-1721\" class=\"wp-caption-text\">Raine Narva &#8211; kaksituntinen esitelm\u00e4, Is\u00e4ni sotakirjeenvaihtaja sek\u00e4 Os. Majewskin partioretki Muurmannin radalle kiinnosti kuulijoita.<\/figcaption><\/figure>\n<figure id=\"attachment_1720\" aria-describedby=\"caption-attachment-1720\" style=\"width: 525px\" class=\"wp-caption alignnone\"><a href=\"http:\/\/www.rukajarvensuunnanhistoriayhdistys.fi\/rukajarvikeskus\/wp-content\/uploads\/2015\/01\/Reijo-Lappalainen-ja-Raine-Narva.jpg\"><img loading=\"lazy\" decoding=\"async\" class=\"size-large wp-image-1720\" src=\"http:\/\/www.rukajarvensuunnanhistoriayhdistys.fi\/rukajarvikeskus\/wp-content\/uploads\/2015\/01\/Reijo-Lappalainen-ja-Raine-Narva-1024x724.jpg\" alt=\"Reijo Lappalainen ja Raine Narva Iisalmen Seurahuoneella esitelm\u00e4n j\u00e4lkeen.\" width=\"525\" height=\"371\" srcset=\"http:\/\/www.rukajarvensuunnanhistoriayhdistys.fi\/rukajarvikeskus\/wp-content\/uploads\/2015\/01\/Reijo-Lappalainen-ja-Raine-Narva-1024x724.jpg 1024w, http:\/\/www.rukajarvensuunnanhistoriayhdistys.fi\/rukajarvikeskus\/wp-content\/uploads\/2015\/01\/Reijo-Lappalainen-ja-Raine-Narva-300x212.jpg 300w, http:\/\/www.rukajarvensuunnanhistoriayhdistys.fi\/rukajarvikeskus\/wp-content\/uploads\/2015\/01\/Reijo-Lappalainen-ja-Raine-Narva.jpg 1754w\" sizes=\"auto, (max-width: 525px) 100vw, 525px\" \/><\/a><figcaption id=\"caption-attachment-1720\" class=\"wp-caption-text\">Reijo Lappalainen ja Raine Narva Iisalmen Seurahuoneella esitelm\u00e4n j\u00e4lkeen.<\/figcaption><\/figure>\n<p>Etsimme ajankohtaa, milloin Raine Narva voi saapua pit\u00e4m\u00e4\u00e4n esityksen my\u00f6s Lieksan Rukaj\u00e4rvi-keskuksessa ja pyynt\u00f6j\u00e4 esityksen pit\u00e4miseen on tullut Helsingist\u00e4 ja Turun seudulta saakka.<\/p>\n<p>Olemme ladanneet lyhyen Raine Narvan esitelmien esittelyn nettiin, jonka voitte katsoa seuraavan linkin takaa <a href=\"https:\/\/www.youtube.com\/watch?v=u2_hdIXTV4A\">T\u00c4\u00c4LT\u00c4<\/a>:<a href=\"https:\/\/www.youtube.com\/watch?v=u2_hdIXTV4A\"><span style=\"text-decoration: underline;\">\u00a0<\/span><\/a><\/p>\n<p>Valitettavasti emme voi tekij\u00e4noikeussyist\u00e4 k\u00e4ytt\u00e4\u00e4 Raine Narvan k\u00e4ytt\u00e4m\u00e4\u00e4 alkuper\u00e4ismuksiikkia ja netin rajoitteista johtuen emme voi ladata sinne koko esityst\u00e4k\u00e4\u00e4n kokonaisuudessaan. Oikean kuvan saa kun saapuu paikanp\u00e4\u00e4lle n\u00e4kem\u00e4\u00e4n ja kuulemaan alkuper\u00e4isesityksen.<\/p>\n","protected":false},"excerpt":{"rendered":"<p>Iisalmen Rukaj\u00e4rvi-keskuksen sali t\u00e4yttyi kuulijoista tiistaina 27.1.2015.\u00a0 Raine Narva esitelm\u00f6i aiheena h\u00e4nell\u00e4 t\u00e4ll\u00e4 kertaa oli; Is\u00e4ni Toivo V. Narva \u00a0sotakirjeenvaihtaja sek\u00e4 Partioretki Muurmannin radalle vuoden 1942 tammikuun 14. &#8211; 23. <a class=\"more-link\" href=\"http:\/\/www.rukajarvensuunnanhistoriayhdistys.fi\/rukajarvikeskus\/ajankohtaista\/raine-narvan-esitelma-isani-oli-sotakirjeenvaihtaja-27-1-2015-iisalmessa\/\">Lue lis\u00e4\u00e4&#8230;<span class=\"screen-reader-text\">Raine Narvan esitelm\u00e4t 27.1.2015  Iisalmessa<\/span><span class=\"meta-nav\">\u2192<\/span><\/a><\/p>\n","protected":false},"author":4,"featured_media":0,"comment_status":"closed","ping_status":"open","sticky":false,"template":"","format":"standard","meta":{"ngg_post_thumbnail":0,"_jetpack_newsletter_access":"","_jetpack_dont_email_post_to_subs":false,"_jetpack_newsletter_tier_id":0,"_jetpack_memberships_contains_paywalled_content":false,"_jetpack_memberships_contains_paid_content":false,"footnotes":""},"categories":[26],"tags":[],"class_list":["post-1719","post","type-post","status-publish","format-standard","hentry","category-ajankohtaista"],"jetpack_featured_media_url":"","jetpack_sharing_enabled":true,"jetpack_shortlink":"https:\/\/wp.me\/p72N2f-rJ","_links":{"self":[{"href":"http:\/\/www.rukajarvensuunnanhistoriayhdistys.fi\/rukajarvikeskus\/wp-json\/wp\/v2\/posts\/1719","targetHints":{"allow":["GET"]}}],"collection":[{"href":"http:\/\/www.rukajarvensuunnanhistoriayhdistys.fi\/rukajarvikeskus\/wp-json\/wp\/v2\/posts"}],"about":[{"href":"http:\/\/www.rukajarvensuunnanhistoriayhdistys.fi\/rukajarvikeskus\/wp-json\/wp\/v2\/types\/post"}],"author":[{"embeddable":true,"href":"http:\/\/www.rukajarvensuunnanhistoriayhdistys.fi\/rukajarvikeskus\/wp-json\/wp\/v2\/users\/4"}],"replies":[{"embeddable":true,"href":"http:\/\/www.rukajarvensuunnanhistoriayhdistys.fi\/rukajarvikeskus\/wp-json\/wp\/v2\/comments?post=1719"}],"version-history":[{"count":4,"href":"http:\/\/www.rukajarvensuunnanhistoriayhdistys.fi\/rukajarvikeskus\/wp-json\/wp\/v2\/posts\/1719\/revisions"}],"predecessor-version":[{"id":1725,"href":"http:\/\/www.rukajarvensuunnanhistoriayhdistys.fi\/rukajarvikeskus\/wp-json\/wp\/v2\/posts\/1719\/revisions\/1725"}],"wp:attachment":[{"href":"http:\/\/www.rukajarvensuunnanhistoriayhdistys.fi\/rukajarvikeskus\/wp-json\/wp\/v2\/media?parent=1719"}],"wp:term":[{"taxonomy":"category","embeddable":true,"href":"http:\/\/www.rukajarvensuunnanhistoriayhdistys.fi\/rukajarvikeskus\/wp-json\/wp\/v2\/categories?post=1719"},{"taxonomy":"post_tag","embeddable":true,"href":"http:\/\/www.rukajarvensuunnanhistoriayhdistys.fi\/rukajarvikeskus\/wp-json\/wp\/v2\/tags?post=1719"}],"curies":[{"name":"wp","href":"https:\/\/api.w.org\/{rel}","templated":true}]}}