{"id":1729,"date":"2015-02-05T09:15:46","date_gmt":"2015-02-05T06:15:46","guid":{"rendered":"http:\/\/www.rukajarvensuunnanhistoriayhdistys.fi\/rukajarvikeskus\/?p=1729"},"modified":"2015-02-05T23:11:28","modified_gmt":"2015-02-05T20:11:28","slug":"konsertti-kannakselta-rukajarvelle-iisalmen-kulttuurikeskuksessa-15-2-2015-klo-16-00","status":"publish","type":"post","link":"http:\/\/www.rukajarvensuunnanhistoriayhdistys.fi\/rukajarvikeskus\/ajankohtaista\/konsertti-kannakselta-rukajarvelle-iisalmen-kulttuurikeskuksessa-15-2-2015-klo-16-00\/","title":{"rendered":"Konsertti &#8211; Kannakselta Rukaj\u00e4rvelle &#8211; Iisalmen kulttuurikeskuksessa 15.2.2015 klo 16.00"},"content":{"rendered":"<div class=\"fcbkbttn_buttons_block\" id=\"fcbkbttn_left\"><div class=\"fcbkbttn_like \"><fb:like href=\"http:\/\/www.rukajarvensuunnanhistoriayhdistys.fi\/rukajarvikeskus\/ajankohtaista\/konsertti-kannakselta-rukajarvelle-iisalmen-kulttuurikeskuksessa-15-2-2015-klo-16-00\/\" action=\"like\" colorscheme=\"light\" layout=\"button_count\"  size=\"small\"><\/fb:like><\/div><\/div><h1>Suuren suosion saanut konsertti uusintana yleis\u00f6n pyynn\u00f6st\u00e4<\/h1>\n<figure id=\"attachment_1730\" aria-describedby=\"caption-attachment-1730\" style=\"width: 525px\" class=\"wp-caption alignnone\"><a href=\"http:\/\/www.rukajarvensuunnanhistoriayhdistys.fi\/rukajarvikeskus\/wp-content\/uploads\/2015\/02\/Kannakselta-Rukaj\u00e4rvelle-15-2-2015.jpg\"><img loading=\"lazy\" decoding=\"async\" class=\"size-large wp-image-1730\" src=\"http:\/\/www.rukajarvensuunnanhistoriayhdistys.fi\/rukajarvikeskus\/wp-content\/uploads\/2015\/02\/Kannakselta-Rukaj\u00e4rvelle-15-2-2015-703x1024.jpg\" alt=\"Kannakselta Rukaj\u00e4rvelle konserttimainos\" width=\"525\" height=\"765\" srcset=\"http:\/\/www.rukajarvensuunnanhistoriayhdistys.fi\/rukajarvikeskus\/wp-content\/uploads\/2015\/02\/Kannakselta-Rukaj\u00e4rvelle-15-2-2015-703x1024.jpg 703w, http:\/\/www.rukajarvensuunnanhistoriayhdistys.fi\/rukajarvikeskus\/wp-content\/uploads\/2015\/02\/Kannakselta-Rukaj\u00e4rvelle-15-2-2015-206x300.jpg 206w, http:\/\/www.rukajarvensuunnanhistoriayhdistys.fi\/rukajarvikeskus\/wp-content\/uploads\/2015\/02\/Kannakselta-Rukaj\u00e4rvelle-15-2-2015.jpg 1164w\" sizes=\"auto, (max-width: 525px) 100vw, 525px\" \/><\/a><figcaption id=\"caption-attachment-1730\" class=\"wp-caption-text\">Kannakselta Rukaj\u00e4rvelle konserttimainos<\/figcaption><\/figure>\n<p><strong>Ensimm\u00e4isen kerran\u00a0orkesteri esiintyi t\u00e4ss\u00e4 kokoonpanossa\u00a0Iisalmessa 21.9.2014 kahdelle salint\u00e4yteiselle yleis\u00f6lle. Etusivulta saa lis\u00e4tietoa, avaamalla konserttimainoksen otsikosta.<\/strong><\/p>\n<figure id=\"attachment_1733\" aria-describedby=\"caption-attachment-1733\" style=\"width: 525px\" class=\"wp-caption alignnone\"><a href=\"http:\/\/www.rukajarvensuunnanhistoriayhdistys.fi\/rukajarvikeskus\/wp-content\/uploads\/2015\/02\/Vetmut-orkesteri-21-9-2014.jpg\"><img loading=\"lazy\" decoding=\"async\" class=\"size-large wp-image-1733\" src=\"http:\/\/www.rukajarvensuunnanhistoriayhdistys.fi\/rukajarvikeskus\/wp-content\/uploads\/2015\/02\/Vetmut-orkesteri-21-9-2014-1024x724.jpg\" alt=\"Yl\u00e4-Savon Veteraanimuusikoitten orkesteri ja solistit Iisalmessa 21.9.2014 pidetyss\u00e4 konsertissa.\" width=\"525\" height=\"371\" srcset=\"http:\/\/www.rukajarvensuunnanhistoriayhdistys.fi\/rukajarvikeskus\/wp-content\/uploads\/2015\/02\/Vetmut-orkesteri-21-9-2014-1024x724.jpg 1024w, http:\/\/www.rukajarvensuunnanhistoriayhdistys.fi\/rukajarvikeskus\/wp-content\/uploads\/2015\/02\/Vetmut-orkesteri-21-9-2014-300x212.jpg 300w, http:\/\/www.rukajarvensuunnanhistoriayhdistys.fi\/rukajarvikeskus\/wp-content\/uploads\/2015\/02\/Vetmut-orkesteri-21-9-2014.jpg 1754w\" sizes=\"auto, (max-width: 525px) 100vw, 525px\" \/><\/a><figcaption id=\"caption-attachment-1733\" class=\"wp-caption-text\">Yl\u00e4-Savon Veteraanimuusikoitten orkesteri ja solistit Iisalmessa 21.9.2014 pidetyss\u00e4 konsertissa.<\/figcaption><\/figure>\n<p>&nbsp;<\/p>\n<p>&nbsp;<\/p>\n","protected":false},"excerpt":{"rendered":"<p>Suuren suosion saanut konsertti uusintana yleis\u00f6n pyynn\u00f6st\u00e4 Ensimm\u00e4isen kerran\u00a0orkesteri esiintyi t\u00e4ss\u00e4 kokoonpanossa\u00a0Iisalmessa 21.9.2014 kahdelle salint\u00e4yteiselle yleis\u00f6lle. Etusivulta saa lis\u00e4tietoa, avaamalla konserttimainoksen otsikosta. &nbsp; &nbsp;<\/p>\n","protected":false},"author":4,"featured_media":1733,"comment_status":"closed","ping_status":"open","sticky":false,"template":"","format":"standard","meta":{"ngg_post_thumbnail":0,"_jetpack_newsletter_access":"","_jetpack_dont_email_post_to_subs":false,"_jetpack_newsletter_tier_id":0,"_jetpack_memberships_contains_paywalled_content":false,"_jetpack_memberships_contains_paid_content":false,"footnotes":""},"categories":[26],"tags":[],"class_list":["post-1729","post","type-post","status-publish","format-standard","has-post-thumbnail","hentry","category-ajankohtaista"],"jetpack_featured_media_url":"http:\/\/www.rukajarvensuunnanhistoriayhdistys.fi\/rukajarvikeskus\/wp-content\/uploads\/2015\/02\/Vetmut-orkesteri-21-9-2014.jpg","jetpack_sharing_enabled":true,"jetpack_shortlink":"https:\/\/wp.me\/p72N2f-rT","_links":{"self":[{"href":"http:\/\/www.rukajarvensuunnanhistoriayhdistys.fi\/rukajarvikeskus\/wp-json\/wp\/v2\/posts\/1729","targetHints":{"allow":["GET"]}}],"collection":[{"href":"http:\/\/www.rukajarvensuunnanhistoriayhdistys.fi\/rukajarvikeskus\/wp-json\/wp\/v2\/posts"}],"about":[{"href":"http:\/\/www.rukajarvensuunnanhistoriayhdistys.fi\/rukajarvikeskus\/wp-json\/wp\/v2\/types\/post"}],"author":[{"embeddable":true,"href":"http:\/\/www.rukajarvensuunnanhistoriayhdistys.fi\/rukajarvikeskus\/wp-json\/wp\/v2\/users\/4"}],"replies":[{"embeddable":true,"href":"http:\/\/www.rukajarvensuunnanhistoriayhdistys.fi\/rukajarvikeskus\/wp-json\/wp\/v2\/comments?post=1729"}],"version-history":[{"count":9,"href":"http:\/\/www.rukajarvensuunnanhistoriayhdistys.fi\/rukajarvikeskus\/wp-json\/wp\/v2\/posts\/1729\/revisions"}],"predecessor-version":[{"id":1740,"href":"http:\/\/www.rukajarvensuunnanhistoriayhdistys.fi\/rukajarvikeskus\/wp-json\/wp\/v2\/posts\/1729\/revisions\/1740"}],"wp:featuredmedia":[{"embeddable":true,"href":"http:\/\/www.rukajarvensuunnanhistoriayhdistys.fi\/rukajarvikeskus\/wp-json\/wp\/v2\/media\/1733"}],"wp:attachment":[{"href":"http:\/\/www.rukajarvensuunnanhistoriayhdistys.fi\/rukajarvikeskus\/wp-json\/wp\/v2\/media?parent=1729"}],"wp:term":[{"taxonomy":"category","embeddable":true,"href":"http:\/\/www.rukajarvensuunnanhistoriayhdistys.fi\/rukajarvikeskus\/wp-json\/wp\/v2\/categories?post=1729"},{"taxonomy":"post_tag","embeddable":true,"href":"http:\/\/www.rukajarvensuunnanhistoriayhdistys.fi\/rukajarvikeskus\/wp-json\/wp\/v2\/tags?post=1729"}],"curies":[{"name":"wp","href":"https:\/\/api.w.org\/{rel}","templated":true}]}}