{"id":1760,"date":"2015-03-13T00:01:38","date_gmt":"2015-03-12T21:01:38","guid":{"rendered":"http:\/\/www.rukajarvensuunnanhistoriayhdistys.fi\/rukajarvikeskus\/?p=1760"},"modified":"2015-03-12T22:05:10","modified_gmt":"2015-03-12T19:05:10","slug":"onnittelemme-yhdistyksemme-perustajajasenta-pentti-perttulia-hanen-tayttaessaan-tanaan-99-vuotta","status":"publish","type":"post","link":"http:\/\/www.rukajarvensuunnanhistoriayhdistys.fi\/rukajarvikeskus\/ajankohtaista\/onnittelemme-yhdistyksemme-perustajajasenta-pentti-perttulia-hanen-tayttaessaan-tanaan-99-vuotta\/","title":{"rendered":"Onnittelemme yhdistyksemme perustajaj\u00e4sent\u00e4 Pentti Perttulia h\u00e4nen t\u00e4ytt\u00e4ess\u00e4\u00e4n t\u00e4n\u00e4\u00e4n 99 vuotta"},"content":{"rendered":"<div class=\"fcbkbttn_buttons_block\" id=\"fcbkbttn_left\"><div class=\"fcbkbttn_like \"><fb:like href=\"http:\/\/www.rukajarvensuunnanhistoriayhdistys.fi\/rukajarvikeskus\/ajankohtaista\/onnittelemme-yhdistyksemme-perustajajasenta-pentti-perttulia-hanen-tayttaessaan-tanaan-99-vuotta\/\" action=\"like\" colorscheme=\"light\" layout=\"button_count\"  size=\"small\"><\/fb:like><\/div><\/div><p>Parhaat onnentoivotuksemme yhdistyksemme perustajaj\u00e4senelle Pentti Perttulille h\u00e4nen t\u00e4ytt\u00e4ess\u00e4\u00e4n t\u00e4n\u00e4\u00e4n 13.3.2015 per\u00e4ti 99 vuotta.\u00a0 Syntym\u00e4p\u00e4iv\u00e4\u00e4ns\u00e4 h\u00e4n viett\u00e4\u00e4 Laitilan veljeskodissa poikansa Tapion perheen sek\u00e4 l\u00e4heisten yst\u00e4viens\u00e4 seurassa.<\/p>\n<figure id=\"attachment_1761\" aria-describedby=\"caption-attachment-1761\" style=\"width: 525px\" class=\"wp-caption alignnone\"><a href=\"http:\/\/www.rukajarvensuunnanhistoriayhdistys.fi\/rukajarvikeskus\/wp-content\/uploads\/2015\/03\/DSC09276.jpg\"><img loading=\"lazy\" decoding=\"async\" class=\"size-large wp-image-1761\" src=\"http:\/\/www.rukajarvensuunnanhistoriayhdistys.fi\/rukajarvikeskus\/wp-content\/uploads\/2015\/03\/DSC09276-681x1024.jpg\" alt=\"Kiitt\u00e4ess\u00e4\u00e4n yhdistyksemme l\u00e4hett\u00e4m\u00e4st\u00e4 onnittelukortista Pentti Perttuli pyysi v\u00e4litt\u00e4m\u00e4\u00e4n kiitoksensa ja terveisens\u00e4 kaikille. \" width=\"525\" height=\"789\" srcset=\"http:\/\/www.rukajarvensuunnanhistoriayhdistys.fi\/rukajarvikeskus\/wp-content\/uploads\/2015\/03\/DSC09276-681x1024.jpg 681w, http:\/\/www.rukajarvensuunnanhistoriayhdistys.fi\/rukajarvikeskus\/wp-content\/uploads\/2015\/03\/DSC09276-200x300.jpg 200w\" sizes=\"auto, (max-width: 525px) 100vw, 525px\" \/><\/a><figcaption id=\"caption-attachment-1761\" class=\"wp-caption-text\">Kiitt\u00e4ess\u00e4\u00e4n yhdistyksemme l\u00e4hett\u00e4m\u00e4st\u00e4 onnittelukortista Pentti Perttuli pyysi v\u00e4litt\u00e4m\u00e4\u00e4n kiitoksensa ja terveisens\u00e4 kaikille.<\/figcaption><\/figure>\n<p>Tapio ja Aila Perttuli pyyt\u00e4v\u00e4t v\u00e4litt\u00e4m\u00e4\u00e4n omat kiitoksensa yhdistykselle sen veteraanien eteen tekem\u00e4st\u00e4 onnistuneesta perinneaineiston ker\u00e4ysty\u00f6st\u00e4 ja samalla yhdistyksen Pentti Perttulille osoittamista huomionosoituksista.<\/p>\n<p>Kiitt\u00e4ess\u00e4\u00e4n yhdistyksemme l\u00e4hett\u00e4m\u00e4st\u00e4 onnittelukortista Pentti Perttuli pyysi v\u00e4litt\u00e4m\u00e4\u00e4n kiitoksensa ja terveisens\u00e4 kaikille. Samalla h\u00e4n onnitteli yhdistyst\u00e4\u00a0aktiivisesta toiminnasta erityisesti Rukaj\u00e4rven tien varustelut\u00f6iss\u00e4 ja Kansalaisjuhlan 70 vuotta Jatkosodan p\u00e4\u00e4ttymisest\u00e4 onnistuneista j\u00e4rjestelyist\u00e4. Samoin h\u00e4n muisti edellisen\u00e4 syksyn\u00e4 yhdistyksen h\u00e4nelle toimittamista huomionosoituksista\u00a0ja pyysi v\u00e4litt\u00e4m\u00e4\u00e4n kiitoksensa my\u00f6s kirjan Kev.Os. 2:n Rappanan nyrkki kirjoittajalle, talkooporukalle ja kaikille hanketta tukeneille yhteis\u00f6ille upean teoksen julkaisemisesta.<\/p>\n<p>Oheisena muutama valokuva Pentti Perttulin perinnehuoneesta, joka on saanut uutta sis\u00e4lt\u00f6\u00e4 Pentin pojan Tapio Perttulin ja h\u00e4nen puolisonsa Ailan uusiessa hiukan perinnehuoneen sisustusta.<\/p>\n<figure id=\"attachment_1762\" aria-describedby=\"caption-attachment-1762\" style=\"width: 525px\" class=\"wp-caption alignnone\"><a href=\"http:\/\/www.rukajarvensuunnanhistoriayhdistys.fi\/rukajarvikeskus\/wp-content\/uploads\/2015\/03\/003-Perttulin-perinnehuone.jpg\"><img loading=\"lazy\" decoding=\"async\" class=\"size-large wp-image-1762\" src=\"http:\/\/www.rukajarvensuunnanhistoriayhdistys.fi\/rukajarvikeskus\/wp-content\/uploads\/2015\/03\/003-Perttulin-perinnehuone-1024x768.jpg\" alt=\"Pentti Perttulin kunniakirjat h\u00e4nen perinnehuoneessaan. Kuva Tapio Perttuli.\" width=\"525\" height=\"394\" srcset=\"http:\/\/www.rukajarvensuunnanhistoriayhdistys.fi\/rukajarvikeskus\/wp-content\/uploads\/2015\/03\/003-Perttulin-perinnehuone-1024x768.jpg 1024w, http:\/\/www.rukajarvensuunnanhistoriayhdistys.fi\/rukajarvikeskus\/wp-content\/uploads\/2015\/03\/003-Perttulin-perinnehuone-300x225.jpg 300w\" sizes=\"auto, (max-width: 525px) 100vw, 525px\" \/><\/a><figcaption id=\"caption-attachment-1762\" class=\"wp-caption-text\">Pentti Perttulin kunniakirjat h\u00e4nen perinnehuoneessaan. Kuva Tapio Perttuli.<\/figcaption><\/figure>\n<figure id=\"attachment_1765\" aria-describedby=\"caption-attachment-1765\" style=\"width: 525px\" class=\"wp-caption alignnone\"><a href=\"http:\/\/www.rukajarvensuunnanhistoriayhdistys.fi\/rukajarvikeskus\/wp-content\/uploads\/2015\/03\/018-Perttulin-perinnehuone.jpg\"><img loading=\"lazy\" decoding=\"async\" class=\"size-large wp-image-1765\" src=\"http:\/\/www.rukajarvensuunnanhistoriayhdistys.fi\/rukajarvikeskus\/wp-content\/uploads\/2015\/03\/018-Perttulin-perinnehuone-1024x768.jpg\" alt=\"Pentti Perttulin aseveljien ja historiateht\u00e4vist\u00e4 saamia tunnustuspalkintoja sek\u00e4 mm. Rukaj\u00e4rven matkaajien h\u00e4nelle sodan j\u00e4lkeen Rukaj\u00e4rven matkoilta toimittamia muistoesineit\u00e4. Kuva Tapio Perttuli. \" width=\"525\" height=\"394\" srcset=\"http:\/\/www.rukajarvensuunnanhistoriayhdistys.fi\/rukajarvikeskus\/wp-content\/uploads\/2015\/03\/018-Perttulin-perinnehuone-1024x768.jpg 1024w, http:\/\/www.rukajarvensuunnanhistoriayhdistys.fi\/rukajarvikeskus\/wp-content\/uploads\/2015\/03\/018-Perttulin-perinnehuone-300x225.jpg 300w\" sizes=\"auto, (max-width: 525px) 100vw, 525px\" \/><\/a><figcaption id=\"caption-attachment-1765\" class=\"wp-caption-text\">Pentti Perttulin aseveljien lajoittamia perinne-esineit\u00e4\u00a0ja historiateht\u00e4vist\u00e4 saamia tunnustuspalkintoja sek\u00e4 mm. Rukaj\u00e4rven matkaajien h\u00e4nelle sodan j\u00e4lkeen toimittamia muistoesineit\u00e4. Kuva Tapio Perttuli.<\/figcaption><\/figure>\n<figure id=\"attachment_1764\" aria-describedby=\"caption-attachment-1764\" style=\"width: 525px\" class=\"wp-caption alignnone\"><a href=\"http:\/\/www.rukajarvensuunnanhistoriayhdistys.fi\/rukajarvikeskus\/wp-content\/uploads\/2015\/03\/012-Perttulin-perinnehuone.jpg\"><img loading=\"lazy\" decoding=\"async\" class=\"size-large wp-image-1764\" src=\"http:\/\/www.rukajarvensuunnanhistoriayhdistys.fi\/rukajarvikeskus\/wp-content\/uploads\/2015\/03\/012-Perttulin-perinnehuone-768x1024.jpg\" alt=\"Pentti Perttulin Rukaj\u00e4rvi-kirjallisuutta. Hyllyll\u00e4 on mm. Antti Tuurin Rukaj\u00e4rvi-teokset, my\u00f6s tuo tunnetuksi tullut yhteen niteeseen sidottu 1200 sivun kokoomateos, keskell\u00e4 oikealla sinikantinen. Kuva Tapio Perttuli.\" width=\"525\" height=\"700\" srcset=\"http:\/\/www.rukajarvensuunnanhistoriayhdistys.fi\/rukajarvikeskus\/wp-content\/uploads\/2015\/03\/012-Perttulin-perinnehuone-768x1024.jpg 768w, http:\/\/www.rukajarvensuunnanhistoriayhdistys.fi\/rukajarvikeskus\/wp-content\/uploads\/2015\/03\/012-Perttulin-perinnehuone-225x300.jpg 225w\" sizes=\"auto, (max-width: 525px) 100vw, 525px\" \/><\/a><figcaption id=\"caption-attachment-1764\" class=\"wp-caption-text\">Pentti Perttulin Rukaj\u00e4rvi-kirjallisuutta. Hyllyll\u00e4 on mm. Antti Tuurin Rukaj\u00e4rvi-teokset, my\u00f6s tuo tunnetuksi tullut yhteen niteeseen sidottu 1200 sivun kokoomateos, ylh\u00e4\u00e4ll\u00e4 oikealla sinikantinen. Kuva Tapio Perttuli.<\/figcaption><\/figure>\n<figure id=\"attachment_1763\" aria-describedby=\"caption-attachment-1763\" style=\"width: 525px\" class=\"wp-caption alignnone\"><a href=\"http:\/\/www.rukajarvensuunnanhistoriayhdistys.fi\/rukajarvikeskus\/wp-content\/uploads\/2015\/03\/008-Perttulin-perinnehuone.jpg\"><img loading=\"lazy\" decoding=\"async\" class=\"size-large wp-image-1763\" src=\"http:\/\/www.rukajarvensuunnanhistoriayhdistys.fi\/rukajarvikeskus\/wp-content\/uploads\/2015\/03\/008-Perttulin-perinnehuone-768x1024.jpg\" alt=\"Pentti Perttulin Rukaj\u00e4rvi-muistoesineist\u00f6\u00e4.\" width=\"525\" height=\"700\" srcset=\"http:\/\/www.rukajarvensuunnanhistoriayhdistys.fi\/rukajarvikeskus\/wp-content\/uploads\/2015\/03\/008-Perttulin-perinnehuone-768x1024.jpg 768w, http:\/\/www.rukajarvensuunnanhistoriayhdistys.fi\/rukajarvikeskus\/wp-content\/uploads\/2015\/03\/008-Perttulin-perinnehuone-225x300.jpg 225w\" sizes=\"auto, (max-width: 525px) 100vw, 525px\" \/><\/a><figcaption id=\"caption-attachment-1763\" class=\"wp-caption-text\">Pentti Perttulin Rukaj\u00e4rvi-muistoesineist\u00f6\u00e4. Perinnehuoneessa on ajanmukaiset audiolaitteet, jossa Tapio esittelee vierailleen is\u00e4ns\u00e4 Rukaj\u00e4rvi-aineistoa.<\/figcaption><\/figure>\n<p>Pentti Perttulin perinnety\u00f6t\u00e4 k\u00e4sittelev\u00e4 videohaastattelu vuodelta 2006 on n\u00e4ht\u00e4viss\u00e4 Rukaj\u00e4rvi-keskuksissa.<\/p>\n","protected":false},"excerpt":{"rendered":"<p>Parhaat onnentoivotuksemme yhdistyksemme perustajaj\u00e4senelle Pentti Perttulille h\u00e4nen t\u00e4ytt\u00e4ess\u00e4\u00e4n t\u00e4n\u00e4\u00e4n 13.3.2015 per\u00e4ti 99 vuotta.\u00a0 Syntym\u00e4p\u00e4iv\u00e4\u00e4ns\u00e4 h\u00e4n viett\u00e4\u00e4 Laitilan veljeskodissa poikansa Tapion perheen sek\u00e4 l\u00e4heisten yst\u00e4viens\u00e4 seurassa. Tapio ja Aila Perttuli pyyt\u00e4v\u00e4t <a class=\"more-link\" href=\"http:\/\/www.rukajarvensuunnanhistoriayhdistys.fi\/rukajarvikeskus\/ajankohtaista\/onnittelemme-yhdistyksemme-perustajajasenta-pentti-perttulia-hanen-tayttaessaan-tanaan-99-vuotta\/\">Lue lis\u00e4\u00e4&#8230;<span class=\"screen-reader-text\">Onnittelemme yhdistyksemme perustajaj\u00e4sent\u00e4 Pentti Perttulia h\u00e4nen t\u00e4ytt\u00e4ess\u00e4\u00e4n t\u00e4n\u00e4\u00e4n 99 vuotta<\/span><span class=\"meta-nav\">\u2192<\/span><\/a><\/p>\n","protected":false},"author":4,"featured_media":367,"comment_status":"closed","ping_status":"open","sticky":false,"template":"","format":"standard","meta":{"ngg_post_thumbnail":0,"_jetpack_newsletter_access":"","_jetpack_dont_email_post_to_subs":false,"_jetpack_newsletter_tier_id":0,"_jetpack_memberships_contains_paywalled_content":false,"_jetpack_memberships_contains_paid_content":false,"footnotes":""},"categories":[26],"tags":[],"class_list":["post-1760","post","type-post","status-publish","format-standard","has-post-thumbnail","hentry","category-ajankohtaista"],"jetpack_featured_media_url":"http:\/\/www.rukajarvensuunnanhistoriayhdistys.fi\/rukajarvikeskus\/wp-content\/uploads\/2013\/07\/2001-Perttuli-15-6-1986-Nurmes.jpg","jetpack_sharing_enabled":true,"jetpack_shortlink":"https:\/\/wp.me\/p72N2f-so","_links":{"self":[{"href":"http:\/\/www.rukajarvensuunnanhistoriayhdistys.fi\/rukajarvikeskus\/wp-json\/wp\/v2\/posts\/1760","targetHints":{"allow":["GET"]}}],"collection":[{"href":"http:\/\/www.rukajarvensuunnanhistoriayhdistys.fi\/rukajarvikeskus\/wp-json\/wp\/v2\/posts"}],"about":[{"href":"http:\/\/www.rukajarvensuunnanhistoriayhdistys.fi\/rukajarvikeskus\/wp-json\/wp\/v2\/types\/post"}],"author":[{"embeddable":true,"href":"http:\/\/www.rukajarvensuunnanhistoriayhdistys.fi\/rukajarvikeskus\/wp-json\/wp\/v2\/users\/4"}],"replies":[{"embeddable":true,"href":"http:\/\/www.rukajarvensuunnanhistoriayhdistys.fi\/rukajarvikeskus\/wp-json\/wp\/v2\/comments?post=1760"}],"version-history":[{"count":3,"href":"http:\/\/www.rukajarvensuunnanhistoriayhdistys.fi\/rukajarvikeskus\/wp-json\/wp\/v2\/posts\/1760\/revisions"}],"predecessor-version":[{"id":1768,"href":"http:\/\/www.rukajarvensuunnanhistoriayhdistys.fi\/rukajarvikeskus\/wp-json\/wp\/v2\/posts\/1760\/revisions\/1768"}],"wp:featuredmedia":[{"embeddable":true,"href":"http:\/\/www.rukajarvensuunnanhistoriayhdistys.fi\/rukajarvikeskus\/wp-json\/wp\/v2\/media\/367"}],"wp:attachment":[{"href":"http:\/\/www.rukajarvensuunnanhistoriayhdistys.fi\/rukajarvikeskus\/wp-json\/wp\/v2\/media?parent=1760"}],"wp:term":[{"taxonomy":"category","embeddable":true,"href":"http:\/\/www.rukajarvensuunnanhistoriayhdistys.fi\/rukajarvikeskus\/wp-json\/wp\/v2\/categories?post=1760"},{"taxonomy":"post_tag","embeddable":true,"href":"http:\/\/www.rukajarvensuunnanhistoriayhdistys.fi\/rukajarvikeskus\/wp-json\/wp\/v2\/tags?post=1760"}],"curies":[{"name":"wp","href":"https:\/\/api.w.org\/{rel}","templated":true}]}}