{"id":1821,"date":"2015-04-25T06:15:46","date_gmt":"2015-04-25T03:15:46","guid":{"rendered":"http:\/\/www.rukajarvensuunnanhistoriayhdistys.fi\/rukajarvikeskus\/?p=1821"},"modified":"2015-04-25T06:23:31","modified_gmt":"2015-04-25T03:23:31","slug":"muurmannin-radan-partioretken-esitelma-26-4-2015-klo-12-00-alkaen-lieksan-rukajarvi-keskuksessa","status":"publish","type":"post","link":"http:\/\/www.rukajarvensuunnanhistoriayhdistys.fi\/rukajarvikeskus\/ajankohtaista\/muurmannin-radan-partioretken-esitelma-26-4-2015-klo-12-00-alkaen-lieksan-rukajarvi-keskuksessa\/","title":{"rendered":"Muurmannin radan partioretken esitelm\u00e4 26.4.2015, klo 15.00 alkaen Lieksan Rukaj\u00e4rvi-keskuksessa"},"content":{"rendered":"<div class=\"fcbkbttn_buttons_block\" id=\"fcbkbttn_left\"><div class=\"fcbkbttn_like \"><fb:like href=\"http:\/\/www.rukajarvensuunnanhistoriayhdistys.fi\/rukajarvikeskus\/ajankohtaista\/muurmannin-radan-partioretken-esitelma-26-4-2015-klo-12-00-alkaen-lieksan-rukajarvi-keskuksessa\/\" action=\"like\" colorscheme=\"light\" layout=\"button_count\"  size=\"small\"><\/fb:like><\/div><\/div><p>Osasto Majewskin Muurmannin\u00a0radalle suuntautuneesta partioretkest\u00e4\u00a0\u00a0(14.-23.1.1942) l\u00f6ytyy uutta tietoa jatkuvasti. Nyt asialla on sotahistorian harrastaja j\u00e4senemme Raine Narva, jonka is\u00e4 osallistui partioretkelle TK-miehen\u00e4. H\u00e4nen valokuva-arkistonsa ennen julkaisemattomat kuvat ovat esitelmien perusaineistona.<\/p>\n<p>Raine Narva esitelm\u00f6i 26.1.2015 em. aiheesta Kajaanin kirjastossa ja Iisalmen Rukaj\u00e4rvi-keskuksessa, josta on lyhyt esittely katsottavissa yhdistyksemme YouTube-kanavalta.: <a href=\"https:\/\/www.youtube.com\/watch?v=u2_hdIXTV4A\">T\u00c4\u00c4LT\u00c4<\/a>.<\/p>\n<p>Tilaisuuden ohjelma oheisena.<\/p>\n<p><a href=\"http:\/\/www.rukajarvensuunnanhistoriayhdistys.fi\/rukajarvikeskus\/wp-content\/uploads\/2015\/04\/Veteraanip\u00e4iv\u00e4n-esite_2.jpg\"><img loading=\"lazy\" decoding=\"async\" class=\"alignnone size-large wp-image-1836\" src=\"http:\/\/www.rukajarvensuunnanhistoriayhdistys.fi\/rukajarvikeskus\/wp-content\/uploads\/2015\/04\/Veteraanip\u00e4iv\u00e4n-esite_2-724x1024.jpg\" alt=\"Veteraanip\u00e4iv\u00e4n esite_2\" width=\"525\" height=\"743\" srcset=\"http:\/\/www.rukajarvensuunnanhistoriayhdistys.fi\/rukajarvikeskus\/wp-content\/uploads\/2015\/04\/Veteraanip\u00e4iv\u00e4n-esite_2-724x1024.jpg 724w, http:\/\/www.rukajarvensuunnanhistoriayhdistys.fi\/rukajarvikeskus\/wp-content\/uploads\/2015\/04\/Veteraanip\u00e4iv\u00e4n-esite_2-212x300.jpg 212w, http:\/\/www.rukajarvensuunnanhistoriayhdistys.fi\/rukajarvikeskus\/wp-content\/uploads\/2015\/04\/Veteraanip\u00e4iv\u00e4n-esite_2.jpg 1240w\" sizes=\"auto, (max-width: 525px) 100vw, 525px\" \/><\/a><\/p>\n<p>Tilaisuudessa avataan Lieksan Rukaj\u00e4rvi-keskuksen uusittu TK-mies Toivo V. Narvan valokuvista koottu\u00a0n\u00e4yttely, jonka Raine Narva esittelee.<\/p>\n<p>&nbsp;<\/p>\n<p>&nbsp;<\/p>\n","protected":false},"excerpt":{"rendered":"<p>Osasto Majewskin Muurmannin\u00a0radalle suuntautuneesta partioretkest\u00e4\u00a0\u00a0(14.-23.1.1942) l\u00f6ytyy uutta tietoa jatkuvasti. Nyt asialla on sotahistorian harrastaja j\u00e4senemme Raine Narva, jonka is\u00e4 osallistui partioretkelle TK-miehen\u00e4. H\u00e4nen valokuva-arkistonsa ennen julkaisemattomat kuvat ovat esitelmien perusaineistona. <a class=\"more-link\" href=\"http:\/\/www.rukajarvensuunnanhistoriayhdistys.fi\/rukajarvikeskus\/ajankohtaista\/muurmannin-radan-partioretken-esitelma-26-4-2015-klo-12-00-alkaen-lieksan-rukajarvi-keskuksessa\/\">Lue lis\u00e4\u00e4&#8230;<span class=\"screen-reader-text\">Muurmannin radan partioretken esitelm\u00e4 26.4.2015, klo 15.00 alkaen Lieksan Rukaj\u00e4rvi-keskuksessa<\/span><span class=\"meta-nav\">\u2192<\/span><\/a><\/p>\n","protected":false},"author":4,"featured_media":0,"comment_status":"closed","ping_status":"open","sticky":false,"template":"","format":"standard","meta":{"ngg_post_thumbnail":0,"_jetpack_newsletter_access":"","_jetpack_dont_email_post_to_subs":false,"_jetpack_newsletter_tier_id":0,"_jetpack_memberships_contains_paywalled_content":false,"_jetpack_memberships_contains_paid_content":false,"footnotes":""},"categories":[26,31],"tags":[],"class_list":["post-1821","post","type-post","status-publish","format-standard","hentry","category-ajankohtaista","category-esitelmat"],"jetpack_featured_media_url":"","jetpack_sharing_enabled":true,"jetpack_shortlink":"https:\/\/wp.me\/p72N2f-tn","_links":{"self":[{"href":"http:\/\/www.rukajarvensuunnanhistoriayhdistys.fi\/rukajarvikeskus\/wp-json\/wp\/v2\/posts\/1821","targetHints":{"allow":["GET"]}}],"collection":[{"href":"http:\/\/www.rukajarvensuunnanhistoriayhdistys.fi\/rukajarvikeskus\/wp-json\/wp\/v2\/posts"}],"about":[{"href":"http:\/\/www.rukajarvensuunnanhistoriayhdistys.fi\/rukajarvikeskus\/wp-json\/wp\/v2\/types\/post"}],"author":[{"embeddable":true,"href":"http:\/\/www.rukajarvensuunnanhistoriayhdistys.fi\/rukajarvikeskus\/wp-json\/wp\/v2\/users\/4"}],"replies":[{"embeddable":true,"href":"http:\/\/www.rukajarvensuunnanhistoriayhdistys.fi\/rukajarvikeskus\/wp-json\/wp\/v2\/comments?post=1821"}],"version-history":[{"count":6,"href":"http:\/\/www.rukajarvensuunnanhistoriayhdistys.fi\/rukajarvikeskus\/wp-json\/wp\/v2\/posts\/1821\/revisions"}],"predecessor-version":[{"id":1838,"href":"http:\/\/www.rukajarvensuunnanhistoriayhdistys.fi\/rukajarvikeskus\/wp-json\/wp\/v2\/posts\/1821\/revisions\/1838"}],"wp:attachment":[{"href":"http:\/\/www.rukajarvensuunnanhistoriayhdistys.fi\/rukajarvikeskus\/wp-json\/wp\/v2\/media?parent=1821"}],"wp:term":[{"taxonomy":"category","embeddable":true,"href":"http:\/\/www.rukajarvensuunnanhistoriayhdistys.fi\/rukajarvikeskus\/wp-json\/wp\/v2\/categories?post=1821"},{"taxonomy":"post_tag","embeddable":true,"href":"http:\/\/www.rukajarvensuunnanhistoriayhdistys.fi\/rukajarvikeskus\/wp-json\/wp\/v2\/tags?post=1821"}],"curies":[{"name":"wp","href":"https:\/\/api.w.org\/{rel}","templated":true}]}}