{"id":1828,"date":"2015-04-27T00:01:01","date_gmt":"2015-04-26T21:01:01","guid":{"rendered":"http:\/\/www.rukajarvensuunnanhistoriayhdistys.fi\/rukajarvikeskus\/?p=1828"},"modified":"2015-04-24T22:10:27","modified_gmt":"2015-04-24T19:10:27","slug":"klaus-karkkainen-on-poissa","status":"publish","type":"post","link":"http:\/\/www.rukajarvensuunnanhistoriayhdistys.fi\/rukajarvikeskus\/ajankohtaista\/klaus-karkkainen-on-poissa\/","title":{"rendered":"Klaus K\u00e4rkk\u00e4inen on poissa"},"content":{"rendered":"<div class=\"fcbkbttn_buttons_block\" id=\"fcbkbttn_left\"><div class=\"fcbkbttn_like \"><fb:like href=\"http:\/\/www.rukajarvensuunnanhistoriayhdistys.fi\/rukajarvikeskus\/ajankohtaista\/klaus-karkkainen-on-poissa\/\" action=\"like\" colorscheme=\"light\" layout=\"button_count\"  size=\"small\"><\/fb:like><\/div><\/div><p><strong>Sota on p\u00e4\u00e4ttynyt \u00a0&#8211;\u00a0 Klaus K\u00e4rkk\u00e4inen on poissa<\/strong><\/p>\n<p>T\u00e4n\u00e4\u00e4n 27.4.2015 Kansallisena veteraanip\u00e4iv\u00e4n\u00e4 julkaisemme Klaus K\u00e4rkk\u00e4isen muistokirjoituksen. H\u00e4n kuoli 9.4.2015 98-vuotiaana lyhyen sairastelun j\u00e4lkeen.<\/p>\n<p>Tapasin h\u00e4net Iisalmen sotaveteraanien Vetre\u00e4 terveys -nimisess\u00e4 hoitokodissa 10.11.2012. Klaus (s. 11.3.1917) ja is\u00e4ni\u00a0 Tauno (s. 10.3.1916) kertasivat 70 vuoden takaisia Rukaj\u00e4rven rintaman tapahtumia. Kuulin ensikerran veteraanilta omakohtaisen kertomuksen Rukaj\u00e4rven kyl\u00e4n valtauksesta. Todella liikuttava kertomus ja syv\u00e4sti n\u00e4m\u00e4 muistot koskettivat my\u00f6s veteraaneja itse\u00e4\u00e4n.<\/p>\n<figure id=\"attachment_1832\" aria-describedby=\"caption-attachment-1832\" style=\"width: 525px\" class=\"wp-caption alignnone\"><a href=\"http:\/\/www.rukajarvensuunnanhistoriayhdistys.fi\/rukajarvikeskus\/wp-content\/uploads\/2015\/04\/DSC03380.jpg\"><img loading=\"lazy\" decoding=\"async\" class=\"size-large wp-image-1832\" src=\"http:\/\/www.rukajarvensuunnanhistoriayhdistys.fi\/rukajarvikeskus\/wp-content\/uploads\/2015\/04\/DSC03380-1024x681.jpg\" alt=\"Klaes K\u00e4rkk\u00e4inen 10.11.2012, jolloin h\u00e4n viel\u00e4 asui kotonaan.\" width=\"525\" height=\"349\" srcset=\"http:\/\/www.rukajarvensuunnanhistoriayhdistys.fi\/rukajarvikeskus\/wp-content\/uploads\/2015\/04\/DSC03380-1024x681.jpg 1024w, http:\/\/www.rukajarvensuunnanhistoriayhdistys.fi\/rukajarvikeskus\/wp-content\/uploads\/2015\/04\/DSC03380-300x200.jpg 300w\" sizes=\"auto, (max-width: 525px) 100vw, 525px\" \/><\/a><figcaption id=\"caption-attachment-1832\" class=\"wp-caption-text\">Klaes K\u00e4rkk\u00e4inen 10.11.2012, jolloin h\u00e4n viel\u00e4 asui kotonaan.<\/figcaption><\/figure>\n<p>Is\u00e4ni on Kev.Os. 2:n veteraani ja osallistui Rukaj\u00e4rven valtaukseen vain osittain ja yksikk\u00f6 jatkoi vihollisjoukkojen per\u00e4ss\u00e4 P\u00e4\u00e4tien suunnassa Ontajoelle asti, eik\u00e4 osallistunut mm. jo 13.9.1941 pidettyyn paraatiin.<\/p>\n<figure id=\"attachment_1831\" aria-describedby=\"caption-attachment-1831\" style=\"width: 723px\" class=\"wp-caption alignnone\"><a href=\"http:\/\/www.rukajarvensuunnanhistoriayhdistys.fi\/rukajarvikeskus\/wp-content\/uploads\/2015\/04\/Scan10384-Klaes-K\u00e4rkk\u00e4inen-1.jpg\"><img loading=\"lazy\" decoding=\"async\" class=\"size-full wp-image-1831\" src=\"http:\/\/www.rukajarvensuunnanhistoriayhdistys.fi\/rukajarvikeskus\/wp-content\/uploads\/2015\/04\/Scan10384-Klaes-K\u00e4rkk\u00e4inen-1.jpg\" alt=\"Klaes K\u00e4rkk\u00e4isen passikuva\" width=\"723\" height=\"930\" srcset=\"http:\/\/www.rukajarvensuunnanhistoriayhdistys.fi\/rukajarvikeskus\/wp-content\/uploads\/2015\/04\/Scan10384-Klaes-K\u00e4rkk\u00e4inen-1.jpg 723w, http:\/\/www.rukajarvensuunnanhistoriayhdistys.fi\/rukajarvikeskus\/wp-content\/uploads\/2015\/04\/Scan10384-Klaes-K\u00e4rkk\u00e4inen-1-233x300.jpg 233w\" sizes=\"auto, (max-width: 723px) 100vw, 723px\" \/><\/a><figcaption id=\"caption-attachment-1831\" class=\"wp-caption-text\">Klaes K\u00e4rkk\u00e4isen passikuva<\/figcaption><\/figure>\n<p>Klaus K\u00e4rkk\u00e4inen puolestaan oli Raks.Psto 29:n sotilas ja eteni Rukaj\u00e4rven kyl\u00e4n tiehaarasta kyl\u00e4\u00e4n ja n\u00e4ki omin silmin per\u00e4ytyv\u00e4n vihollisen joukot. Taistelujen tauottua h\u00e4n saattoi tutustua kyl\u00e4n rakennuksiin. Muistikuvat ovat ter\u00e4v\u00e4t. Kyl\u00e4n keskell\u00e4 sijainneen koulun sis\u00e4lt\u00e4 l\u00f6ytyi suuri m\u00e4\u00e4r\u00e4 suomenkielist\u00e4 kirjallisuutta, joita Klaus oli ker\u00e4illyt haltuunsa ja joihin olen p\u00e4\u00e4ssyt tutustumaan. Kirjojen joukossa oli mm.:<\/p>\n<p><a href=\"http:\/\/www.rukajarvensuunnanhistoriayhdistys.fi\/rukajarvikeskus\/wp-content\/uploads\/2015\/04\/Klaes-K\u00e4rkk\u00e4inen-kirjat.jpg\"><img loading=\"lazy\" decoding=\"async\" class=\"alignnone size-full wp-image-1829\" src=\"http:\/\/www.rukajarvensuunnanhistoriayhdistys.fi\/rukajarvikeskus\/wp-content\/uploads\/2015\/04\/Klaes-K\u00e4rkk\u00e4inen-kirjat.jpg\" alt=\"Klaes K\u00e4rkk\u00e4inen kirjat\" width=\"654\" height=\"240\" srcset=\"http:\/\/www.rukajarvensuunnanhistoriayhdistys.fi\/rukajarvikeskus\/wp-content\/uploads\/2015\/04\/Klaes-K\u00e4rkk\u00e4inen-kirjat.jpg 654w, http:\/\/www.rukajarvensuunnanhistoriayhdistys.fi\/rukajarvikeskus\/wp-content\/uploads\/2015\/04\/Klaes-K\u00e4rkk\u00e4inen-kirjat-300x110.jpg 300w\" sizes=\"auto, (max-width: 654px) 100vw, 654px\" \/><\/a><\/p>\n<figure id=\"attachment_1833\" aria-describedby=\"caption-attachment-1833\" style=\"width: 525px\" class=\"wp-caption alignnone\"><a href=\"http:\/\/www.rukajarvensuunnanhistoriayhdistys.fi\/rukajarvikeskus\/wp-content\/uploads\/2015\/04\/21-Scan10391-1.jpg\"><img loading=\"lazy\" decoding=\"async\" class=\"size-large wp-image-1833\" src=\"http:\/\/www.rukajarvensuunnanhistoriayhdistys.fi\/rukajarvikeskus\/wp-content\/uploads\/2015\/04\/21-Scan10391-1-1024x683.jpg\" alt=\"Rukaj\u00e4rven kyl\u00e4n keskell\u00e4 oleva koulu, jonka lattialta puheena olevat kirjat l\u00f6ytyiv\u00e4t syyskuun 11.1941.\" width=\"525\" height=\"350\" srcset=\"http:\/\/www.rukajarvensuunnanhistoriayhdistys.fi\/rukajarvikeskus\/wp-content\/uploads\/2015\/04\/21-Scan10391-1-1024x683.jpg 1024w, http:\/\/www.rukajarvensuunnanhistoriayhdistys.fi\/rukajarvikeskus\/wp-content\/uploads\/2015\/04\/21-Scan10391-1-300x200.jpg 300w\" sizes=\"auto, (max-width: 525px) 100vw, 525px\" \/><\/a><figcaption id=\"caption-attachment-1833\" class=\"wp-caption-text\">Rukaj\u00e4rven kyl\u00e4n keskell\u00e4 oleva koulu, jonka lattialta puheena olevat kirjat l\u00f6ytyiv\u00e4t syyskuun 11.1941.<\/figcaption><\/figure>\n<p>Klaus K\u00e4rkk\u00e4isen kokoelmat sis\u00e4lsiv\u00e4t huomattavan m\u00e4\u00e4r\u00e4n my\u00f6s ven\u00e4j\u00e4nkielist\u00e4 sotapropagandaa. P\u00e4\u00e4st\u00e4kseen tarkoin perille, mit\u00e4 vihollisuuksien osapuolet toisilleen kirjoittivat, Klaus opiskeli kansalaisopistossa Varpaisj\u00e4rvell\u00e4 ja Iisalmessa ven\u00e4j\u00e4n kielt\u00e4, joka taito h\u00e4nell\u00e4 oli edelleen tallella ja h\u00e4n suomensi tekstej\u00e4 haastattelussamme.<\/p>\n<p>Klaus K\u00e4rkk\u00e4inen toimi sodassa ja my\u00f6s sodan j\u00e4lkeen tykist\u00f6ss\u00e4. Tuo aselaji vaatii tarkkuutta, mik\u00e4 ilmeni h\u00e4nen toiminnassaan viel\u00e4 95-vuotiaana vanhuksena. Kaikilla asiakirjoilla oli tietty paikkansa, muisti tarkka ja ilmaisu t\u00e4sm\u00e4llist\u00e4.<\/p>\n<p>Jatkosodan alussa h\u00e4n toimi Rukaj\u00e4rven rintamalla ja sodan lopulla Karhum\u00e4en suunnalla.<\/p>\n<p>Klaus K\u00e4rkk\u00e4isen videohaastatteluun voi tutustua Iisalmen ja Lieksan Rukaj\u00e4rvi-keskuksissa, jonka haastattelun ote on n\u00e4ht\u00e4viss\u00e4 yhdistyksemme Rukaj\u00e4rvi-keskus YouTube-kanavalla. Ks. <a href=\"https:\/\/www.youtube.com\/watch?v=pL1zI6dtbv8\">T\u00c4\u00c4LT\u00c4<\/a>.<\/p>\n<p>H\u00e4nen harrastuksiinsa kieliopintojen lis\u00e4ksi kuului my\u00f6s kirjoittaminen aivan viimeiseen asti, joista otan esimerkin, runon &#8221;Unetar&#8221;. Siin\u00e4 tulee esille ik\u00e4\u00e4ntymisen kivut ja vaivat sek\u00e4 vuosikymmenten takainen sodan julmuus, mik\u00e4 n\u00e4kyy vahvasti my\u00f6s h\u00e4nen videohaastattelussaan. &#8221;Ihminen ei opi mist\u00e4\u00e4n &#8211; mit\u00e4\u00e4n.&#8221;<\/p>\n<p><strong>&#8221;Unetar&#8221;<\/strong><\/p>\n<p><a href=\"http:\/\/www.rukajarvensuunnanhistoriayhdistys.fi\/rukajarvikeskus\/wp-content\/uploads\/2015\/04\/Klaes-K\u00e4rkk\u00e4inen-runo-parmas.jpg\"><img loading=\"lazy\" decoding=\"async\" class=\"alignnone size-full wp-image-1830\" src=\"http:\/\/www.rukajarvensuunnanhistoriayhdistys.fi\/rukajarvikeskus\/wp-content\/uploads\/2015\/04\/Klaes-K\u00e4rkk\u00e4inen-runo-parmas.jpg\" alt=\"Klaes K\u00e4rkk\u00e4inen runo parmas\" width=\"1017\" height=\"381\" srcset=\"http:\/\/www.rukajarvensuunnanhistoriayhdistys.fi\/rukajarvikeskus\/wp-content\/uploads\/2015\/04\/Klaes-K\u00e4rkk\u00e4inen-runo-parmas.jpg 1017w, http:\/\/www.rukajarvensuunnanhistoriayhdistys.fi\/rukajarvikeskus\/wp-content\/uploads\/2015\/04\/Klaes-K\u00e4rkk\u00e4inen-runo-parmas-300x112.jpg 300w\" sizes=\"auto, (max-width: 1017px) 100vw, 1017px\" \/><\/a><\/p>\n<p>Klaus K\u00e4rkk\u00e4inen harrasti my\u00f6s muita taiteenaloja. H\u00e4n piirsi ja maalasi taideteoksia sek\u00e4 teki puuveistoksia.<\/p>\n<p>J\u00e4\u00e4mme kaipaamaan rehti\u00e4 suomalaista miest\u00e4, joka huolehti velvollisuuksistaan. Esit\u00e4mme Klaus K\u00e4rkk\u00e4isen omaisille surunvalittelumme.<\/p>\n<p>Siunaus on toimitettu 25.4.2015 Varpaisj\u00e4rven kirkossa l\u00e4heisten l\u00e4sn\u00e4 ollessa.<\/p>\n<p>Tenho Tikkanen\u00a0 puheenjohtaja<\/p>\n<p><strong>J.K.<\/strong> Klaus K\u00e4rkk\u00e4isen runossa tulee esille sana &#8221;Parmas&#8221;, mik\u00e4 vaatii selityksen ja lyhyen kertomuksen, miksi se esiintyy sotaveteraanin vuosikymmenten j\u00e4lkeen kirjoittamassa runossa.<\/p>\n<p><strong><strong>Parmas<\/strong><\/strong> on vanha suomalainen halkojen, heinien ja olkien kooltaan vaihteleva tilavuuden mittayksikk\u00f6. Halkopinon koon mittayksikk\u00f6n\u00e4 parmas vastasi 4 kyyn\u00e4r\u00e4\u00e4 (2,38 metri\u00e4) pitk\u00e4\u00e4 ja 3 kyyn\u00e4r\u00e4\u00e4 (1,78 m) korkeata pinoa. Hein\u00e4mittana parmaan koko vaihteli, mutta esimerkiksi vuoden 1688 maanmittausasetuksen mukaan yksi kruununparmas oli yht\u00e4 kuin yksi kuutiosyli, joka oli 5,65 kuutiometri\u00e4. \u00a0It\u00e4-Suomessa laskettiin olkikauppoja teht\u00e4ess\u00e4 16\u201318 kuvosta tulevan parmas.<\/p>\n<p>Viipurin l\u00e4\u00e4nin tilikirjassa vuodelta 1556 m\u00e4\u00e4ritell\u00e4\u00e4n parmaan kooksi se m\u00e4\u00e4r\u00e4 heini\u00e4, joka mahtuu ristiin sidottuun 4 sylen (7,13 m) pituiseen nuoraan, ja joka t\u00e4ss\u00e4 nuorassa kannetaan Viipurin linnaan. S\u00e4\u00e4ksm\u00e4en vuoden 1568 verokirjan mukaan parmas oli se hein\u00e4m\u00e4\u00e4r\u00e4, joka mahtui 8 kyyn\u00e4r\u00e4n (4,75 m) nuoraan. Sit\u00e4 ei mainita oliko nuora vedetty ristiin vai ei. Savossa katsottiin 1500-luvulla parmaaseen menev\u00e4n heini\u00e4 4 rukoa.<\/p>\n<p>Sota-aikana my\u00f6s rintamasotilaat osallistuivat mottitalkoisiin. Jokaisen teltan ja korsun ovansuussa oli &#8221;Parmas&#8221;. Is\u00e4ni kertoo tarinan Parmaksesta: Ensimm\u00e4iselle lomalle h\u00e4n p\u00e4\u00e4si loka- marraskuun vaihteessa 1941. Palattuaan rintamalle yksikk\u00f6 (Kev.Os. 2) oli hajotettu, h\u00e4nen uusi yksikk\u00f6ns\u00e4 oli III\/JR 10:n \u00a07. komppania, jonka komentopaikka ei ollut en\u00e4\u00e4 Rukaj\u00e4rven kyl\u00e4n liepeill\u00e4 Vansj\u00e4rven rannalla, vaan Rukaj\u00e4rvelt\u00e4 45 kilometrin p\u00e4\u00e4ss\u00e4 etel\u00e4\u00e4n sijaitsevan Ontaj\u00e4rven Halosen niemess\u00e4. Niinp\u00e4 h\u00e4n joutui jalan kotirintaman tuliaisten kanssa matkaamaan uuteen paikkaan. Vansj\u00e4rven j\u00e4\u00e4lle p\u00e4\u00e4sty\u00e4\u00e4n vihollisen h\u00e4vitt\u00e4j\u00e4 jahtasi j\u00e4\u00e4ll\u00e4 yksin &#8221;viholaiss\u00e4kki&#8221; sel\u00e4ss\u00e4 etenev\u00e4\u00e4 sotilasta. Siit\u00e4 selvittiin ihmeen kaupalla hengiss\u00e4. Jo pime\u00e4n tultua h\u00e4n saapui Ontaj\u00e4rvelle, ty\u00f6ntyi t\u00e4ynn\u00e4 olevaan telttaan. Unessa olevia asevelji\u00e4 ei voinut her\u00e4tell\u00e4, joten h\u00e4n sijasi teltan ovensuussa olevan halkopinon &#8221;parmaksen&#8221; nukkumakuntoon, laittoi manttelin sen p\u00e4\u00e4lle ja nukahti, kunnes tuli kaminassa hiipui ja kylmyys her\u00e4tti lis\u00e4\u00e4m\u00e4\u00e4n puita. Parmas oli siten jokaisen rintamamiehen tuttu, useimmiten kovin kylm\u00e4 ovensuussa vuoteena k\u00e4ytetty halkopino, kuten Klaus K\u00e4rkk\u00e4inen sen osuvasti runossaan kuvailee.<\/p>\n","protected":false},"excerpt":{"rendered":"<p>Sota on p\u00e4\u00e4ttynyt \u00a0&#8211;\u00a0 Klaus K\u00e4rkk\u00e4inen on poissa T\u00e4n\u00e4\u00e4n 27.4.2015 Kansallisena veteraanip\u00e4iv\u00e4n\u00e4 julkaisemme Klaus K\u00e4rkk\u00e4isen muistokirjoituksen. H\u00e4n kuoli 9.4.2015 98-vuotiaana lyhyen sairastelun j\u00e4lkeen. Tapasin h\u00e4net Iisalmen sotaveteraanien Vetre\u00e4 terveys -nimisess\u00e4 <a class=\"more-link\" href=\"http:\/\/www.rukajarvensuunnanhistoriayhdistys.fi\/rukajarvikeskus\/ajankohtaista\/klaus-karkkainen-on-poissa\/\">Lue lis\u00e4\u00e4&#8230;<span class=\"screen-reader-text\">Klaus K\u00e4rkk\u00e4inen on poissa<\/span><span class=\"meta-nav\">\u2192<\/span><\/a><\/p>\n","protected":false},"author":4,"featured_media":1832,"comment_status":"closed","ping_status":"open","sticky":false,"template":"","format":"standard","meta":{"ngg_post_thumbnail":0,"_jetpack_newsletter_access":"","_jetpack_dont_email_post_to_subs":false,"_jetpack_newsletter_tier_id":0,"_jetpack_memberships_contains_paywalled_content":false,"_jetpack_memberships_contains_paid_content":false,"footnotes":""},"categories":[26],"tags":[],"class_list":["post-1828","post","type-post","status-publish","format-standard","has-post-thumbnail","hentry","category-ajankohtaista"],"jetpack_featured_media_url":"http:\/\/www.rukajarvensuunnanhistoriayhdistys.fi\/rukajarvikeskus\/wp-content\/uploads\/2015\/04\/DSC03380.jpg","jetpack_sharing_enabled":true,"jetpack_shortlink":"https:\/\/wp.me\/p72N2f-tu","_links":{"self":[{"href":"http:\/\/www.rukajarvensuunnanhistoriayhdistys.fi\/rukajarvikeskus\/wp-json\/wp\/v2\/posts\/1828","targetHints":{"allow":["GET"]}}],"collection":[{"href":"http:\/\/www.rukajarvensuunnanhistoriayhdistys.fi\/rukajarvikeskus\/wp-json\/wp\/v2\/posts"}],"about":[{"href":"http:\/\/www.rukajarvensuunnanhistoriayhdistys.fi\/rukajarvikeskus\/wp-json\/wp\/v2\/types\/post"}],"author":[{"embeddable":true,"href":"http:\/\/www.rukajarvensuunnanhistoriayhdistys.fi\/rukajarvikeskus\/wp-json\/wp\/v2\/users\/4"}],"replies":[{"embeddable":true,"href":"http:\/\/www.rukajarvensuunnanhistoriayhdistys.fi\/rukajarvikeskus\/wp-json\/wp\/v2\/comments?post=1828"}],"version-history":[{"count":3,"href":"http:\/\/www.rukajarvensuunnanhistoriayhdistys.fi\/rukajarvikeskus\/wp-json\/wp\/v2\/posts\/1828\/revisions"}],"predecessor-version":[{"id":1842,"href":"http:\/\/www.rukajarvensuunnanhistoriayhdistys.fi\/rukajarvikeskus\/wp-json\/wp\/v2\/posts\/1828\/revisions\/1842"}],"wp:featuredmedia":[{"embeddable":true,"href":"http:\/\/www.rukajarvensuunnanhistoriayhdistys.fi\/rukajarvikeskus\/wp-json\/wp\/v2\/media\/1832"}],"wp:attachment":[{"href":"http:\/\/www.rukajarvensuunnanhistoriayhdistys.fi\/rukajarvikeskus\/wp-json\/wp\/v2\/media?parent=1828"}],"wp:term":[{"taxonomy":"category","embeddable":true,"href":"http:\/\/www.rukajarvensuunnanhistoriayhdistys.fi\/rukajarvikeskus\/wp-json\/wp\/v2\/categories?post=1828"},{"taxonomy":"post_tag","embeddable":true,"href":"http:\/\/www.rukajarvensuunnanhistoriayhdistys.fi\/rukajarvikeskus\/wp-json\/wp\/v2\/tags?post=1828"}],"curies":[{"name":"wp","href":"https:\/\/api.w.org\/{rel}","templated":true}]}}