{"id":1849,"date":"2015-04-24T23:01:52","date_gmt":"2015-04-24T20:01:52","guid":{"rendered":"http:\/\/www.rukajarvensuunnanhistoriayhdistys.fi\/rukajarvikeskus\/?p=1849"},"modified":"2015-04-25T00:39:04","modified_gmt":"2015-04-24T21:39:04","slug":"rovasti-lahetystyontekija-paivo-parviainen-eli-niin-kuin-puhui","status":"publish","type":"post","link":"http:\/\/www.rukajarvensuunnanhistoriayhdistys.fi\/rukajarvikeskus\/ajankohtaista\/rovasti-lahetystyontekija-paivo-parviainen-eli-niin-kuin-puhui\/","title":{"rendered":"Rovasti l\u00e4hetysty\u00f6ntekij\u00e4 &#8211; P\u00e4iv\u00f6 Parviainen &#8211; eli niin kuin puhui"},"content":{"rendered":"<div class=\"fcbkbttn_buttons_block\" id=\"fcbkbttn_left\"><div class=\"fcbkbttn_like \"><fb:like href=\"http:\/\/www.rukajarvensuunnanhistoriayhdistys.fi\/rukajarvikeskus\/ajankohtaista\/rovasti-lahetystyontekija-paivo-parviainen-eli-niin-kuin-puhui\/\" action=\"like\" colorscheme=\"light\" layout=\"button_count\"  size=\"small\"><\/fb:like><\/div><\/div><p>Rovasti <strong><strong>P\u00e4iv\u00f6 Parviainen<\/strong><\/strong> (19. 6. 1912\u2013 19. 4. 2015) oli tunnettu henkil\u00f6 monelta saralta. H\u00e4n oli suomalainen evankelis-luterilaisen kirkon pappi, l\u00e4hetysty\u00f6ntekij\u00e4 ja Kiinan kulttuurin tuntija, joka viimeiseen asti k\u00e4ytti Luojan h\u00e4nelle antamia puheenlahjoja.<\/p>\n<figure id=\"attachment_1852\" aria-describedby=\"caption-attachment-1852\" style=\"width: 550px\" class=\"wp-caption alignnone\"><a href=\"http:\/\/www.rukajarvensuunnanhistoriayhdistys.fi\/rukajarvikeskus\/wp-content\/uploads\/2015\/04\/Wikipediasta-P\u00e4iv\u00f6_Parviainen1.jpg\"><img loading=\"lazy\" decoding=\"async\" class=\"size-full wp-image-1852\" src=\"http:\/\/www.rukajarvensuunnanhistoriayhdistys.fi\/rukajarvikeskus\/wp-content\/uploads\/2015\/04\/Wikipediasta-P\u00e4iv\u00f6_Parviainen1.jpg\" alt=\"Rovasti P\u00e4iv\u00f6 Parviainen Lehtom\u00e4en hoitokodissa 24.9.2011, jossa h\u00e4n samana p\u00e4iv\u00e4n\u00e4 piti nelj\u00e4 puhetta.\" width=\"550\" height=\"599\" srcset=\"http:\/\/www.rukajarvensuunnanhistoriayhdistys.fi\/rukajarvikeskus\/wp-content\/uploads\/2015\/04\/Wikipediasta-P\u00e4iv\u00f6_Parviainen1.jpg 550w, http:\/\/www.rukajarvensuunnanhistoriayhdistys.fi\/rukajarvikeskus\/wp-content\/uploads\/2015\/04\/Wikipediasta-P\u00e4iv\u00f6_Parviainen1-275x300.jpg 275w\" sizes=\"auto, (max-width: 550px) 100vw, 550px\" \/><\/a><figcaption id=\"caption-attachment-1852\" class=\"wp-caption-text\">Rovasti P\u00e4iv\u00f6 Parviainen Lehtom\u00e4en hoitokodissa 24.9.2011, jossa h\u00e4n samana p\u00e4iv\u00e4n\u00e4 piti nelj\u00e4 puhetta.<\/figcaption><\/figure>\n<p>Saatoin ihastella t\u00e4m\u00e4n sodank\u00e4yneen vanhuksen puhujan taitoja syyskuun lopulla 2011, jolloin menimme pielavetisen \u00a0Rukaj\u00e4rven veteraani V\u00e4in\u00f6 Malisen ja yst\u00e4v\u00e4ni Antero Huttusen kanssa haastattelemaan h\u00e4nt\u00e4 Nilsi\u00e4n Lehtom\u00e4enkotiin. Tuolloin P\u00e4iv\u00f6 Parviainen oli jo 99-vuotias. H\u00e4n piti tuon p\u00e4iv\u00e4n aikana nelj\u00e4 pitk\u00e4\u00e4 puhetta , luetteli raamatun kohtia ulkoa. Uskomaton mies ja ikimuistoinen veteraanien kohtaaminen tallentuivat nauhalle. Nauhoitus on n\u00e4ht\u00e4viss\u00e4\u00a0 Rukaj\u00e4rvi-keskuksissa.<\/p>\n<p>Parviainen syntyi laivanvarustajan kymmenlapsiseen perheeseen Joensuussa. Parviaisen uskonnonopettajana toimi Lauri Pohjanp\u00e4\u00e4, joka kannusti pappisuralle. Parviainen vihittiin papiksi vuonna 1935. \u00a0Parviainen kuunteli my\u00f6s Kiinasta tulleiden l\u00e4hetyssaarnaajien kertomuksia, \u00a0mik\u00e4 johdatti h\u00e4net l\u00e4htem\u00e4\u00e4n l\u00e4hetysteht\u00e4viin Kiinaan. Manner-Kiinassa h\u00e4n toimi vuodet 1946\u20131953, jossa joutui kokemaan Mao Zedongin valtaannousun ja n\u00e4ki Kiinan Kansantasavallan perustamisen sek\u00e4 1. lokakuuta 1949 kommunistisen vallankumouksen. Olojen k\u00e4yty\u00e4 levottomammiksi Maon kulttuurivallankumouksen edell\u00e4, Parviainen palasi Suomeen. J\u00e4lkeenp\u00e4in h\u00e4n on julkisuudessakin todennut, ett\u00e4 mik\u00e4li h\u00e4n olisi tiennyt mink\u00e4laisiin vaikeuksiin Kiinassa joutui, h\u00e4n ei olisi sinne l\u00e4htenyt.<\/p>\n<p>Sellainen ihminen, joka on selviytynyt hengiss\u00e4 sodasta ja Kiinan vallankumouksen py\u00f6rteist\u00e4 on kokenut paljon.<\/p>\n<p>My\u00f6hemmin Parviainen matkusti viel\u00e4 Taiwanille vuosiksi 1956\u20131972 ja ty\u00f6skenteli t\u00e4m\u00e4n j\u00e4lkeen vaimonsa kanssa Helsingiss\u00e4 Vietnamin venepakolaisten parissa. Vanhoilla p\u00e4ivill\u00e4\u00e4nkin h\u00e4n jatkoi seurakuntaty\u00f6t\u00e4. Vuodesta 2011 P\u00e4iv\u00f6 Parviainen asui Nilsi\u00e4n kaupungissa Lehtom\u00e4en P\u00e4iv\u00f6l\u00e4n kodissa, joka oli h\u00e4nt\u00e4 varten rakennettu (P\u00e4iv\u00f6l\u00e4n kodista enemm\u00e4n mm.\u00a0 Parviaisten sukuseuran lehdest\u00e4 29\/2011, jonka voit lukea <a href=\"http:\/\/parviaistensukuseura.fi\/PP29_2011.pdf\">T\u00c4\u00c4LT\u00c4<\/a>.)<\/p>\n<figure id=\"attachment_1850\" aria-describedby=\"caption-attachment-1850\" style=\"width: 525px\" class=\"wp-caption alignnone\"><a href=\"http:\/\/www.rukajarvensuunnanhistoriayhdistys.fi\/rukajarvikeskus\/wp-content\/uploads\/2015\/04\/1942-Arvi-Simojoki-ja-P\u00e4iv\u00f6-Parviainen-jakavat-ehtoollista-s-1-2.jpg\"><img loading=\"lazy\" decoding=\"async\" class=\"size-large wp-image-1850\" src=\"http:\/\/www.rukajarvensuunnanhistoriayhdistys.fi\/rukajarvikeskus\/wp-content\/uploads\/2015\/04\/1942-Arvi-Simojoki-ja-P\u00e4iv\u00f6-Parviainen-jakavat-ehtoollista-s-1-2-1024x724.jpg\" alt=\"Arvi Simojoki ja P\u00e4iv\u00f6 Parviainen jakavat Kiuruveden kirkossa ehtoollista alokkaille, jotka k\u00e4viv\u00e4t rippikoulunsa asevelvollisuusaikana v. 1942.\" width=\"525\" height=\"371\" srcset=\"http:\/\/www.rukajarvensuunnanhistoriayhdistys.fi\/rukajarvikeskus\/wp-content\/uploads\/2015\/04\/1942-Arvi-Simojoki-ja-P\u00e4iv\u00f6-Parviainen-jakavat-ehtoollista-s-1-2-1024x724.jpg 1024w, http:\/\/www.rukajarvensuunnanhistoriayhdistys.fi\/rukajarvikeskus\/wp-content\/uploads\/2015\/04\/1942-Arvi-Simojoki-ja-P\u00e4iv\u00f6-Parviainen-jakavat-ehtoollista-s-1-2-300x212.jpg 300w, http:\/\/www.rukajarvensuunnanhistoriayhdistys.fi\/rukajarvikeskus\/wp-content\/uploads\/2015\/04\/1942-Arvi-Simojoki-ja-P\u00e4iv\u00f6-Parviainen-jakavat-ehtoollista-s-1-2.jpg 1754w\" sizes=\"auto, (max-width: 525px) 100vw, 525px\" \/><\/a><figcaption id=\"caption-attachment-1850\" class=\"wp-caption-text\">Arvi Simojoki ja P\u00e4iv\u00f6 Parviainen jakavat Kiuruveden kirkossa ehtoollista alokkaille, jotka k\u00e4viv\u00e4t rippikoulunsa asevelvollisuusaikana v. 1942.<\/figcaption><\/figure>\n<p>Jatkosodan alussa P\u00e4iv\u00f6 Parviainen toimi Kiuruvedell\u00e4 Koulutuskeskus 14 pappina ja siirtyi sitten Rukaj\u00e4rvelle JR 52 rintamapapiksi, joista ajoista monet veteraanit ovat h\u00e4nt\u00e4 kiitollisena muistelleet.<\/p>\n<p>Lehtom\u00e4en hoitokodissa 24.9.2011 tehty nauhoitus (1 tunti 10 min) on kokonaisuudessaan n\u00e4ht\u00e4viss\u00e4 Rukaj\u00e4rvi-keskuksissa, josta ote on julkaistu RSHY:n YouTube-kanavalla rukajarvikeskus ja katsottavissa <a href=\"https:\/\/www.youtube.com\/watch?v=uiK5aWETfO0\">T\u00c4\u00c4LT\u00c4<\/a>.<\/p>\n<p><a href=\"http:\/\/www.rukajarvensuunnanhistoriayhdistys.fi\/rukajarvikeskus\/wp-content\/uploads\/2015\/04\/P\u00e4iv\u00f6-Parviainen-Iisaalmen-sanomat-14-9-2009.jpg\"><img loading=\"lazy\" decoding=\"async\" class=\"size-large wp-image-1851\" src=\"http:\/\/www.rukajarvensuunnanhistoriayhdistys.fi\/rukajarvikeskus\/wp-content\/uploads\/2015\/04\/P\u00e4iv\u00f6-Parviainen-Iisaalmen-sanomat-14-9-2009-700x1024.jpg\" alt=\"Iisalmen sanomien artikkeli 14.9.2009. Kaisa Niskasen arkistosta.\" width=\"525\" height=\"768\" srcset=\"http:\/\/www.rukajarvensuunnanhistoriayhdistys.fi\/rukajarvikeskus\/wp-content\/uploads\/2015\/04\/P\u00e4iv\u00f6-Parviainen-Iisaalmen-sanomat-14-9-2009-700x1024.jpg 700w, http:\/\/www.rukajarvensuunnanhistoriayhdistys.fi\/rukajarvikeskus\/wp-content\/uploads\/2015\/04\/P\u00e4iv\u00f6-Parviainen-Iisaalmen-sanomat-14-9-2009-205x300.jpg 205w, http:\/\/www.rukajarvensuunnanhistoriayhdistys.fi\/rukajarvikeskus\/wp-content\/uploads\/2015\/04\/P\u00e4iv\u00f6-Parviainen-Iisaalmen-sanomat-14-9-2009.jpg 948w\" sizes=\"auto, (max-width: 525px) 100vw, 525px\" \/><\/a><\/p>\n","protected":false},"excerpt":{"rendered":"<p>Rovasti P\u00e4iv\u00f6 Parviainen (19. 6. 1912\u2013 19. 4. 2015) oli tunnettu henkil\u00f6 monelta saralta. H\u00e4n oli suomalainen evankelis-luterilaisen kirkon pappi, l\u00e4hetysty\u00f6ntekij\u00e4 ja Kiinan kulttuurin tuntija, joka viimeiseen asti k\u00e4ytti Luojan <a class=\"more-link\" href=\"http:\/\/www.rukajarvensuunnanhistoriayhdistys.fi\/rukajarvikeskus\/ajankohtaista\/rovasti-lahetystyontekija-paivo-parviainen-eli-niin-kuin-puhui\/\">Lue lis\u00e4\u00e4&#8230;<span class=\"screen-reader-text\">Rovasti l\u00e4hetysty\u00f6ntekij\u00e4 &#8211; P\u00e4iv\u00f6 Parviainen &#8211; eli niin kuin puhui<\/span><span class=\"meta-nav\">\u2192<\/span><\/a><\/p>\n","protected":false},"author":4,"featured_media":0,"comment_status":"closed","ping_status":"open","sticky":false,"template":"","format":"standard","meta":{"ngg_post_thumbnail":0,"_jetpack_newsletter_access":"","_jetpack_dont_email_post_to_subs":false,"_jetpack_newsletter_tier_id":0,"_jetpack_memberships_contains_paywalled_content":false,"_jetpack_memberships_contains_paid_content":false,"footnotes":""},"categories":[26],"tags":[],"class_list":["post-1849","post","type-post","status-publish","format-standard","hentry","category-ajankohtaista"],"jetpack_featured_media_url":"","jetpack_sharing_enabled":true,"jetpack_shortlink":"https:\/\/wp.me\/p72N2f-tP","_links":{"self":[{"href":"http:\/\/www.rukajarvensuunnanhistoriayhdistys.fi\/rukajarvikeskus\/wp-json\/wp\/v2\/posts\/1849","targetHints":{"allow":["GET"]}}],"collection":[{"href":"http:\/\/www.rukajarvensuunnanhistoriayhdistys.fi\/rukajarvikeskus\/wp-json\/wp\/v2\/posts"}],"about":[{"href":"http:\/\/www.rukajarvensuunnanhistoriayhdistys.fi\/rukajarvikeskus\/wp-json\/wp\/v2\/types\/post"}],"author":[{"embeddable":true,"href":"http:\/\/www.rukajarvensuunnanhistoriayhdistys.fi\/rukajarvikeskus\/wp-json\/wp\/v2\/users\/4"}],"replies":[{"embeddable":true,"href":"http:\/\/www.rukajarvensuunnanhistoriayhdistys.fi\/rukajarvikeskus\/wp-json\/wp\/v2\/comments?post=1849"}],"version-history":[{"count":1,"href":"http:\/\/www.rukajarvensuunnanhistoriayhdistys.fi\/rukajarvikeskus\/wp-json\/wp\/v2\/posts\/1849\/revisions"}],"predecessor-version":[{"id":1853,"href":"http:\/\/www.rukajarvensuunnanhistoriayhdistys.fi\/rukajarvikeskus\/wp-json\/wp\/v2\/posts\/1849\/revisions\/1853"}],"wp:attachment":[{"href":"http:\/\/www.rukajarvensuunnanhistoriayhdistys.fi\/rukajarvikeskus\/wp-json\/wp\/v2\/media?parent=1849"}],"wp:term":[{"taxonomy":"category","embeddable":true,"href":"http:\/\/www.rukajarvensuunnanhistoriayhdistys.fi\/rukajarvikeskus\/wp-json\/wp\/v2\/categories?post=1849"},{"taxonomy":"post_tag","embeddable":true,"href":"http:\/\/www.rukajarvensuunnanhistoriayhdistys.fi\/rukajarvikeskus\/wp-json\/wp\/v2\/tags?post=1849"}],"curies":[{"name":"wp","href":"https:\/\/api.w.org\/{rel}","templated":true}]}}