{"id":1854,"date":"2015-04-24T23:51:50","date_gmt":"2015-04-24T20:51:50","guid":{"rendered":"http:\/\/www.rukajarvensuunnanhistoriayhdistys.fi\/rukajarvikeskus\/?p=1854"},"modified":"2015-04-25T00:38:12","modified_gmt":"2015-04-24T21:38:12","slug":"radiosandelsin-kansallisen-veteraanipaivan-lahetykset","status":"publish","type":"post","link":"http:\/\/www.rukajarvensuunnanhistoriayhdistys.fi\/rukajarvikeskus\/ajankohtaista\/radiosandelsin-kansallisen-veteraanipaivan-lahetykset\/","title":{"rendered":"RadioSandelsin Kansallisen veteraanip\u00e4iv\u00e4n l\u00e4hetykset"},"content":{"rendered":"<div class=\"fcbkbttn_buttons_block\" id=\"fcbkbttn_left\"><div class=\"fcbkbttn_like \"><fb:like href=\"http:\/\/www.rukajarvensuunnanhistoriayhdistys.fi\/rukajarvikeskus\/ajankohtaista\/radiosandelsin-kansallisen-veteraanipaivan-lahetykset\/\" action=\"like\" colorscheme=\"light\" layout=\"button_count\"  size=\"small\"><\/fb:like><\/div><\/div><p>Radio Sandelsin aalloilla kuullaan Kuopion hiippakunnan piispan Jari Jolkkosen Iisalmen Rukaj\u00e4rvi-keskuksessa 13.3.2015 j\u00e4rjestetty tilaisuus uusintana kokonaisuudessaan. L\u00e4hetys tulee ulos Kansallisena veteraanip\u00e4iv\u00e4n\u00e4 27.4.2015 klo 9.00 alkaen.<\/p>\n<p>Piispa Jari Jolkkosen vierailusta on julkaistu aiemmin yhdistyksemme nettisivuilla juttu ja lis\u00e4ksi yhdistyksen YouTube-kanavalla on piispan puheenvuoro, jonka voitte kuulla <a href=\"https:\/\/www.youtube.com\/watch?v=zuWuuINj5R8\">T\u00c4\u00c4LT\u00c4<\/a>:<\/p>\n<figure id=\"attachment_1752\" aria-describedby=\"caption-attachment-1752\" style=\"width: 500px\" class=\"wp-caption alignnone\"><a href=\"http:\/\/www.rukajarvensuunnanhistoriayhdistys.fi\/rukajarvikeskus\/wp-content\/uploads\/2015\/03\/Kuopion-hiippakunnan-piispa-Jari-Jolkkonen.jpg\"><img loading=\"lazy\" decoding=\"async\" class=\"size-full wp-image-1752\" src=\"http:\/\/www.rukajarvensuunnanhistoriayhdistys.fi\/rukajarvikeskus\/wp-content\/uploads\/2015\/03\/Kuopion-hiippakunnan-piispa-Jari-Jolkkonen.jpg\" alt=\"Kuopion hiippakunnan piispa Jari Jolkkonen, kuva Juha Antikainen.\" width=\"500\" height=\"424\" srcset=\"http:\/\/www.rukajarvensuunnanhistoriayhdistys.fi\/rukajarvikeskus\/wp-content\/uploads\/2015\/03\/Kuopion-hiippakunnan-piispa-Jari-Jolkkonen.jpg 500w, http:\/\/www.rukajarvensuunnanhistoriayhdistys.fi\/rukajarvikeskus\/wp-content\/uploads\/2015\/03\/Kuopion-hiippakunnan-piispa-Jari-Jolkkonen-300x254.jpg 300w\" sizes=\"auto, (max-width: 500px) 100vw, 500px\" \/><\/a><figcaption id=\"caption-attachment-1752\" class=\"wp-caption-text\">Kuopion hiippakunnan piispa Jari Jolkkonen, kuva Juha Antikainen.<\/figcaption><\/figure>\n<p>Lis\u00e4ksi RadioSandels\u00a0on mukana\u00a0Yl\u00e4-Savon Maakunnallisen Veteraanip\u00e4iv\u00e4n tilaisuudessa\u00a0 27.4.2015, joka l\u00e4hetys alkaa\u00a0\u00a0iltap\u00e4iv\u00e4ll\u00e4. Juhla pidet\u00e4\u00e4n t\u00e4ll\u00e4 kertaa Iisalmen kulttuurikeskuksessa.<\/p>\n<p>RadioSandels kuuluu Pohjois-Savon alueella seuraavasti:<\/p>\n<p><strong>Iisalmen l\u00e4hetin<\/strong> 106,3 MHZ\u00a0\u00a0\u00a0 ja\u00a0\u00a0 <strong>Kuopion l\u00e4hetin<\/strong> 104,6 MHZ<\/p>\n<p>sek\u00e4 netin kautta\u00a0 <a href=\"http:\/\/www.radiosandels.fi\/nettiradio\/\">T\u00c4\u00c4LT\u00c4<\/a>.<\/p>\n<p><a href=\"http:\/\/www.rukajarvensuunnanhistoriayhdistys.fi\/rukajarvikeskus\/wp-content\/uploads\/2015\/04\/Radiosandels.jpg\"><img loading=\"lazy\" decoding=\"async\" class=\"alignnone size-full wp-image-1855\" src=\"http:\/\/www.rukajarvensuunnanhistoriayhdistys.fi\/rukajarvikeskus\/wp-content\/uploads\/2015\/04\/Radiosandels.jpg\" alt=\"Radiosandels\" width=\"960\" height=\"784\" srcset=\"http:\/\/www.rukajarvensuunnanhistoriayhdistys.fi\/rukajarvikeskus\/wp-content\/uploads\/2015\/04\/Radiosandels.jpg 960w, http:\/\/www.rukajarvensuunnanhistoriayhdistys.fi\/rukajarvikeskus\/wp-content\/uploads\/2015\/04\/Radiosandels-300x245.jpg 300w\" sizes=\"auto, (max-width: 960px) 100vw, 960px\" \/><\/a><\/p>\n","protected":false},"excerpt":{"rendered":"<p>Radio Sandelsin aalloilla kuullaan Kuopion hiippakunnan piispan Jari Jolkkosen Iisalmen Rukaj\u00e4rvi-keskuksessa 13.3.2015 j\u00e4rjestetty tilaisuus uusintana kokonaisuudessaan. L\u00e4hetys tulee ulos Kansallisena veteraanip\u00e4iv\u00e4n\u00e4 27.4.2015 klo 9.00 alkaen. Piispa Jari Jolkkosen vierailusta on <a class=\"more-link\" href=\"http:\/\/www.rukajarvensuunnanhistoriayhdistys.fi\/rukajarvikeskus\/ajankohtaista\/radiosandelsin-kansallisen-veteraanipaivan-lahetykset\/\">Lue lis\u00e4\u00e4&#8230;<span class=\"screen-reader-text\">RadioSandelsin Kansallisen veteraanip\u00e4iv\u00e4n l\u00e4hetykset<\/span><span class=\"meta-nav\">\u2192<\/span><\/a><\/p>\n","protected":false},"author":4,"featured_media":0,"comment_status":"closed","ping_status":"open","sticky":false,"template":"","format":"standard","meta":{"ngg_post_thumbnail":0,"_jetpack_newsletter_access":"","_jetpack_dont_email_post_to_subs":false,"_jetpack_newsletter_tier_id":0,"_jetpack_memberships_contains_paywalled_content":false,"_jetpack_memberships_contains_paid_content":false,"footnotes":""},"categories":[26],"tags":[],"class_list":["post-1854","post","type-post","status-publish","format-standard","hentry","category-ajankohtaista"],"jetpack_featured_media_url":"","jetpack_sharing_enabled":true,"jetpack_shortlink":"https:\/\/wp.me\/p72N2f-tU","_links":{"self":[{"href":"http:\/\/www.rukajarvensuunnanhistoriayhdistys.fi\/rukajarvikeskus\/wp-json\/wp\/v2\/posts\/1854","targetHints":{"allow":["GET"]}}],"collection":[{"href":"http:\/\/www.rukajarvensuunnanhistoriayhdistys.fi\/rukajarvikeskus\/wp-json\/wp\/v2\/posts"}],"about":[{"href":"http:\/\/www.rukajarvensuunnanhistoriayhdistys.fi\/rukajarvikeskus\/wp-json\/wp\/v2\/types\/post"}],"author":[{"embeddable":true,"href":"http:\/\/www.rukajarvensuunnanhistoriayhdistys.fi\/rukajarvikeskus\/wp-json\/wp\/v2\/users\/4"}],"replies":[{"embeddable":true,"href":"http:\/\/www.rukajarvensuunnanhistoriayhdistys.fi\/rukajarvikeskus\/wp-json\/wp\/v2\/comments?post=1854"}],"version-history":[{"count":1,"href":"http:\/\/www.rukajarvensuunnanhistoriayhdistys.fi\/rukajarvikeskus\/wp-json\/wp\/v2\/posts\/1854\/revisions"}],"predecessor-version":[{"id":1856,"href":"http:\/\/www.rukajarvensuunnanhistoriayhdistys.fi\/rukajarvikeskus\/wp-json\/wp\/v2\/posts\/1854\/revisions\/1856"}],"wp:attachment":[{"href":"http:\/\/www.rukajarvensuunnanhistoriayhdistys.fi\/rukajarvikeskus\/wp-json\/wp\/v2\/media?parent=1854"}],"wp:term":[{"taxonomy":"category","embeddable":true,"href":"http:\/\/www.rukajarvensuunnanhistoriayhdistys.fi\/rukajarvikeskus\/wp-json\/wp\/v2\/categories?post=1854"},{"taxonomy":"post_tag","embeddable":true,"href":"http:\/\/www.rukajarvensuunnanhistoriayhdistys.fi\/rukajarvikeskus\/wp-json\/wp\/v2\/tags?post=1854"}],"curies":[{"name":"wp","href":"https:\/\/api.w.org\/{rel}","templated":true}]}}