{"id":1861,"date":"2015-05-09T23:14:13","date_gmt":"2015-05-09T20:14:13","guid":{"rendered":"http:\/\/www.rukajarvensuunnanhistoriayhdistys.fi\/rukajarvikeskus\/?p=1861"},"modified":"2015-05-09T23:14:41","modified_gmt":"2015-05-09T20:14:41","slug":"jukolan-motti-pirtti-on-maalattu","status":"publish","type":"post","link":"http:\/\/www.rukajarvensuunnanhistoriayhdistys.fi\/rukajarvikeskus\/ajankohtaista\/jukolan-motti-pirtti-on-maalattu\/","title":{"rendered":"Jukolan Motti -pirtti on maalattu"},"content":{"rendered":"<div class=\"fcbkbttn_buttons_block\" id=\"fcbkbttn_left\"><div class=\"fcbkbttn_like \"><fb:like href=\"http:\/\/www.rukajarvensuunnanhistoriayhdistys.fi\/rukajarvikeskus\/ajankohtaista\/jukolan-motti-pirtti-on-maalattu\/\" action=\"like\" colorscheme=\"light\" layout=\"button_count\"  size=\"small\"><\/fb:like><\/div><\/div><p>Jukolan Motti -pirtti on nyt maalattu. Puuhakkaat kyl\u00e4yhdistyksen j\u00e4senet ryhtyiv\u00e4t tuumasta toimeen. <strong><strong>Raimo Saviranta, Heikki Turunen ja Tuomo Martikainen<\/strong><\/strong> saivat kaverikseen viel\u00e4 <strong><strong>Jouni K\u00f6nt\u00e4n<\/strong><\/strong> ja niin tuo arvorakennus on nyt maalattu. Aine, mill\u00e4 hirret k\u00e4siteltiin, on tervan polton yhteydess\u00e4 terva-astiotten p\u00e4\u00e4lt\u00e4 ker\u00e4tty\u00e4 liuosta, jota kutsutaan &#8221;tervan kusi&#8221; -nimell\u00e4.<\/p>\n<figure id=\"attachment_1866\" aria-describedby=\"caption-attachment-1866\" style=\"width: 480px\" class=\"wp-caption alignnone\"><a href=\"http:\/\/www.rukajarvensuunnanhistoriayhdistys.fi\/rukajarvikeskus\/wp-content\/uploads\/2015\/05\/IMG_2550-3.jpg\"><img loading=\"lazy\" decoding=\"async\" class=\"size-full wp-image-1866\" src=\"http:\/\/www.rukajarvensuunnanhistoriayhdistys.fi\/rukajarvikeskus\/wp-content\/uploads\/2015\/05\/IMG_2550-3.jpg\" alt=\"Jukolan motti -pirtti on maalattu. Kuvattuna takaa, Heikki Turunen.\" width=\"480\" height=\"360\" srcset=\"http:\/\/www.rukajarvensuunnanhistoriayhdistys.fi\/rukajarvikeskus\/wp-content\/uploads\/2015\/05\/IMG_2550-3.jpg 480w, http:\/\/www.rukajarvensuunnanhistoriayhdistys.fi\/rukajarvikeskus\/wp-content\/uploads\/2015\/05\/IMG_2550-3-300x225.jpg 300w\" sizes=\"auto, (max-width: 480px) 100vw, 480px\" \/><\/a><figcaption id=\"caption-attachment-1866\" class=\"wp-caption-text\">Jukolan motti -pirtti on maalattu. Kuvattuna takaa, Heikki Turunen.<\/figcaption><\/figure>\n<p>Rakennuksen vastaavaty\u00f6njohtaja Matti Kilpel\u00e4inen suositteli hirsien k\u00e4sittelemist\u00e4 perinteiseen tapaan. Lopullisen v\u00e4rins\u00e4 rakennus saa noin vuoden kuluttua.<\/p>\n<p>Jukolan Motti\u00a0 -pirtti on suosittu k\u00e4yntikohde, jossa pidet\u00e4\u00e4n ty\u00f6paikkojen ty\u00f6hyvinvointip\u00e4ivien ja edustustilaisuuksien lis\u00e4ksi syntym\u00e4p\u00e4ivi\u00e4, ja suuri m\u00e4\u00e4r\u00e4 k\u00e4vij\u00f6ist\u00e4 on yksityishenkil\u00f6it\u00e4 ja ryhmi\u00e4 ymp\u00e4ri maata.<\/p>\n<figure id=\"attachment_1865\" aria-describedby=\"caption-attachment-1865\" style=\"width: 480px\" class=\"wp-caption alignnone\"><a href=\"http:\/\/www.rukajarvensuunnanhistoriayhdistys.fi\/rukajarvikeskus\/wp-content\/uploads\/2015\/05\/IMG_2551-2.jpg\"><img loading=\"lazy\" decoding=\"async\" class=\"size-full wp-image-1865\" src=\"http:\/\/www.rukajarvensuunnanhistoriayhdistys.fi\/rukajarvikeskus\/wp-content\/uploads\/2015\/05\/IMG_2551-2.jpg\" alt=\"Jukolan motti -pirtti on maalattu. Kuvattuna edest\u00e4, Heikki Turunen.\" width=\"480\" height=\"360\" srcset=\"http:\/\/www.rukajarvensuunnanhistoriayhdistys.fi\/rukajarvikeskus\/wp-content\/uploads\/2015\/05\/IMG_2551-2.jpg 480w, http:\/\/www.rukajarvensuunnanhistoriayhdistys.fi\/rukajarvikeskus\/wp-content\/uploads\/2015\/05\/IMG_2551-2-300x225.jpg 300w\" sizes=\"auto, (max-width: 480px) 100vw, 480px\" \/><\/a><figcaption id=\"caption-attachment-1865\" class=\"wp-caption-text\">Jukolan motti -pirtti on maalattu. Kuvattuna edest\u00e4, Heikki Turunen.<\/figcaption><\/figure>\n<p>Rukaj\u00e4rven tielle tutustuvat voivat varata tilan my\u00f6s n\u00e4ihin ns. yksityisluontoisiin tilaisuuksiinsa RSHY:n nettisivulla olevan varauskirjan kautta. Vierailijoitten kannattaa k\u00e4ytt\u00e4\u00e4 my\u00f6s Joensuun yliopiston ja Arbonaut Oy:n kehitt\u00e4m\u00e4\u00e4 HeiJoe-opasj\u00e4rjestelm\u00e4\u00e4, josta l\u00f6ytyy Rukaj\u00e4rven tie-sivuston alla olevaa lis\u00e4tietoa.<\/p>\n","protected":false},"excerpt":{"rendered":"<p>Jukolan Motti -pirtti on nyt maalattu. Puuhakkaat kyl\u00e4yhdistyksen j\u00e4senet ryhtyiv\u00e4t tuumasta toimeen. Raimo Saviranta, Heikki Turunen ja Tuomo Martikainen saivat kaverikseen viel\u00e4 Jouni K\u00f6nt\u00e4n ja niin tuo arvorakennus on nyt <a class=\"more-link\" href=\"http:\/\/www.rukajarvensuunnanhistoriayhdistys.fi\/rukajarvikeskus\/ajankohtaista\/jukolan-motti-pirtti-on-maalattu\/\">Lue lis\u00e4\u00e4&#8230;<span class=\"screen-reader-text\">Jukolan Motti -pirtti on maalattu<\/span><span class=\"meta-nav\">\u2192<\/span><\/a><\/p>\n","protected":false},"author":4,"featured_media":1865,"comment_status":"closed","ping_status":"open","sticky":false,"template":"","format":"standard","meta":{"ngg_post_thumbnail":0,"_jetpack_newsletter_access":"","_jetpack_dont_email_post_to_subs":false,"_jetpack_newsletter_tier_id":0,"_jetpack_memberships_contains_paywalled_content":false,"_jetpack_memberships_contains_paid_content":false,"footnotes":""},"categories":[26],"tags":[],"class_list":["post-1861","post","type-post","status-publish","format-standard","has-post-thumbnail","hentry","category-ajankohtaista"],"jetpack_featured_media_url":"http:\/\/www.rukajarvensuunnanhistoriayhdistys.fi\/rukajarvikeskus\/wp-content\/uploads\/2015\/05\/IMG_2551-2.jpg","jetpack_sharing_enabled":true,"jetpack_shortlink":"https:\/\/wp.me\/p72N2f-u1","_links":{"self":[{"href":"http:\/\/www.rukajarvensuunnanhistoriayhdistys.fi\/rukajarvikeskus\/wp-json\/wp\/v2\/posts\/1861","targetHints":{"allow":["GET"]}}],"collection":[{"href":"http:\/\/www.rukajarvensuunnanhistoriayhdistys.fi\/rukajarvikeskus\/wp-json\/wp\/v2\/posts"}],"about":[{"href":"http:\/\/www.rukajarvensuunnanhistoriayhdistys.fi\/rukajarvikeskus\/wp-json\/wp\/v2\/types\/post"}],"author":[{"embeddable":true,"href":"http:\/\/www.rukajarvensuunnanhistoriayhdistys.fi\/rukajarvikeskus\/wp-json\/wp\/v2\/users\/4"}],"replies":[{"embeddable":true,"href":"http:\/\/www.rukajarvensuunnanhistoriayhdistys.fi\/rukajarvikeskus\/wp-json\/wp\/v2\/comments?post=1861"}],"version-history":[{"count":1,"href":"http:\/\/www.rukajarvensuunnanhistoriayhdistys.fi\/rukajarvikeskus\/wp-json\/wp\/v2\/posts\/1861\/revisions"}],"predecessor-version":[{"id":1867,"href":"http:\/\/www.rukajarvensuunnanhistoriayhdistys.fi\/rukajarvikeskus\/wp-json\/wp\/v2\/posts\/1861\/revisions\/1867"}],"wp:featuredmedia":[{"embeddable":true,"href":"http:\/\/www.rukajarvensuunnanhistoriayhdistys.fi\/rukajarvikeskus\/wp-json\/wp\/v2\/media\/1865"}],"wp:attachment":[{"href":"http:\/\/www.rukajarvensuunnanhistoriayhdistys.fi\/rukajarvikeskus\/wp-json\/wp\/v2\/media?parent=1861"}],"wp:term":[{"taxonomy":"category","embeddable":true,"href":"http:\/\/www.rukajarvensuunnanhistoriayhdistys.fi\/rukajarvikeskus\/wp-json\/wp\/v2\/categories?post=1861"},{"taxonomy":"post_tag","embeddable":true,"href":"http:\/\/www.rukajarvensuunnanhistoriayhdistys.fi\/rukajarvikeskus\/wp-json\/wp\/v2\/tags?post=1861"}],"curies":[{"name":"wp","href":"https:\/\/api.w.org\/{rel}","templated":true}]}}