{"id":1868,"date":"2015-05-09T23:20:42","date_gmt":"2015-05-09T20:20:42","guid":{"rendered":"http:\/\/www.rukajarvensuunnanhistoriayhdistys.fi\/rukajarvikeskus\/?p=1868"},"modified":"2015-05-09T23:23:03","modified_gmt":"2015-05-09T20:23:03","slug":"pioneerit-jo-46-kerran-yhdessa","status":"publish","type":"post","link":"http:\/\/www.rukajarvensuunnanhistoriayhdistys.fi\/rukajarvikeskus\/ajankohtaista\/pioneerit-jo-46-kerran-yhdessa\/","title":{"rendered":"Pioneerit jo 46. kerran yhdess\u00e4"},"content":{"rendered":"<div class=\"fcbkbttn_buttons_block\" id=\"fcbkbttn_left\"><div class=\"fcbkbttn_like \"><fb:like href=\"http:\/\/www.rukajarvensuunnanhistoriayhdistys.fi\/rukajarvikeskus\/ajankohtaista\/pioneerit-jo-46-kerran-yhdessa\/\" action=\"like\" colorscheme=\"light\" layout=\"button_count\"  size=\"small\"><\/fb:like><\/div><\/div><p>Rukaj\u00e4rvell\u00e4 PionP. 24:n joukkoihin l\u00e4hti Etel\u00e4-Pohjanmaalta t\u00e4ydennyksen\u00e4 per\u00e4ti 150 pioneeria. He ovat pit\u00e4neet yhteytt\u00e4 toisiinsa ja t\u00e4n\u00e4\u00e4n 9.5.2015 he kokoontuivat Lappaj\u00e4rvell\u00e4. En\u00e4\u00e4 tuosta joukosta on elossa kahdeksan ja 5 heist\u00e4 osallistui Lappaj\u00e4rven tilaisuuteen.<\/p>\n<figure id=\"attachment_1863\" aria-describedby=\"caption-attachment-1863\" style=\"width: 525px\" class=\"wp-caption alignnone\"><a href=\"http:\/\/www.rukajarvensuunnanhistoriayhdistys.fi\/rukajarvikeskus\/wp-content\/uploads\/2015\/05\/DSC01175-2.jpg\"><img loading=\"lazy\" decoding=\"async\" class=\"size-large wp-image-1863\" src=\"http:\/\/www.rukajarvensuunnanhistoriayhdistys.fi\/rukajarvikeskus\/wp-content\/uploads\/2015\/05\/DSC01175-2-1024x768.jpg\" alt=\"PionP. 24:n veteraani ovat kokoontuneet vuosittain per\u00e4ti 46 kertaa. Kuvassa Pauli Uusim\u00e4ki, Aarre \u00d6\u00f6rni, Toivo Pekkala, Yrj\u00f6 Savola ja Osmo Korkea-aho, Seppo Tallbacka, Riiita ja Mikko P\u00e4\u00e4llysaho sek\u00e4 edess\u00e4 Kerttu \u00d6\u00f6rni ja Eila Savola.\" width=\"525\" height=\"394\" srcset=\"http:\/\/www.rukajarvensuunnanhistoriayhdistys.fi\/rukajarvikeskus\/wp-content\/uploads\/2015\/05\/DSC01175-2-1024x768.jpg 1024w, http:\/\/www.rukajarvensuunnanhistoriayhdistys.fi\/rukajarvikeskus\/wp-content\/uploads\/2015\/05\/DSC01175-2-300x225.jpg 300w\" sizes=\"auto, (max-width: 525px) 100vw, 525px\" \/><\/a><figcaption id=\"caption-attachment-1863\" class=\"wp-caption-text\">PionP. 24:n veteraani ovat kokoontuneet vuosittain per\u00e4ti 46 kertaa. Kuvassa Pauli Uusim\u00e4ki, Aarre \u00d6\u00f6rni, Toivo Pekkala, Yrj\u00f6 Savola ja Osmo Korkea-aho, Seppo Tallbacka, Riiita ja Mikko P\u00e4\u00e4llysaho sek\u00e4 edess\u00e4 Kerttu \u00d6\u00f6rni ja Eila Savola.<\/figcaption><\/figure>\n<p>Tilaisuudessa hyv\u00e4ksyttiin tilit, valittiin luottamushenkil\u00f6t ja muistettiin edesmenneit\u00e4 veteraanivelji\u00e4 hiljaisella hetkell\u00e4. Puheenjohtajan teht\u00e4viss\u00e4 jatkaa Toivo Pekkala, sihteerin\u00e4 ja taloudenhoitajana Yrj\u00f6 Savola, muut toimikunnan j\u00e4senet ovat Heikki M\u00e4ki-Kojola, Aarre \u00d6\u00f6rni, ja Jussi Pitk\u00e4nen. T\u00e4ll\u00e4 kertaa toimikuntaa t\u00e4ydennettiin ja toimikuntaan tulivat Mikko P\u00e4\u00e4llysaho ja Seppo Tallbacka.<\/p>\n<p>Tilaisuuteen olivat tulleet kutsuttuina my\u00f6s Rukaj\u00e4rven suunnan historiayhdistyksen puheenjohtaja Tenho Tikkanen ja sihteeri Leevi Kuokkanen. Yhdistys muisti veteraaneja ja luovutti veteraaneille yhdistyksen standaarin.<\/p>\n<figure id=\"attachment_1862\" aria-describedby=\"caption-attachment-1862\" style=\"width: 525px\" class=\"wp-caption alignnone\"><a href=\"http:\/\/www.rukajarvensuunnanhistoriayhdistys.fi\/rukajarvikeskus\/wp-content\/uploads\/2015\/05\/LappajarviLaatta-2.jpg\"><img loading=\"lazy\" decoding=\"async\" class=\"size-large wp-image-1862\" src=\"http:\/\/www.rukajarvensuunnanhistoriayhdistys.fi\/rukajarvikeskus\/wp-content\/uploads\/2015\/05\/LappajarviLaatta-2-843x1024.jpg\" alt=\"PionP. 24:n veteraanikilta luovutti arkkitehti Mikko P\u00e4\u00e4llysahon suunnitteleman muistotaulun, johon on liinnitetty Lappaj\u00e4rven K\u00c4RN\u00c4IITTI, kraaterikivi. Muistolaatassa on lis\u00e4ksi Yrj\u00f6 Savolan kirjoittama runo.\" width=\"525\" height=\"638\" srcset=\"http:\/\/www.rukajarvensuunnanhistoriayhdistys.fi\/rukajarvikeskus\/wp-content\/uploads\/2015\/05\/LappajarviLaatta-2-843x1024.jpg 843w, http:\/\/www.rukajarvensuunnanhistoriayhdistys.fi\/rukajarvikeskus\/wp-content\/uploads\/2015\/05\/LappajarviLaatta-2-247x300.jpg 247w, http:\/\/www.rukajarvensuunnanhistoriayhdistys.fi\/rukajarvikeskus\/wp-content\/uploads\/2015\/05\/LappajarviLaatta-2.jpg 1237w\" sizes=\"auto, (max-width: 525px) 100vw, 525px\" \/><\/a><figcaption id=\"caption-attachment-1862\" class=\"wp-caption-text\">PionP. 24:n veteraanikilta luovutti arkkitehti Mikko P\u00e4\u00e4llysahon suunnitteleman muistotaulun, johon on liinnitetty Lappaj\u00e4rven K\u00c4RN\u00c4IITTI, kraaterikivi. Muistolaatassa on lis\u00e4ksi Yrj\u00f6 Savolan kirjoittama runo.<\/figcaption><\/figure>\n<p>Pioneerit luovuttivat RSHY:n toimihenkil\u00f6ille Tenho Tikkaselle ja Leevi Kuokkaselle arkkitehti Mikko P\u00e4\u00e4llysahon suunnitteleman muistotaulun, johon oli liitetty Lappaj\u00e4rven &#8221;K\u00e4rn\u00e4niitti kraaterikivi&#8221;.<\/p>\n<p>Tilaisuuteen valmistui my\u00f6s PionP 24:n sodanj\u00e4lkeisen veteraanitoiminnan 52-sivuinen historiikki, jonka oli kirjoittanut sihteeri Yrj\u00f6 Savola. Sen voi lukea <a href=\"http:\/\/www.rukajarvensuunnanhistoriayhdistys.fi\/rukajarvikeskus\/wp-content\/uploads\/2015\/05\/Historiikki-korjattu_LKU-low.pdf\">T\u00c4\u00c4LT\u00c4<\/a> sek\u00e4 Rukaj\u00e4rvi-keskuksista painettuna teoksena.<\/p>\n<figure id=\"attachment_1864\" aria-describedby=\"caption-attachment-1864\" style=\"width: 525px\" class=\"wp-caption alignnone\"><a href=\"http:\/\/www.rukajarvensuunnanhistoriayhdistys.fi\/rukajarvikeskus\/wp-content\/uploads\/2015\/05\/DSC01182-2.jpg\"><img loading=\"lazy\" decoding=\"async\" class=\"size-large wp-image-1864\" src=\"http:\/\/www.rukajarvensuunnanhistoriayhdistys.fi\/rukajarvikeskus\/wp-content\/uploads\/2015\/05\/DSC01182-2-1024x768.jpg\" alt=\"Rukaj\u00e4rven suunnan tunnus on asetettu Kylpyl\u00e4 Kivitipun K\u00e4rn\u00e4-salin sein\u00e4lle yhdess\u00e4 Rukaj\u00e4rven suunnan historiikkitoimikunnan standaadin kera v. 2010.\" width=\"525\" height=\"394\" srcset=\"http:\/\/www.rukajarvensuunnanhistoriayhdistys.fi\/rukajarvikeskus\/wp-content\/uploads\/2015\/05\/DSC01182-2-1024x768.jpg 1024w, http:\/\/www.rukajarvensuunnanhistoriayhdistys.fi\/rukajarvikeskus\/wp-content\/uploads\/2015\/05\/DSC01182-2-300x225.jpg 300w\" sizes=\"auto, (max-width: 525px) 100vw, 525px\" \/><\/a><figcaption id=\"caption-attachment-1864\" class=\"wp-caption-text\">Rukaj\u00e4rven suunnan tunnus on asetettu Kylpyl\u00e4 Kivitipun K\u00e4rn\u00e4-salin sein\u00e4lle yhdess\u00e4 Rukaj\u00e4rven suunnan historiikkitoimikunnan standaadin kera v. 2010.<\/figcaption><\/figure>\n","protected":false},"excerpt":{"rendered":"<p>Rukaj\u00e4rvell\u00e4 PionP. 24:n joukkoihin l\u00e4hti Etel\u00e4-Pohjanmaalta t\u00e4ydennyksen\u00e4 per\u00e4ti 150 pioneeria. He ovat pit\u00e4neet yhteytt\u00e4 toisiinsa ja t\u00e4n\u00e4\u00e4n 9.5.2015 he kokoontuivat Lappaj\u00e4rvell\u00e4. En\u00e4\u00e4 tuosta joukosta on elossa kahdeksan ja 5 heist\u00e4 <a class=\"more-link\" href=\"http:\/\/www.rukajarvensuunnanhistoriayhdistys.fi\/rukajarvikeskus\/ajankohtaista\/pioneerit-jo-46-kerran-yhdessa\/\">Lue lis\u00e4\u00e4&#8230;<span class=\"screen-reader-text\">Pioneerit jo 46. kerran yhdess\u00e4<\/span><span class=\"meta-nav\">\u2192<\/span><\/a><\/p>\n","protected":false},"author":4,"featured_media":1863,"comment_status":"closed","ping_status":"open","sticky":false,"template":"","format":"standard","meta":{"ngg_post_thumbnail":0,"_jetpack_newsletter_access":"","_jetpack_dont_email_post_to_subs":false,"_jetpack_newsletter_tier_id":0,"_jetpack_memberships_contains_paywalled_content":false,"_jetpack_memberships_contains_paid_content":false,"footnotes":""},"categories":[26],"tags":[],"class_list":["post-1868","post","type-post","status-publish","format-standard","has-post-thumbnail","hentry","category-ajankohtaista"],"jetpack_featured_media_url":"http:\/\/www.rukajarvensuunnanhistoriayhdistys.fi\/rukajarvikeskus\/wp-content\/uploads\/2015\/05\/DSC01175-2.jpg","jetpack_sharing_enabled":true,"jetpack_shortlink":"https:\/\/wp.me\/p72N2f-u8","_links":{"self":[{"href":"http:\/\/www.rukajarvensuunnanhistoriayhdistys.fi\/rukajarvikeskus\/wp-json\/wp\/v2\/posts\/1868","targetHints":{"allow":["GET"]}}],"collection":[{"href":"http:\/\/www.rukajarvensuunnanhistoriayhdistys.fi\/rukajarvikeskus\/wp-json\/wp\/v2\/posts"}],"about":[{"href":"http:\/\/www.rukajarvensuunnanhistoriayhdistys.fi\/rukajarvikeskus\/wp-json\/wp\/v2\/types\/post"}],"author":[{"embeddable":true,"href":"http:\/\/www.rukajarvensuunnanhistoriayhdistys.fi\/rukajarvikeskus\/wp-json\/wp\/v2\/users\/4"}],"replies":[{"embeddable":true,"href":"http:\/\/www.rukajarvensuunnanhistoriayhdistys.fi\/rukajarvikeskus\/wp-json\/wp\/v2\/comments?post=1868"}],"version-history":[{"count":2,"href":"http:\/\/www.rukajarvensuunnanhistoriayhdistys.fi\/rukajarvikeskus\/wp-json\/wp\/v2\/posts\/1868\/revisions"}],"predecessor-version":[{"id":1871,"href":"http:\/\/www.rukajarvensuunnanhistoriayhdistys.fi\/rukajarvikeskus\/wp-json\/wp\/v2\/posts\/1868\/revisions\/1871"}],"wp:featuredmedia":[{"embeddable":true,"href":"http:\/\/www.rukajarvensuunnanhistoriayhdistys.fi\/rukajarvikeskus\/wp-json\/wp\/v2\/media\/1863"}],"wp:attachment":[{"href":"http:\/\/www.rukajarvensuunnanhistoriayhdistys.fi\/rukajarvikeskus\/wp-json\/wp\/v2\/media?parent=1868"}],"wp:term":[{"taxonomy":"category","embeddable":true,"href":"http:\/\/www.rukajarvensuunnanhistoriayhdistys.fi\/rukajarvikeskus\/wp-json\/wp\/v2\/categories?post=1868"},{"taxonomy":"post_tag","embeddable":true,"href":"http:\/\/www.rukajarvensuunnanhistoriayhdistys.fi\/rukajarvikeskus\/wp-json\/wp\/v2\/tags?post=1868"}],"curies":[{"name":"wp","href":"https:\/\/api.w.org\/{rel}","templated":true}]}}