{"id":1880,"date":"2015-05-21T00:18:15","date_gmt":"2015-05-20T21:18:15","guid":{"rendered":"http:\/\/www.rukajarvensuunnanhistoriayhdistys.fi\/rukajarvikeskus\/?p=1880"},"modified":"2015-05-21T00:26:17","modified_gmt":"2015-05-20T21:26:17","slug":"jukolan-motissa-asennetaan-halkovan-kattotuoleja","status":"publish","type":"post","link":"http:\/\/www.rukajarvensuunnanhistoriayhdistys.fi\/rukajarvikeskus\/ajankohtaista\/jukolan-motissa-asennetaan-halkovan-kattotuoleja\/","title":{"rendered":"Jukolan motissa asennetaan halkovan kattotuoleja"},"content":{"rendered":"<div class=\"fcbkbttn_buttons_block\" id=\"fcbkbttn_left\"><div class=\"fcbkbttn_like \"><fb:like href=\"http:\/\/www.rukajarvensuunnanhistoriayhdistys.fi\/rukajarvikeskus\/ajankohtaista\/jukolan-motissa-asennetaan-halkovan-kattotuoleja\/\" action=\"like\" colorscheme=\"light\" layout=\"button_count\"  size=\"small\"><\/fb:like><\/div><\/div><p>Jukolan motin kodan halkovajan rakentaminen eteni\u00a0 vauhdilla. Runko on pystyss\u00e4 ja kattotuolit olisivat jo asennettu, ellei sada sotkenut rakentamista.<\/p>\n<p>Pystytyksen hoitivat Jongunjoen kyl\u00e4yhdistyksen pj. Heikki Turunen ,\u00a0 vpj. Raimo Saviranta sek\u00e4 yhdistyksemme vastaavat toimihenkil\u00f6t Lasse Nirhamo ja Tenho Tikkanen. T\u00f6iss\u00e4 k\u00e4viv\u00e4t my\u00f6s P\u00e4ivi Putkonen sek\u00e4 Arto R\u00e4s\u00e4nen.<\/p>\n<figure id=\"attachment_1881\" aria-describedby=\"caption-attachment-1881\" style=\"width: 525px\" class=\"wp-caption alignnone\"><a href=\"http:\/\/www.rukajarvensuunnanhistoriayhdistys.fi\/rukajarvikeskus\/wp-content\/uploads\/2015\/05\/Jukolan-motin-halkovaja.jpg\"><img loading=\"lazy\" decoding=\"async\" class=\"size-large wp-image-1881\" src=\"http:\/\/www.rukajarvensuunnanhistoriayhdistys.fi\/rukajarvikeskus\/wp-content\/uploads\/2015\/05\/Jukolan-motin-halkovaja-1024x576.jpg\" alt=\"Jukolan motti -pirtti saa vierelleen puuvajan.\" width=\"525\" height=\"295\" srcset=\"http:\/\/www.rukajarvensuunnanhistoriayhdistys.fi\/rukajarvikeskus\/wp-content\/uploads\/2015\/05\/Jukolan-motin-halkovaja-1024x576.jpg 1024w, http:\/\/www.rukajarvensuunnanhistoriayhdistys.fi\/rukajarvikeskus\/wp-content\/uploads\/2015\/05\/Jukolan-motin-halkovaja-300x169.jpg 300w, http:\/\/www.rukajarvensuunnanhistoriayhdistys.fi\/rukajarvikeskus\/wp-content\/uploads\/2015\/05\/Jukolan-motin-halkovaja.jpg 1632w\" sizes=\"auto, (max-width: 525px) 100vw, 525px\" \/><\/a><figcaption id=\"caption-attachment-1881\" class=\"wp-caption-text\">Jukolan motti -pirtti saa vierelleen puuvajan.<\/figcaption><\/figure>\n<p>Halkovaja tulee sota-aikaisen varastorakennuksen perustuksen vierelle. Perustukset ovat viel\u00e4 selv\u00e4sti n\u00e4kyvill\u00e4 ja ne tullaan nyt kesken olevan ty\u00f6n aikana puhdistamaan sammalesta.<\/p>\n<p>Huomenna ty\u00f6 jatkuu, ellei sade sotke ty\u00f6ntekoa. Pahalta n\u00e4ytt\u00e4\u00e4.<\/p>\n<p>Jukolan motin ty\u00f6maalla k\u00e4vi t\u00e4n\u00e4\u00e4n my\u00f6s vieraita. Erkki Turunen kertoi, ett\u00e4 h\u00e4net kastoi Jukolan motin pastori Eino Hakuli 10.6.1943. Erkki Turunen asuu M\u00e4ntyl\u00e4n talossa, jonka mailla Talvisodan aikana toimi Raappanan esikunta.<\/p>\n<p>Erkki Turunen kertoi lis\u00e4ksi, ett\u00e4 Jatkosodan aikana l\u00e4hin Nurmij\u00e4rven kyl\u00e4n l\u00e4\u00e4k\u00e4ri olii juuri Jukolan motissa, jossa h\u00e4nen vanhempansa k\u00e4yttiv\u00e4t h\u00e4nt\u00e4 pian syntym\u00e4ns\u00e4 j\u00e4lkeen.<\/p>\n<p><strong>Hakulista lis\u00e4tietoa<\/strong><\/p>\n<p>Yhdistyksemme arkistosta l\u00f6ytyy pastori Eino Hakulin 16-sivuinen veteraanihaastattelu, jonka on tehnyt Pentti Perttuli 29.3.1990. Haastattelun mukaan Hakuli on toiminut Lieksassa sijainneen Kaatuneitten evakuointikeskuksen p\u00e4\u00e4llikk\u00f6n\u00e4. Yhdistyksemme sihteeri Leevi Kuokkanen kaivoi arkistosta Hakulia koskevan tiedon 14. Divisioonan esikunnan papereista ja tuon asiakirjan mukaan Hakuli on toiminut em. teht\u00e4v\u00e4ss\u00e4 24.6.1941 alkaen yhteens\u00e4 2 v. 3 kk.<\/p>\n","protected":false},"excerpt":{"rendered":"<p>Jukolan motin kodan halkovajan rakentaminen eteni\u00a0 vauhdilla. Runko on pystyss\u00e4 ja kattotuolit olisivat jo asennettu, ellei sada sotkenut rakentamista. Pystytyksen hoitivat Jongunjoen kyl\u00e4yhdistyksen pj. Heikki Turunen ,\u00a0 vpj. Raimo Saviranta <a class=\"more-link\" href=\"http:\/\/www.rukajarvensuunnanhistoriayhdistys.fi\/rukajarvikeskus\/ajankohtaista\/jukolan-motissa-asennetaan-halkovan-kattotuoleja\/\">Lue lis\u00e4\u00e4&#8230;<span class=\"screen-reader-text\">Jukolan motissa asennetaan halkovan kattotuoleja<\/span><span class=\"meta-nav\">\u2192<\/span><\/a><\/p>\n","protected":false},"author":4,"featured_media":1881,"comment_status":"closed","ping_status":"open","sticky":false,"template":"","format":"standard","meta":{"ngg_post_thumbnail":0,"_jetpack_newsletter_access":"","_jetpack_dont_email_post_to_subs":false,"_jetpack_newsletter_tier_id":0,"_jetpack_memberships_contains_paywalled_content":false,"_jetpack_memberships_contains_paid_content":false,"footnotes":""},"categories":[26],"tags":[],"class_list":["post-1880","post","type-post","status-publish","format-standard","has-post-thumbnail","hentry","category-ajankohtaista"],"jetpack_featured_media_url":"http:\/\/www.rukajarvensuunnanhistoriayhdistys.fi\/rukajarvikeskus\/wp-content\/uploads\/2015\/05\/Jukolan-motin-halkovaja.jpg","jetpack_sharing_enabled":true,"jetpack_shortlink":"https:\/\/wp.me\/p72N2f-uk","_links":{"self":[{"href":"http:\/\/www.rukajarvensuunnanhistoriayhdistys.fi\/rukajarvikeskus\/wp-json\/wp\/v2\/posts\/1880","targetHints":{"allow":["GET"]}}],"collection":[{"href":"http:\/\/www.rukajarvensuunnanhistoriayhdistys.fi\/rukajarvikeskus\/wp-json\/wp\/v2\/posts"}],"about":[{"href":"http:\/\/www.rukajarvensuunnanhistoriayhdistys.fi\/rukajarvikeskus\/wp-json\/wp\/v2\/types\/post"}],"author":[{"embeddable":true,"href":"http:\/\/www.rukajarvensuunnanhistoriayhdistys.fi\/rukajarvikeskus\/wp-json\/wp\/v2\/users\/4"}],"replies":[{"embeddable":true,"href":"http:\/\/www.rukajarvensuunnanhistoriayhdistys.fi\/rukajarvikeskus\/wp-json\/wp\/v2\/comments?post=1880"}],"version-history":[{"count":1,"href":"http:\/\/www.rukajarvensuunnanhistoriayhdistys.fi\/rukajarvikeskus\/wp-json\/wp\/v2\/posts\/1880\/revisions"}],"predecessor-version":[{"id":1882,"href":"http:\/\/www.rukajarvensuunnanhistoriayhdistys.fi\/rukajarvikeskus\/wp-json\/wp\/v2\/posts\/1880\/revisions\/1882"}],"wp:featuredmedia":[{"embeddable":true,"href":"http:\/\/www.rukajarvensuunnanhistoriayhdistys.fi\/rukajarvikeskus\/wp-json\/wp\/v2\/media\/1881"}],"wp:attachment":[{"href":"http:\/\/www.rukajarvensuunnanhistoriayhdistys.fi\/rukajarvikeskus\/wp-json\/wp\/v2\/media?parent=1880"}],"wp:term":[{"taxonomy":"category","embeddable":true,"href":"http:\/\/www.rukajarvensuunnanhistoriayhdistys.fi\/rukajarvikeskus\/wp-json\/wp\/v2\/categories?post=1880"},{"taxonomy":"post_tag","embeddable":true,"href":"http:\/\/www.rukajarvensuunnanhistoriayhdistys.fi\/rukajarvikeskus\/wp-json\/wp\/v2\/tags?post=1880"}],"curies":[{"name":"wp","href":"https:\/\/api.w.org\/{rel}","templated":true}]}}