{"id":1907,"date":"2015-07-22T08:39:19","date_gmt":"2015-07-22T05:39:19","guid":{"rendered":"http:\/\/www.rukajarvensuunnanhistoriayhdistys.fi\/rukajarvikeskus\/?p=1907"},"modified":"2015-07-22T08:23:06","modified_gmt":"2015-07-22T05:23:06","slug":"kainuun-prikaati-saapuu-viljo-messuille-kiuruvedelle-25-7-2015-myos-rshylla-nayttelyosasto","status":"publish","type":"post","link":"http:\/\/www.rukajarvensuunnanhistoriayhdistys.fi\/rukajarvikeskus\/ajankohtaista\/kainuun-prikaati-saapuu-viljo-messuille-kiuruvedelle-25-7-2015-myos-rshylla-nayttelyosasto\/","title":{"rendered":"Kainuun prikaati saapuu Viljo-messuille Kiuruvedelle 25.7.2015 \u2013 my\u00f6s RSHY:ll\u00e4 n\u00e4yttelyosasto"},"content":{"rendered":"<div class=\"fcbkbttn_buttons_block\" id=\"fcbkbttn_left\"><div class=\"fcbkbttn_like \"><fb:like href=\"http:\/\/www.rukajarvensuunnanhistoriayhdistys.fi\/rukajarvikeskus\/ajankohtaista\/kainuun-prikaati-saapuu-viljo-messuille-kiuruvedelle-25-7-2015-myos-rshylla-nayttelyosasto\/\" action=\"like\" colorscheme=\"light\" layout=\"button_count\"  size=\"small\"><\/fb:like><\/div><\/div><p>Kainuun prikaati esitt\u00e4ytyy Viljo messuilla. Esittelypaikka on urheilukent\u00e4n viereisell\u00e4 nurmikolla n\u00e4yttelypaikoilla 12-13. Halukkaat saavat kokeilla ns. eko-aseita ja lis\u00e4ksi prikaatin edustajat esittelev\u00e4t puolustusvoimien toimintaa.<\/p>\n<p>Esittelypiste on avoinna yleis\u00f6lle 25.7.2015 klo 10:00-16:00 v\u00e4lisen\u00e4 aikana.<\/p>\n<figure id=\"attachment_1911\" aria-describedby=\"caption-attachment-1911\" style=\"width: 525px\" class=\"wp-caption alignnone\"><a href=\"http:\/\/www.rukajarvensuunnanhistoriayhdistys.fi\/rukajarvikeskus\/wp-content\/uploads\/2015\/06\/Viljo-messut-n\u00e4yttelypaikka.jpg\"><img loading=\"lazy\" decoding=\"async\" class=\"size-large wp-image-1911\" src=\"http:\/\/www.rukajarvensuunnanhistoriayhdistys.fi\/rukajarvikeskus\/wp-content\/uploads\/2015\/06\/Viljo-messut-n\u00e4yttelypaikka-1024x797.jpg\" alt=\"\u2014KaiPr ja RSHY -n\u00e4yttelyosastot ovat vierekk\u00e4in, jossa on myyt\u00e4v\u00e4n\u00e4 yhdistyksen julkaisemia kirjoja mm. uunituoreita Rukaj\u00e4rven karttakirjaa ja Raappanan nyrkki\u00e4. Osastot 11 ja 12-13.\" width=\"525\" height=\"409\" srcset=\"http:\/\/www.rukajarvensuunnanhistoriayhdistys.fi\/rukajarvikeskus\/wp-content\/uploads\/2015\/06\/Viljo-messut-n\u00e4yttelypaikka-1024x797.jpg 1024w, http:\/\/www.rukajarvensuunnanhistoriayhdistys.fi\/rukajarvikeskus\/wp-content\/uploads\/2015\/06\/Viljo-messut-n\u00e4yttelypaikka-300x234.jpg 300w\" sizes=\"auto, (max-width: 525px) 100vw, 525px\" \/><\/a><figcaption id=\"caption-attachment-1911\" class=\"wp-caption-text\">\u2014 KaiPr ja RSHY -n\u00e4yttelyosastot ovat vierekk\u00e4in, jossa on myyt\u00e4v\u00e4n\u00e4 yhdistyksen julkaisemia kirjoja mm. uunituoreita Rukaj\u00e4rven karttakirjaa ja Raappanan nyrkki\u00e4. Osastot 11 ja 12-13.<\/figcaption><\/figure>\n<p>KaiPr jakaa tilaisuudessa yleistietoa Kainuun Prikaatista. Tarjolla on halukkalle ja kiinnostuneille my\u00f6s joukko-osaston Hurtti-Ukko- sek\u00e4 Ruotuv\u00e4ki-lehte\u00e4.<\/p>\n<p><a href=\"http:\/\/www.rukajarvensuunnanhistoriayhdistys.fi\/rukajarvikeskus\/wp-content\/uploads\/2015\/06\/kainuun_prikaati1.jpg\"><img loading=\"lazy\" decoding=\"async\" class=\"alignnone size-full wp-image-1910\" src=\"http:\/\/www.rukajarvensuunnanhistoriayhdistys.fi\/rukajarvikeskus\/wp-content\/uploads\/2015\/06\/kainuun_prikaati1.jpg\" alt=\"kainuun_prikaati[1]\" width=\"1020\" height=\"444\" srcset=\"http:\/\/www.rukajarvensuunnanhistoriayhdistys.fi\/rukajarvikeskus\/wp-content\/uploads\/2015\/06\/kainuun_prikaati1.jpg 1020w, http:\/\/www.rukajarvensuunnanhistoriayhdistys.fi\/rukajarvikeskus\/wp-content\/uploads\/2015\/06\/kainuun_prikaati1-300x131.jpg 300w\" sizes=\"auto, (max-width: 1020px) 100vw, 1020px\" \/><\/a><\/p>\n<p><a href=\"http:\/\/www.rukajarvensuunnanhistoriayhdistys.fi\/rukajarvikeskus\/wp-content\/uploads\/2015\/06\/Eko-aims-2.jpg\"><img loading=\"lazy\" decoding=\"async\" class=\"alignnone size-full wp-image-1909\" src=\"http:\/\/www.rukajarvensuunnanhistoriayhdistys.fi\/rukajarvikeskus\/wp-content\/uploads\/2015\/06\/Eko-aims-2.jpg\" alt=\"Eko aims (2)\" width=\"615\" height=\"158\" srcset=\"http:\/\/www.rukajarvensuunnanhistoriayhdistys.fi\/rukajarvikeskus\/wp-content\/uploads\/2015\/06\/Eko-aims-2.jpg 615w, http:\/\/www.rukajarvensuunnanhistoriayhdistys.fi\/rukajarvikeskus\/wp-content\/uploads\/2015\/06\/Eko-aims-2-300x77.jpg 300w\" sizes=\"auto, (max-width: 615px) 100vw, 615px\" \/><\/a><\/p>\n<p>Yleis\u00f6ll\u00e4 on mahdollisuuden kokeilla ampumataitoa eko-aseella. J\u00e4rjestelm\u00e4 on s\u00e4hk\u00f6inen, eik\u00e4 vaadi mit\u00e4\u00e4n erityisi\u00e4 \u201dturvallisuusj\u00e4rjestelyit\u00e4\u201d.\u00a0Rynn\u00e4kk\u00f6kiv\u00e4\u00e4rin aihioon rakennettua Eko-Aims-simulaattori, joka on tarkoitettu varusmiesten ampumataidon harjoittamiseen ja kehitt\u00e4miseen. Simulaattori on ollut k\u00e4yt\u00f6ss\u00e4 kaikissa perusyksik\u00f6iss\u00e4.<\/p>\n<p>Kainuun prikaatin viereiselle osastolle sijoittuu Rukaj\u00e4rven suunnan historiayhdistys, joka esittelee toimintaansa. Esittelytilasta voivat halukkaat ostaa my\u00f6s yhdistyksen julkaisemia kirjoja. Esittelyteltta on avoinna kaikkina p\u00e4ivin\u00e4 23.-25.7.2015 klo 10-16 v\u00e4lisen ajan.<\/p>\n<p>Kainuun prikaatin sodanaikainen perinnejoukko-osasto on 14. divisioona, jonka perinteit\u00e4 my\u00f6s Rukaj\u00e4rven suunnan historiayhdistys vaalii.<\/p>\n<p><strong>Radio-ohjattavan helikopterin lenton\u00e4yt\u00f6s \u2013 Viljo messuilla<\/strong><\/p>\n<p>Multihelikoptereista on tullut suosittuja kuvausv\u00e4lineit\u00e4, joita k\u00e4ytet\u00e4\u00e4n uutistuotannossa, mainoskuvauksissa, matkailunedist\u00e4miseen ja my\u00f6s perhejuhlien kuvauksessa.<\/p>\n<figure id=\"attachment_1908\" aria-describedby=\"caption-attachment-1908\" style=\"width: 800px\" class=\"wp-caption alignnone\"><a href=\"http:\/\/www.rukajarvensuunnanhistoriayhdistys.fi\/rukajarvikeskus\/wp-content\/uploads\/2015\/06\/yuneec_q500-ja-tarvikkeet.jpg\"><img loading=\"lazy\" decoding=\"async\" class=\"size-full wp-image-1908\" src=\"http:\/\/www.rukajarvensuunnanhistoriayhdistys.fi\/rukajarvikeskus\/wp-content\/uploads\/2015\/06\/yuneec_q500-ja-tarvikkeet.jpg\" alt=\"Rukaj\u00e4rven suunnan historiayhdistys k\u00e4ytt\u00e4\u00e4 oheista Yuneec Typhoon Q500+ ilmakuvauskopteria sotahistoriakohteitten kuvauksiin. \" width=\"800\" height=\"600\" srcset=\"http:\/\/www.rukajarvensuunnanhistoriayhdistys.fi\/rukajarvikeskus\/wp-content\/uploads\/2015\/06\/yuneec_q500-ja-tarvikkeet.jpg 800w, http:\/\/www.rukajarvensuunnanhistoriayhdistys.fi\/rukajarvikeskus\/wp-content\/uploads\/2015\/06\/yuneec_q500-ja-tarvikkeet-300x225.jpg 300w\" sizes=\"auto, (max-width: 800px) 100vw, 800px\" \/><\/a><figcaption id=\"caption-attachment-1908\" class=\"wp-caption-text\">Rukaj\u00e4rven suunnan historiayhdistys k\u00e4ytt\u00e4\u00e4 oheista Yuneec Typhoon Q500+ ilmakuvauskopteria sotahistoriakohteitten kuvauksiin.<\/figcaption><\/figure>\n<p>J\u00e4rjest\u00e4mme p\u00e4ivitt\u00e4in messualueen urheilukent\u00e4ll\u00e4 yhteisty\u00f6kumppanimme kanssa multihelikoptereitten lento- ja kuvausn\u00e4yt\u00f6ksen, johon voi osallistua Viljo-messujen p\u00e4\u00e4sylipulla.<\/p>\n<p>N\u00e4yt\u00f6s j\u00e4rjestet\u00e4\u00e4n jokaisena p\u00e4iv\u00e4n\u00e4 urheilukent\u00e4ll\u00e4, jonne kuvausaikana on p\u00e4\u00e4sy kielletty turvallisuussyist\u00e4. Helikopterin lenn\u00e4tys- ja kuvausesittelyn j\u00e4rjest\u00e4\u00e4 Rukaj\u00e4rven suunnan historiayhdistys ry. Lenton\u00e4yt\u00f6ksen k\u00e4yt\u00e4nn\u00f6n j\u00e4rjestelyt hoitaa Kiuruvedelt\u00e4 kotoisin oleva Jani Niskanen, jolla on vastaavasta toiminnasta kokemusta jo nelj\u00e4n vuoden ajalta.<\/p>\n<p>N\u00e4yt\u00f6ksi\u00e4 on kaksi ja yksi n\u00e4yt\u00f6s kest\u00e4\u00e4 kerrallaan vain 15 minuuttia. N\u00e4yt\u00f6ksen j\u00e4lkeen laite on n\u00e4ht\u00e4viss\u00e4 Rukaj\u00e4rven suunnan historiayhdistyksen n\u00e4yttelyosastolla nro 11.<\/p>\n<p>RSHY:n osastolla vierailee p\u00e4ivitt\u00e4in my\u00f6s Mannerheim, jota esitt\u00e4\u00e4 n\u00e4yttelij\u00e4 Mikko Remes.<\/p>\n<p>&nbsp;<\/p>\n","protected":false},"excerpt":{"rendered":"<p>Kainuun prikaati esitt\u00e4ytyy Viljo messuilla. Esittelypaikka on urheilukent\u00e4n viereisell\u00e4 nurmikolla n\u00e4yttelypaikoilla 12-13. Halukkaat saavat kokeilla ns. eko-aseita ja lis\u00e4ksi prikaatin edustajat esittelev\u00e4t puolustusvoimien toimintaa. Esittelypiste on avoinna yleis\u00f6lle 25.7.2015 klo <a class=\"more-link\" href=\"http:\/\/www.rukajarvensuunnanhistoriayhdistys.fi\/rukajarvikeskus\/ajankohtaista\/kainuun-prikaati-saapuu-viljo-messuille-kiuruvedelle-25-7-2015-myos-rshylla-nayttelyosasto\/\">Lue lis\u00e4\u00e4&#8230;<span class=\"screen-reader-text\">Kainuun prikaati saapuu Viljo-messuille Kiuruvedelle 25.7.2015 \u2013 my\u00f6s RSHY:ll\u00e4 n\u00e4yttelyosasto<\/span><span class=\"meta-nav\">\u2192<\/span><\/a><\/p>\n","protected":false},"author":4,"featured_media":1908,"comment_status":"closed","ping_status":"open","sticky":false,"template":"","format":"standard","meta":{"ngg_post_thumbnail":0,"_jetpack_newsletter_access":"","_jetpack_dont_email_post_to_subs":false,"_jetpack_newsletter_tier_id":0,"_jetpack_memberships_contains_paywalled_content":false,"_jetpack_memberships_contains_paid_content":false,"footnotes":""},"categories":[26],"tags":[],"class_list":["post-1907","post","type-post","status-publish","format-standard","has-post-thumbnail","hentry","category-ajankohtaista"],"jetpack_featured_media_url":"http:\/\/www.rukajarvensuunnanhistoriayhdistys.fi\/rukajarvikeskus\/wp-content\/uploads\/2015\/06\/yuneec_q500-ja-tarvikkeet.jpg","jetpack_sharing_enabled":true,"jetpack_shortlink":"https:\/\/wp.me\/p72N2f-uL","_links":{"self":[{"href":"http:\/\/www.rukajarvensuunnanhistoriayhdistys.fi\/rukajarvikeskus\/wp-json\/wp\/v2\/posts\/1907","targetHints":{"allow":["GET"]}}],"collection":[{"href":"http:\/\/www.rukajarvensuunnanhistoriayhdistys.fi\/rukajarvikeskus\/wp-json\/wp\/v2\/posts"}],"about":[{"href":"http:\/\/www.rukajarvensuunnanhistoriayhdistys.fi\/rukajarvikeskus\/wp-json\/wp\/v2\/types\/post"}],"author":[{"embeddable":true,"href":"http:\/\/www.rukajarvensuunnanhistoriayhdistys.fi\/rukajarvikeskus\/wp-json\/wp\/v2\/users\/4"}],"replies":[{"embeddable":true,"href":"http:\/\/www.rukajarvensuunnanhistoriayhdistys.fi\/rukajarvikeskus\/wp-json\/wp\/v2\/comments?post=1907"}],"version-history":[{"count":3,"href":"http:\/\/www.rukajarvensuunnanhistoriayhdistys.fi\/rukajarvikeskus\/wp-json\/wp\/v2\/posts\/1907\/revisions"}],"predecessor-version":[{"id":1932,"href":"http:\/\/www.rukajarvensuunnanhistoriayhdistys.fi\/rukajarvikeskus\/wp-json\/wp\/v2\/posts\/1907\/revisions\/1932"}],"wp:featuredmedia":[{"embeddable":true,"href":"http:\/\/www.rukajarvensuunnanhistoriayhdistys.fi\/rukajarvikeskus\/wp-json\/wp\/v2\/media\/1908"}],"wp:attachment":[{"href":"http:\/\/www.rukajarvensuunnanhistoriayhdistys.fi\/rukajarvikeskus\/wp-json\/wp\/v2\/media?parent=1907"}],"wp:term":[{"taxonomy":"category","embeddable":true,"href":"http:\/\/www.rukajarvensuunnanhistoriayhdistys.fi\/rukajarvikeskus\/wp-json\/wp\/v2\/categories?post=1907"},{"taxonomy":"post_tag","embeddable":true,"href":"http:\/\/www.rukajarvensuunnanhistoriayhdistys.fi\/rukajarvikeskus\/wp-json\/wp\/v2\/tags?post=1907"}],"curies":[{"name":"wp","href":"https:\/\/api.w.org\/{rel}","templated":true}]}}