{"id":1952,"date":"2015-08-04T12:38:59","date_gmt":"2015-08-04T09:38:59","guid":{"rendered":"http:\/\/www.rukajarvensuunnanhistoriayhdistys.fi\/rukajarvikeskus\/?p=1952"},"modified":"2015-08-05T09:13:12","modified_gmt":"2015-08-05T06:13:12","slug":"kalervo-hamalaiselle-muistokirja","status":"publish","type":"post","link":"http:\/\/www.rukajarvensuunnanhistoriayhdistys.fi\/rukajarvikeskus\/ajankohtaista\/kalervo-hamalaiselle-muistokirja\/","title":{"rendered":"Kalervo H\u00e4m\u00e4l\u00e4iselle muistokirja"},"content":{"rendered":"<div class=\"fcbkbttn_buttons_block\" id=\"fcbkbttn_left\"><div class=\"fcbkbttn_like \"><fb:like href=\"http:\/\/www.rukajarvensuunnanhistoriayhdistys.fi\/rukajarvikeskus\/ajankohtaista\/kalervo-hamalaiselle-muistokirja\/\" action=\"like\" colorscheme=\"light\" layout=\"button_count\"  size=\"small\"><\/fb:like><\/div><\/div><p>Kamarineuvos Kalervo H\u00e4m\u00e4l\u00e4inen menehtyi 98-vuotiaana 22.7.2015 Helsingiss\u00e4. Kalervo H\u00e4m\u00e4l\u00e4isen musiikki oli is\u00e4nmaallista. Erityisesti sotiemme veteraaneihin liittyv\u00e4 Veteraanin Iltahuuto on liikuttanut suomalaisten syvimpi\u00e4 tuntoja. Linkist\u00e4 aukeaa Sotaveteraaniliiton 50-vuotisjuhlavuoden konsertissa Laivaston soittokunnan, Jorma Hynnisen ja 1000 henkisen Sotaveteraanikuoron tulkinta Veteraanin Iltahuudosta.\u00a0\u00a0<a href=\"https:\/\/www.youtube.com\/watch?v=arKxCiTZoyQ\"><u>https:\/\/www.youtube.com\/watch?v=arKxCiTZoyQ<\/u><\/a><\/p>\n<figure id=\"attachment_1948\" aria-describedby=\"caption-attachment-1948\" style=\"width: 472px\" class=\"wp-caption alignnone\"><a href=\"http:\/\/www.rukajarvensuunnanhistoriayhdistys.fi\/rukajarvikeskus\/wp-content\/uploads\/2015\/08\/Kalervo-H\u00e4m\u00e4l\u00e4inen.jpg\"><img loading=\"lazy\" decoding=\"async\" class=\"size-full wp-image-1948\" src=\"http:\/\/www.rukajarvensuunnanhistoriayhdistys.fi\/rukajarvikeskus\/wp-content\/uploads\/2015\/08\/Kalervo-H\u00e4m\u00e4l\u00e4inen.jpg\" alt=\"Kamarineuvos Kalervo H\u00e4m\u00e4l\u00e4inen (17.1.1917-22.7.2015)\" width=\"472\" height=\"616\" srcset=\"http:\/\/www.rukajarvensuunnanhistoriayhdistys.fi\/rukajarvikeskus\/wp-content\/uploads\/2015\/08\/Kalervo-H\u00e4m\u00e4l\u00e4inen.jpg 472w, http:\/\/www.rukajarvensuunnanhistoriayhdistys.fi\/rukajarvikeskus\/wp-content\/uploads\/2015\/08\/Kalervo-H\u00e4m\u00e4l\u00e4inen-230x300.jpg 230w\" sizes=\"auto, (max-width: 472px) 100vw, 472px\" \/><\/a><figcaption id=\"caption-attachment-1948\" class=\"wp-caption-text\">Kamarineuvos Kalervo H\u00e4m\u00e4l\u00e4inen (17.1.1917-22.7.2015)<\/figcaption><\/figure>\n<p>Kalervo H\u00e4m\u00e4l\u00e4inen toimi musiikinopettajana Karjalan Yhteiskoulussa ja Suomi-Pojat ja -tyt\u00f6t ry:n toiminnanjohtajajana. Nuorista muodostettu kuoro ja orkesteri esitti mm. Tasavallan Presidentin vastaanotolla 6.12.1965 Ateenalaisten laulun. Laulua kritisoitiin lehdist\u00f6ss\u00e4 sopimattomana.<\/p>\n<p>Tasavallan Presidentti ja rouva Jenni Haukion is\u00e4nn\u00f6im\u00e4ss\u00e4 Itsen\u00e4isyysp\u00e4iv\u00e4n juhlakonsertissa Tampere-talossa 6.12.2013 esitettiin H\u00e4m\u00e4l\u00e4isen s\u00e4velt\u00e4m\u00e4 ja sanoittama Lapin\u00e4idin kehtolaulu.<\/p>\n<p>Nyt on mahdollista muistaa suurta musiikkimiest\u00e4 kirjoittamalla nimen, paikkakunnan ja viestin. Viestit kootaan kirjaksi, joka luovutetaan muistotilaisuudessa Kalervo H\u00e4m\u00e4l\u00e4isen l\u00e4heisille.<\/p>\n<p>Muistokirja avautuu Sotaveteraaniliiton facebook-sivuilta osoitteesta:<\/p>\n<p><a href=\"http:\/\/www.adressit.com\/veteraanin_iltahuudon_saveltaja_kalervo_hamalainen_muistokirja\"><u>http:\/\/www.adressit.com\/veteraanin_iltahuudon_saveltaja_kalervo_hamalainen_muistokirja<\/u><\/a><\/p>\n<p>Sotaveteraaniliiton facebook-sivuilla on my\u00f6s kes\u00e4n ajalta muita mielenkiintoisia p\u00e4ivityksi\u00e4.<\/p>\n<p><a href=\"https:\/\/www.facebook.com\/sotaveteraaniliitto\"><u>https:\/\/www.facebook.com\/sotaveteraaniliitto<\/u><\/a><\/p>\n<p><strong>Kirjoittaja on Sotaveteraaniliiton toiminnanjohtaja Markku Sepp\u00e4<\/strong><\/p>\n","protected":false},"excerpt":{"rendered":"<p>Kamarineuvos Kalervo H\u00e4m\u00e4l\u00e4inen menehtyi 98-vuotiaana 22.7.2015 Helsingiss\u00e4. Kalervo H\u00e4m\u00e4l\u00e4isen musiikki oli is\u00e4nmaallista. Erityisesti sotiemme veteraaneihin liittyv\u00e4 Veteraanin Iltahuuto on liikuttanut suomalaisten syvimpi\u00e4 tuntoja. Linkist\u00e4 aukeaa Sotaveteraaniliiton 50-vuotisjuhlavuoden konsertissa Laivaston soittokunnan, <a class=\"more-link\" href=\"http:\/\/www.rukajarvensuunnanhistoriayhdistys.fi\/rukajarvikeskus\/ajankohtaista\/kalervo-hamalaiselle-muistokirja\/\">Lue lis\u00e4\u00e4&#8230;<span class=\"screen-reader-text\">Kalervo H\u00e4m\u00e4l\u00e4iselle muistokirja<\/span><span class=\"meta-nav\">\u2192<\/span><\/a><\/p>\n","protected":false},"author":4,"featured_media":1948,"comment_status":"closed","ping_status":"open","sticky":false,"template":"","format":"standard","meta":{"ngg_post_thumbnail":0,"_jetpack_newsletter_access":"","_jetpack_dont_email_post_to_subs":false,"_jetpack_newsletter_tier_id":0,"_jetpack_memberships_contains_paywalled_content":false,"_jetpack_memberships_contains_paid_content":false,"footnotes":""},"categories":[26],"tags":[],"class_list":["post-1952","post","type-post","status-publish","format-standard","has-post-thumbnail","hentry","category-ajankohtaista"],"jetpack_featured_media_url":"http:\/\/www.rukajarvensuunnanhistoriayhdistys.fi\/rukajarvikeskus\/wp-content\/uploads\/2015\/08\/Kalervo-H\u00e4m\u00e4l\u00e4inen.jpg","jetpack_sharing_enabled":true,"jetpack_shortlink":"https:\/\/wp.me\/p72N2f-vu","_links":{"self":[{"href":"http:\/\/www.rukajarvensuunnanhistoriayhdistys.fi\/rukajarvikeskus\/wp-json\/wp\/v2\/posts\/1952","targetHints":{"allow":["GET"]}}],"collection":[{"href":"http:\/\/www.rukajarvensuunnanhistoriayhdistys.fi\/rukajarvikeskus\/wp-json\/wp\/v2\/posts"}],"about":[{"href":"http:\/\/www.rukajarvensuunnanhistoriayhdistys.fi\/rukajarvikeskus\/wp-json\/wp\/v2\/types\/post"}],"author":[{"embeddable":true,"href":"http:\/\/www.rukajarvensuunnanhistoriayhdistys.fi\/rukajarvikeskus\/wp-json\/wp\/v2\/users\/4"}],"replies":[{"embeddable":true,"href":"http:\/\/www.rukajarvensuunnanhistoriayhdistys.fi\/rukajarvikeskus\/wp-json\/wp\/v2\/comments?post=1952"}],"version-history":[{"count":1,"href":"http:\/\/www.rukajarvensuunnanhistoriayhdistys.fi\/rukajarvikeskus\/wp-json\/wp\/v2\/posts\/1952\/revisions"}],"predecessor-version":[{"id":1953,"href":"http:\/\/www.rukajarvensuunnanhistoriayhdistys.fi\/rukajarvikeskus\/wp-json\/wp\/v2\/posts\/1952\/revisions\/1953"}],"wp:featuredmedia":[{"embeddable":true,"href":"http:\/\/www.rukajarvensuunnanhistoriayhdistys.fi\/rukajarvikeskus\/wp-json\/wp\/v2\/media\/1948"}],"wp:attachment":[{"href":"http:\/\/www.rukajarvensuunnanhistoriayhdistys.fi\/rukajarvikeskus\/wp-json\/wp\/v2\/media?parent=1952"}],"wp:term":[{"taxonomy":"category","embeddable":true,"href":"http:\/\/www.rukajarvensuunnanhistoriayhdistys.fi\/rukajarvikeskus\/wp-json\/wp\/v2\/categories?post=1952"},{"taxonomy":"post_tag","embeddable":true,"href":"http:\/\/www.rukajarvensuunnanhistoriayhdistys.fi\/rukajarvikeskus\/wp-json\/wp\/v2\/tags?post=1952"}],"curies":[{"name":"wp","href":"https:\/\/api.w.org\/{rel}","templated":true}]}}