{"id":2099,"date":"2016-02-13T21:28:12","date_gmt":"2016-02-13T18:28:12","guid":{"rendered":"http:\/\/www.rukajarvensuunnanhistoriayhdistys.fi\/rukajarvikeskus\/?p=2099"},"modified":"2016-02-13T21:37:58","modified_gmt":"2016-02-13T18:37:58","slug":"iisalmessa-muistotilaisuus-17-2-2016-klo-11-00","status":"publish","type":"post","link":"http:\/\/www.rukajarvensuunnanhistoriayhdistys.fi\/rukajarvikeskus\/ajankohtaista\/iisalmessa-muistotilaisuus-17-2-2016-klo-11-00\/","title":{"rendered":"Iisalmessa muistotilaisuus 17.2.2016 klo 11.00"},"content":{"rendered":"<div class=\"fcbkbttn_buttons_block\" id=\"fcbkbttn_left\"><div class=\"fcbkbttn_like \"><fb:like href=\"http:\/\/www.rukajarvensuunnanhistoriayhdistys.fi\/rukajarvikeskus\/ajankohtaista\/iisalmessa-muistotilaisuus-17-2-2016-klo-11-00\/\" action=\"like\" colorscheme=\"light\" layout=\"button_count\"  size=\"small\"><\/fb:like><\/div><\/div><p>Keskiviikkona 17.2. klo 10.00 vietet\u00e4\u00e4n perinteinen pienimuotoinen tilaisuus ja kaupungin edustajat sytytt\u00e4v\u00e4t kynttil\u00e4t \u00a0talvisodan pommituksissa (v. 1940) Iisalmessa menehtyneiden muistoksi. \u00a0Paikkana P\u00e4ivi\u00f6nkadun ja Pohjoisen puistoraitin kulmassa oleva muistomerkki. Muistomerkki \u00a0on paikalla, jossa sijaitsi v\u00e4est\u00f6nsuoja johon suojaan menneet kaikki 29 henkil\u00f6\u00e4 saivat surmansa pommin osuttua siihen. Yhteens\u00e4 tuona p\u00e4iv\u00e4n\u00e4 pommitukseen kuoli 41 iisalmelaista. Iisalmea pommitettiin talvisodan aikaan yhteens\u00e4 viiten\u00e4 eri p\u00e4iv\u00e4n\u00e4.<\/p>\n<p>Tervetuloa\u00a0mukaan muistelemaan paikallishistoriaa!<\/p>\n<p>Muistomerkill\u00e4 j\u00e4rjestetyn tilaisuuden j\u00e4lkeen kokoonnutaan Iisalmen Rukaj\u00e4rvi-keskukseen (Savonkatu 24) muistelemaan n\u00e4it\u00e4 76-vuoden takaisia, maamme historiaa syv\u00e4sti koskettavia tapahtumia. Talousneuvos Jouko Pennasen luento Iisalmen Talvisodan pommituksista alkaa klo 11.00.<\/p>\n<p>Yleis\u00f6n toivotaan osallistuvan keskusteluun ja tuovan mukanaan pommitusta koskevia kirjoituksia ja valokuvia.<\/p>\n<figure id=\"attachment_2100\" aria-describedby=\"caption-attachment-2100\" style=\"width: 765px\" class=\"wp-caption alignnone\"><a href=\"http:\/\/www.rukajarvensuunnanhistoriayhdistys.fi\/rukajarvikeskus\/wp-content\/uploads\/2016\/02\/Iisalmen-pommitus-17-2-1940.jpg\" rel=\"attachment wp-att-2100\"><img loading=\"lazy\" decoding=\"async\" class=\"wp-image-2100 size-full\" src=\"http:\/\/www.rukajarvensuunnanhistoriayhdistys.fi\/rukajarvikeskus\/wp-content\/uploads\/2016\/02\/Iisalmen-pommitus-17-2-1940.jpg\" alt=\"Kansa taisteli - 3 - 1980.\" width=\"765\" height=\"714\" srcset=\"http:\/\/www.rukajarvensuunnanhistoriayhdistys.fi\/rukajarvikeskus\/wp-content\/uploads\/2016\/02\/Iisalmen-pommitus-17-2-1940.jpg 765w, http:\/\/www.rukajarvensuunnanhistoriayhdistys.fi\/rukajarvikeskus\/wp-content\/uploads\/2016\/02\/Iisalmen-pommitus-17-2-1940-300x280.jpg 300w\" sizes=\"auto, (max-width: 765px) 100vw, 765px\" \/><\/a><figcaption id=\"caption-attachment-2100\" class=\"wp-caption-text\">Kansa taisteli &#8211; 3 &#8211; 1980.<\/figcaption><\/figure>\n<p>Iisalmen Rukaj\u00e4rvi-keskuksessa on esill\u00e4 suutariksi j\u00e4\u00e4nyt lentopommi, jollaisilla aluetta pommitettiin.<\/p>\n<p>Rukaj\u00e4rvi-keskuksen tilaisuuden j\u00e4rjestelyist\u00e4 vastaa Iisalmen Seudun Lottaperinneyhdistys ry, Yl\u00e4-Savon Sotilaspoikien kilta ry ja Rukaj\u00e4rvi-keskus\/Rukaj\u00e4rven suunnan historiayhdistys<\/p>\n<p><strong>Laittakaa sana kiert\u00e4m\u00e4\u00e4n!<\/strong><\/p>\n<p>PS: Tilaisuudessa lyhyt esittely pian ilmestyv\u00e4st\u00e4 kirjasta Raappanan ritari.<\/p>\n","protected":false},"excerpt":{"rendered":"<p>Keskiviikkona 17.2. klo 10.00 vietet\u00e4\u00e4n perinteinen pienimuotoinen tilaisuus ja kaupungin edustajat sytytt\u00e4v\u00e4t kynttil\u00e4t \u00a0talvisodan pommituksissa (v. 1940) Iisalmessa menehtyneiden muistoksi. \u00a0Paikkana P\u00e4ivi\u00f6nkadun ja Pohjoisen puistoraitin kulmassa oleva muistomerkki. Muistomerkki \u00a0on <a class=\"more-link\" href=\"http:\/\/www.rukajarvensuunnanhistoriayhdistys.fi\/rukajarvikeskus\/ajankohtaista\/iisalmessa-muistotilaisuus-17-2-2016-klo-11-00\/\">Lue lis\u00e4\u00e4&#8230;<span class=\"screen-reader-text\">Iisalmessa muistotilaisuus 17.2.2016 klo 11.00<\/span><span class=\"meta-nav\">\u2192<\/span><\/a><\/p>\n","protected":false},"author":4,"featured_media":0,"comment_status":"closed","ping_status":"open","sticky":false,"template":"","format":"standard","meta":{"ngg_post_thumbnail":0,"_jetpack_newsletter_access":"","_jetpack_dont_email_post_to_subs":false,"_jetpack_newsletter_tier_id":0,"_jetpack_memberships_contains_paywalled_content":false,"_jetpack_memberships_contains_paid_content":false,"footnotes":""},"categories":[26],"tags":[],"class_list":["post-2099","post","type-post","status-publish","format-standard","hentry","category-ajankohtaista"],"jetpack_featured_media_url":"","jetpack_sharing_enabled":true,"jetpack_shortlink":"https:\/\/wp.me\/p72N2f-xR","_links":{"self":[{"href":"http:\/\/www.rukajarvensuunnanhistoriayhdistys.fi\/rukajarvikeskus\/wp-json\/wp\/v2\/posts\/2099","targetHints":{"allow":["GET"]}}],"collection":[{"href":"http:\/\/www.rukajarvensuunnanhistoriayhdistys.fi\/rukajarvikeskus\/wp-json\/wp\/v2\/posts"}],"about":[{"href":"http:\/\/www.rukajarvensuunnanhistoriayhdistys.fi\/rukajarvikeskus\/wp-json\/wp\/v2\/types\/post"}],"author":[{"embeddable":true,"href":"http:\/\/www.rukajarvensuunnanhistoriayhdistys.fi\/rukajarvikeskus\/wp-json\/wp\/v2\/users\/4"}],"replies":[{"embeddable":true,"href":"http:\/\/www.rukajarvensuunnanhistoriayhdistys.fi\/rukajarvikeskus\/wp-json\/wp\/v2\/comments?post=2099"}],"version-history":[{"count":3,"href":"http:\/\/www.rukajarvensuunnanhistoriayhdistys.fi\/rukajarvikeskus\/wp-json\/wp\/v2\/posts\/2099\/revisions"}],"predecessor-version":[{"id":2103,"href":"http:\/\/www.rukajarvensuunnanhistoriayhdistys.fi\/rukajarvikeskus\/wp-json\/wp\/v2\/posts\/2099\/revisions\/2103"}],"wp:attachment":[{"href":"http:\/\/www.rukajarvensuunnanhistoriayhdistys.fi\/rukajarvikeskus\/wp-json\/wp\/v2\/media?parent=2099"}],"wp:term":[{"taxonomy":"category","embeddable":true,"href":"http:\/\/www.rukajarvensuunnanhistoriayhdistys.fi\/rukajarvikeskus\/wp-json\/wp\/v2\/categories?post=2099"},{"taxonomy":"post_tag","embeddable":true,"href":"http:\/\/www.rukajarvensuunnanhistoriayhdistys.fi\/rukajarvikeskus\/wp-json\/wp\/v2\/tags?post=2099"}],"curies":[{"name":"wp","href":"https:\/\/api.w.org\/{rel}","templated":true}]}}