{"id":2104,"date":"2016-02-16T00:08:51","date_gmt":"2016-02-15T21:08:51","guid":{"rendered":"http:\/\/www.rukajarvensuunnanhistoriayhdistys.fi\/rukajarvikeskus\/?p=2104"},"modified":"2016-02-16T09:25:16","modified_gmt":"2016-02-16T06:25:16","slug":"perttulin-osasto-mtb-jotos-suonenjoella-27-28-8-2016","status":"publish","type":"post","link":"http:\/\/www.rukajarvensuunnanhistoriayhdistys.fi\/rukajarvikeskus\/ajankohtaista\/perttulin-osasto-mtb-jotos-suonenjoella-27-28-8-2016\/","title":{"rendered":"PERTTULIN OSASTO &#8211; MTB  JOTOS  SUONENJOELLA  27. &#8211; 28.8.2016"},"content":{"rendered":"<div class=\"fcbkbttn_buttons_block\" id=\"fcbkbttn_left\"><div class=\"fcbkbttn_like \"><fb:like href=\"http:\/\/www.rukajarvensuunnanhistoriayhdistys.fi\/rukajarvikeskus\/ajankohtaista\/perttulin-osasto-mtb-jotos-suonenjoella-27-28-8-2016\/\" action=\"like\" colorscheme=\"light\" layout=\"button_count\"  size=\"small\"><\/fb:like><\/div><\/div><p><strong>PERTTULIN OSASTO &#8211; MTB\u00a0 JOTOS\u00a0 SUONENJOELLA\u00a0 27. &#8211; 28.8.2016\u00a0 &#8211;\u00a0 OTA YHTEYTT\u00c4 &#8211; ILMOITTAUDU &#8211; LIS\u00c4TIETOA OHEISESTA MAINOKSESTA!<\/strong><\/p>\n<p><a href=\"http:\/\/www.rukajarvensuunnanhistoriayhdistys.fi\/rukajarvikeskus\/wp-content\/uploads\/2016\/02\/Mainos-27-28-8-2016.jpg\" rel=\"attachment wp-att-2105\"><img loading=\"lazy\" decoding=\"async\" class=\"alignnone wp-image-2105 size-full\" src=\"http:\/\/www.rukajarvensuunnanhistoriayhdistys.fi\/rukajarvikeskus\/wp-content\/uploads\/2016\/02\/Mainos-27-28-8-2016.jpg\" alt=\"Mainos-27-28-8-2016\" width=\"1447\" height=\"2048\" srcset=\"http:\/\/www.rukajarvensuunnanhistoriayhdistys.fi\/rukajarvikeskus\/wp-content\/uploads\/2016\/02\/Mainos-27-28-8-2016.jpg 1447w, http:\/\/www.rukajarvensuunnanhistoriayhdistys.fi\/rukajarvikeskus\/wp-content\/uploads\/2016\/02\/Mainos-27-28-8-2016-212x300.jpg 212w, http:\/\/www.rukajarvensuunnanhistoriayhdistys.fi\/rukajarvikeskus\/wp-content\/uploads\/2016\/02\/Mainos-27-28-8-2016-768x1087.jpg 768w, http:\/\/www.rukajarvensuunnanhistoriayhdistys.fi\/rukajarvikeskus\/wp-content\/uploads\/2016\/02\/Mainos-27-28-8-2016-724x1024.jpg 724w\" sizes=\"auto, (max-width: 1447px) 100vw, 1447px\" \/><\/a><\/p>\n<figure id=\"attachment_2110\" aria-describedby=\"caption-attachment-2110\" style=\"width: 2598px\" class=\"wp-caption alignnone\"><a href=\"http:\/\/www.rukajarvensuunnanhistoriayhdistys.fi\/rukajarvikeskus\/wp-content\/uploads\/2016\/02\/Perttuli-ja-Varis-1941-1008.jpg\" rel=\"attachment wp-att-2110\"><img loading=\"lazy\" decoding=\"async\" class=\"wp-image-2110 size-full\" src=\"http:\/\/www.rukajarvensuunnanhistoriayhdistys.fi\/rukajarvikeskus\/wp-content\/uploads\/2016\/02\/Perttuli-ja-Varis-1941-1008.jpg\" alt=\"Perttuli ja Varis Lieksaj\u00e4rven kierroksella hein\u00e4kuun alussa 1941. Perttuli k\u00e4rjess\u00e4.\" width=\"2598\" height=\"1699\" srcset=\"http:\/\/www.rukajarvensuunnanhistoriayhdistys.fi\/rukajarvikeskus\/wp-content\/uploads\/2016\/02\/Perttuli-ja-Varis-1941-1008.jpg 2598w, http:\/\/www.rukajarvensuunnanhistoriayhdistys.fi\/rukajarvikeskus\/wp-content\/uploads\/2016\/02\/Perttuli-ja-Varis-1941-1008-300x196.jpg 300w, http:\/\/www.rukajarvensuunnanhistoriayhdistys.fi\/rukajarvikeskus\/wp-content\/uploads\/2016\/02\/Perttuli-ja-Varis-1941-1008-768x502.jpg 768w, http:\/\/www.rukajarvensuunnanhistoriayhdistys.fi\/rukajarvikeskus\/wp-content\/uploads\/2016\/02\/Perttuli-ja-Varis-1941-1008-1024x670.jpg 1024w\" sizes=\"auto, (max-width: 2598px) 100vw, 2598px\" \/><\/a><figcaption id=\"caption-attachment-2110\" class=\"wp-caption-text\">Perttuli ja Varis Lieksaj\u00e4rven kierroksella hein\u00e4kuun alussa 1941. Perttuli k\u00e4rjess\u00e4.<\/figcaption><\/figure>\n<p>&nbsp;<\/p>\n<p>&nbsp;<\/p>\n<p>&nbsp;<\/p>\n","protected":false},"excerpt":{"rendered":"<p>PERTTULIN OSASTO &#8211; MTB\u00a0 JOTOS\u00a0 SUONENJOELLA\u00a0 27. &#8211; 28.8.2016\u00a0 &#8211;\u00a0 OTA YHTEYTT\u00c4 &#8211; ILMOITTAUDU &#8211; LIS\u00c4TIETOA OHEISESTA MAINOKSESTA! &nbsp; &nbsp; &nbsp;<\/p>\n","protected":false},"author":4,"featured_media":2105,"comment_status":"closed","ping_status":"open","sticky":false,"template":"","format":"standard","meta":{"ngg_post_thumbnail":0,"_jetpack_newsletter_access":"","_jetpack_dont_email_post_to_subs":false,"_jetpack_newsletter_tier_id":0,"_jetpack_memberships_contains_paywalled_content":false,"_jetpack_memberships_contains_paid_content":false,"footnotes":""},"categories":[26],"tags":[],"class_list":["post-2104","post","type-post","status-publish","format-standard","has-post-thumbnail","hentry","category-ajankohtaista"],"jetpack_featured_media_url":"http:\/\/www.rukajarvensuunnanhistoriayhdistys.fi\/rukajarvikeskus\/wp-content\/uploads\/2016\/02\/Mainos-27-28-8-2016.jpg","jetpack_sharing_enabled":true,"jetpack_shortlink":"https:\/\/wp.me\/p72N2f-xW","_links":{"self":[{"href":"http:\/\/www.rukajarvensuunnanhistoriayhdistys.fi\/rukajarvikeskus\/wp-json\/wp\/v2\/posts\/2104","targetHints":{"allow":["GET"]}}],"collection":[{"href":"http:\/\/www.rukajarvensuunnanhistoriayhdistys.fi\/rukajarvikeskus\/wp-json\/wp\/v2\/posts"}],"about":[{"href":"http:\/\/www.rukajarvensuunnanhistoriayhdistys.fi\/rukajarvikeskus\/wp-json\/wp\/v2\/types\/post"}],"author":[{"embeddable":true,"href":"http:\/\/www.rukajarvensuunnanhistoriayhdistys.fi\/rukajarvikeskus\/wp-json\/wp\/v2\/users\/4"}],"replies":[{"embeddable":true,"href":"http:\/\/www.rukajarvensuunnanhistoriayhdistys.fi\/rukajarvikeskus\/wp-json\/wp\/v2\/comments?post=2104"}],"version-history":[{"count":4,"href":"http:\/\/www.rukajarvensuunnanhistoriayhdistys.fi\/rukajarvikeskus\/wp-json\/wp\/v2\/posts\/2104\/revisions"}],"predecessor-version":[{"id":2111,"href":"http:\/\/www.rukajarvensuunnanhistoriayhdistys.fi\/rukajarvikeskus\/wp-json\/wp\/v2\/posts\/2104\/revisions\/2111"}],"wp:featuredmedia":[{"embeddable":true,"href":"http:\/\/www.rukajarvensuunnanhistoriayhdistys.fi\/rukajarvikeskus\/wp-json\/wp\/v2\/media\/2105"}],"wp:attachment":[{"href":"http:\/\/www.rukajarvensuunnanhistoriayhdistys.fi\/rukajarvikeskus\/wp-json\/wp\/v2\/media?parent=2104"}],"wp:term":[{"taxonomy":"category","embeddable":true,"href":"http:\/\/www.rukajarvensuunnanhistoriayhdistys.fi\/rukajarvikeskus\/wp-json\/wp\/v2\/categories?post=2104"},{"taxonomy":"post_tag","embeddable":true,"href":"http:\/\/www.rukajarvensuunnanhistoriayhdistys.fi\/rukajarvikeskus\/wp-json\/wp\/v2\/tags?post=2104"}],"curies":[{"name":"wp","href":"https:\/\/api.w.org\/{rel}","templated":true}]}}