{"id":2115,"date":"2016-03-10T01:30:54","date_gmt":"2016-03-09T22:30:54","guid":{"rendered":"http:\/\/www.rukajarvensuunnanhistoriayhdistys.fi\/rukajarvikeskus\/?p=2115"},"modified":"2016-03-12T19:46:12","modified_gmt":"2016-03-12T16:46:12","slug":"tauno-tikkanen-100-vuotta-10-3-2016","status":"publish","type":"post","link":"http:\/\/www.rukajarvensuunnanhistoriayhdistys.fi\/rukajarvikeskus\/ajankohtaista\/tauno-tikkanen-100-vuotta-10-3-2016\/","title":{"rendered":"Tauno Tikkanen 100 vuotta 10.3.2016"},"content":{"rendered":"<div class=\"fcbkbttn_buttons_block\" id=\"fcbkbttn_left\"><div class=\"fcbkbttn_like \"><fb:like href=\"http:\/\/www.rukajarvensuunnanhistoriayhdistys.fi\/rukajarvikeskus\/ajankohtaista\/tauno-tikkanen-100-vuotta-10-3-2016\/\" action=\"like\" colorscheme=\"light\" layout=\"button_count\"  size=\"small\"><\/fb:like><\/div><\/div><p>Talvisodassa Tauno Tikkanen (10.3.1916) taisteli Kannaksella JP 2:ssa l\u00e4hettin\u00e4 haavoittuen 29.2.1940. Tikkanen menetti kolme komppanianp\u00e4\u00e4llikk\u00f6\u00e4\u00e4n: Talvisodassa ltn. Esko Verhon ja Rukaj\u00e4rvell\u00e4 Marskin ritari Niilo Korhosen sek\u00e4 ltn. Seppo H\u00e4nnisen.<\/p>\n<p>Jatkosodassa h\u00e4n taisteli Rukaj\u00e4rvell\u00e4 \u00a0Kevyt Osasto 2:n ja JR 10:n joukoissa osallistuen mm. Majewskin partioretkeen Muurmannin radalle.<\/p>\n<figure id=\"attachment_2117\" aria-describedby=\"caption-attachment-2117\" style=\"width: 3072px\" class=\"wp-caption alignnone\"><a href=\"http:\/\/www.rukajarvensuunnanhistoriayhdistys.fi\/rukajarvikeskus\/wp-content\/uploads\/2016\/03\/Maunu-Kankaanp\u00e4\u00e4-ja-Tauno-Tikkanen-WP_20160309_21_19_51_Pro.jpg\" rel=\"attachment wp-att-2117\"><img loading=\"lazy\" decoding=\"async\" class=\"wp-image-2117 size-full\" src=\"http:\/\/www.rukajarvensuunnanhistoriayhdistys.fi\/rukajarvikeskus\/wp-content\/uploads\/2016\/03\/Maunu-Kankaanp\u00e4\u00e4-ja-Tauno-Tikkanen-WP_20160309_21_19_51_Pro.jpg\" alt=\"Tauno Tikkanen (s.10.3.1916) ja h\u00e4nen komppaniakaverinsa Maunu Kankaanp\u00e4\u00e4 (11.5.1923)Taunon pihapiiriin pysytetyss\u00e4 teltassa. Maunu tuli Vantaalta saakka rintamavelje\u00e4\u00e4n onnittelemaan. Juttua riitti yhteisist\u00e4 kokemuksista. Heid\u00e4n komppanianp\u00e4\u00e4llikk\u00f6ns\u00e4 kaatui 16.8.44 Jatkosodan viimeiseksi j\u00e4\u00e4neess\u00e4 taistelussa Suomen ja neuvostoarmeijan v\u00e4lill\u00e4. \" width=\"3072\" height=\"1728\" srcset=\"http:\/\/www.rukajarvensuunnanhistoriayhdistys.fi\/rukajarvikeskus\/wp-content\/uploads\/2016\/03\/Maunu-Kankaanp\u00e4\u00e4-ja-Tauno-Tikkanen-WP_20160309_21_19_51_Pro.jpg 3072w, http:\/\/www.rukajarvensuunnanhistoriayhdistys.fi\/rukajarvikeskus\/wp-content\/uploads\/2016\/03\/Maunu-Kankaanp\u00e4\u00e4-ja-Tauno-Tikkanen-WP_20160309_21_19_51_Pro-300x169.jpg 300w, http:\/\/www.rukajarvensuunnanhistoriayhdistys.fi\/rukajarvikeskus\/wp-content\/uploads\/2016\/03\/Maunu-Kankaanp\u00e4\u00e4-ja-Tauno-Tikkanen-WP_20160309_21_19_51_Pro-768x432.jpg 768w, http:\/\/www.rukajarvensuunnanhistoriayhdistys.fi\/rukajarvikeskus\/wp-content\/uploads\/2016\/03\/Maunu-Kankaanp\u00e4\u00e4-ja-Tauno-Tikkanen-WP_20160309_21_19_51_Pro-1024x576.jpg 1024w\" sizes=\"auto, (max-width: 3072px) 100vw, 3072px\" \/><\/a><figcaption id=\"caption-attachment-2117\" class=\"wp-caption-text\">Tauno Tikkanen (s.10.3.1916) ja h\u00e4nen komppaniakaverinsa Maunu Kankaanp\u00e4\u00e4 (11.5.1923)Taunon pihapiiriin pysytetyss\u00e4 teltassa. Maunu tuli Vantaalta saakka rintamavelje\u00e4\u00e4n onnittelemaan. Juttua riitti yhteisist\u00e4 kokemuksista. Heid\u00e4n komppanianp\u00e4\u00e4llikk\u00f6ns\u00e4 kaatui 16.8.44 Jatkosodan viimeiseksi j\u00e4\u00e4neess\u00e4 taistelussa Suomen ja neuvostoarmeijan v\u00e4lill\u00e4.<\/figcaption><\/figure>\n<figure id=\"attachment_2116\" aria-describedby=\"caption-attachment-2116\" style=\"width: 3072px\" class=\"wp-caption alignnone\"><a href=\"http:\/\/www.rukajarvensuunnanhistoriayhdistys.fi\/rukajarvikeskus\/wp-content\/uploads\/2016\/03\/Lassilan-pihapiiri-WP_20160309_21_29_03_Pro.jpg\" rel=\"attachment wp-att-2116\"><img loading=\"lazy\" decoding=\"async\" class=\"wp-image-2116 size-full\" src=\"http:\/\/www.rukajarvensuunnanhistoriayhdistys.fi\/rukajarvikeskus\/wp-content\/uploads\/2016\/03\/Lassilan-pihapiiri-WP_20160309_21_29_03_Pro.jpg\" alt=\"Taunon pihapiiriin pystytettiin teltta, jossa veteraaniveljet aikovat nukahtaa tulevana y\u00f6n\u00e4 ainakin hetken.\" width=\"3072\" height=\"1728\" srcset=\"http:\/\/www.rukajarvensuunnanhistoriayhdistys.fi\/rukajarvikeskus\/wp-content\/uploads\/2016\/03\/Lassilan-pihapiiri-WP_20160309_21_29_03_Pro.jpg 3072w, http:\/\/www.rukajarvensuunnanhistoriayhdistys.fi\/rukajarvikeskus\/wp-content\/uploads\/2016\/03\/Lassilan-pihapiiri-WP_20160309_21_29_03_Pro-300x169.jpg 300w, http:\/\/www.rukajarvensuunnanhistoriayhdistys.fi\/rukajarvikeskus\/wp-content\/uploads\/2016\/03\/Lassilan-pihapiiri-WP_20160309_21_29_03_Pro-768x432.jpg 768w, http:\/\/www.rukajarvensuunnanhistoriayhdistys.fi\/rukajarvikeskus\/wp-content\/uploads\/2016\/03\/Lassilan-pihapiiri-WP_20160309_21_29_03_Pro-1024x576.jpg 1024w\" sizes=\"auto, (max-width: 3072px) 100vw, 3072px\" \/><\/a><figcaption id=\"caption-attachment-2116\" class=\"wp-caption-text\">Taunon pihapiiriin pystytettiin teltta, jossa veteraaniveljet aikovat nukahtaa tulevana y\u00f6n\u00e4 ainakin hetken.<\/figcaption><\/figure>\n<p>Tikkanen yleni Rukaj\u00e4rvell\u00e4 kersantiksi toimittuaan ryhm\u00e4n- ja sittemmin puolijoukkueenjohtajana.<\/p>\n<p>Ylikersantti Tauno Tikkanen asuu varsin hyv\u00e4kuntoisena kotonaan uunil\u00e4mmitystalossa toimien 94-vuotiaan vaimonsa omaishoitajana.<\/p>\n<p>Aila Elo ja Antero Huttunen<\/p>\n<p><strong><span style=\"color: #373737; font-family: 'Helvetica','sans-serif'; font-size: 10.5pt;\">Lis\u00e4tietoa Taunon syntym\u00e4p\u00e4ivilt\u00e4:<\/span><\/strong><\/p>\n<p><span style=\"color: #373737; font-family: 'Helvetica','sans-serif'; font-size: 10.5pt;\">MTV3-Uutisteksti: <a href=\"http:\/\/www.mtv.fi\/uutiset\/kotimaa\/artikkeli\/100-vuotias-sotaveteraani-tauno-tikkanen-neuvoo-pitkan-ian-salaisuuden-muistakaa-hengittaa\/5783078\"><u><span style=\"color: #0000ff;\">http:\/\/www.mtv.fi\/uutiset\/kotimaa\/artikkeli\/100-vuotias-sotaveteraani-tauno-tikkanen-neuvoo-pitkan-ian-salaisuuden-muistakaa-hengittaa\/5783078<\/span><\/u><\/a><\/span><\/p>\n<p><span style=\"color: #373737; font-family: 'Helvetica','sans-serif'; font-size: 10.5pt;\"><a href=\"http:\/\/www.katsomo.fi\/#!\/ohjelma\/33001025\/kevennykset\"><u><span style=\"color: #0000ff;\">http:\/\/www.katsomo.fi\/#!\/ohjelma\/33001025\/kevennykset<\/span><\/u><\/a><\/span><\/p>\n<p><span style=\"color: #373737; font-family: 'Helvetica','sans-serif'; font-size: 10.5pt;\">Sek\u00e4 Sotaveteraaniliitto: <a href=\"https:\/\/www.facebook.com\/sotaveteraaniliitto\/?fref=nf\"><u><span style=\"color: #0000ff;\">https:\/\/www.facebook.com\/sotaveteraaniliitto\/?fref=nf<\/span><\/u><\/a><\/span><\/p>\n<p>&nbsp;<\/p>\n","protected":false},"excerpt":{"rendered":"<p>Talvisodassa Tauno Tikkanen (10.3.1916) taisteli Kannaksella JP 2:ssa l\u00e4hettin\u00e4 haavoittuen 29.2.1940. Tikkanen menetti kolme komppanianp\u00e4\u00e4llikk\u00f6\u00e4\u00e4n: Talvisodassa ltn. Esko Verhon ja Rukaj\u00e4rvell\u00e4 Marskin ritari Niilo Korhosen sek\u00e4 ltn. Seppo H\u00e4nnisen. Jatkosodassa <a class=\"more-link\" href=\"http:\/\/www.rukajarvensuunnanhistoriayhdistys.fi\/rukajarvikeskus\/ajankohtaista\/tauno-tikkanen-100-vuotta-10-3-2016\/\">Lue lis\u00e4\u00e4&#8230;<span class=\"screen-reader-text\">Tauno Tikkanen 100 vuotta 10.3.2016<\/span><span class=\"meta-nav\">\u2192<\/span><\/a><\/p>\n","protected":false},"author":4,"featured_media":0,"comment_status":"closed","ping_status":"open","sticky":false,"template":"","format":"standard","meta":{"ngg_post_thumbnail":0,"_jetpack_newsletter_access":"","_jetpack_dont_email_post_to_subs":false,"_jetpack_newsletter_tier_id":0,"_jetpack_memberships_contains_paywalled_content":false,"_jetpack_memberships_contains_paid_content":false,"footnotes":""},"categories":[26],"tags":[],"class_list":["post-2115","post","type-post","status-publish","format-standard","hentry","category-ajankohtaista"],"jetpack_featured_media_url":"","jetpack_sharing_enabled":true,"jetpack_shortlink":"https:\/\/wp.me\/p72N2f-y7","_links":{"self":[{"href":"http:\/\/www.rukajarvensuunnanhistoriayhdistys.fi\/rukajarvikeskus\/wp-json\/wp\/v2\/posts\/2115","targetHints":{"allow":["GET"]}}],"collection":[{"href":"http:\/\/www.rukajarvensuunnanhistoriayhdistys.fi\/rukajarvikeskus\/wp-json\/wp\/v2\/posts"}],"about":[{"href":"http:\/\/www.rukajarvensuunnanhistoriayhdistys.fi\/rukajarvikeskus\/wp-json\/wp\/v2\/types\/post"}],"author":[{"embeddable":true,"href":"http:\/\/www.rukajarvensuunnanhistoriayhdistys.fi\/rukajarvikeskus\/wp-json\/wp\/v2\/users\/4"}],"replies":[{"embeddable":true,"href":"http:\/\/www.rukajarvensuunnanhistoriayhdistys.fi\/rukajarvikeskus\/wp-json\/wp\/v2\/comments?post=2115"}],"version-history":[{"count":3,"href":"http:\/\/www.rukajarvensuunnanhistoriayhdistys.fi\/rukajarvikeskus\/wp-json\/wp\/v2\/posts\/2115\/revisions"}],"predecessor-version":[{"id":2120,"href":"http:\/\/www.rukajarvensuunnanhistoriayhdistys.fi\/rukajarvikeskus\/wp-json\/wp\/v2\/posts\/2115\/revisions\/2120"}],"wp:attachment":[{"href":"http:\/\/www.rukajarvensuunnanhistoriayhdistys.fi\/rukajarvikeskus\/wp-json\/wp\/v2\/media?parent=2115"}],"wp:term":[{"taxonomy":"category","embeddable":true,"href":"http:\/\/www.rukajarvensuunnanhistoriayhdistys.fi\/rukajarvikeskus\/wp-json\/wp\/v2\/categories?post=2115"},{"taxonomy":"post_tag","embeddable":true,"href":"http:\/\/www.rukajarvensuunnanhistoriayhdistys.fi\/rukajarvikeskus\/wp-json\/wp\/v2\/tags?post=2115"}],"curies":[{"name":"wp","href":"https:\/\/api.w.org\/{rel}","templated":true}]}}