{"id":2132,"date":"2016-03-15T12:46:54","date_gmt":"2016-03-15T09:46:54","guid":{"rendered":"http:\/\/www.rukajarvensuunnanhistoriayhdistys.fi\/rukajarvikeskus\/?p=2132"},"modified":"2023-11-14T21:16:19","modified_gmt":"2023-11-14T18:16:19","slug":"tenho-tikkanen-paivansankarille-esimerkin-voima-on-ollut-pentti-perttulin-vahvuus","status":"publish","type":"post","link":"http:\/\/www.rukajarvensuunnanhistoriayhdistys.fi\/rukajarvikeskus\/ajankohtaista\/tenho-tikkanen-paivansankarille-esimerkin-voima-on-ollut-pentti-perttulin-vahvuus\/","title":{"rendered":"Tenho Tikkanen p\u00e4iv\u00e4nsankarille: &#8221;Esimerkin voima on ollut Pentti Perttulin vahvuus&#8221;"},"content":{"rendered":"<div class=\"fcbkbttn_buttons_block\" id=\"fcbkbttn_left\"><div class=\"fcbkbttn_like \"><fb:like href=\"http:\/\/www.rukajarvensuunnanhistoriayhdistys.fi\/rukajarvikeskus\/ajankohtaista\/tenho-tikkanen-paivansankarille-esimerkin-voima-on-ollut-pentti-perttulin-vahvuus\/\" action=\"like\" colorscheme=\"light\" layout=\"button_count\"  size=\"small\"><\/fb:like><\/div><\/div><p>Ote puheenjohtaja Tenho Tikkasen puheesta Pentti Perttulin 100-vuotisjuhlatilaisuudessa:<\/p>\n<figure id=\"attachment_2133\" aria-describedby=\"caption-attachment-2133\" style=\"width: 2597px\" class=\"wp-caption alignnone\"><a href=\"http:\/\/www.rukajarvensuunnanhistoriayhdistys.fi\/rukajarvikeskus\/wp-content\/uploads\/2016\/03\/A-POP-100-vuotta-Pentti-Perttuli-13-3-2016.jpg\" rel=\"attachment wp-att-2133\"><img loading=\"lazy\" decoding=\"async\" class=\"wp-image-2133 size-full\" src=\"http:\/\/www.rukajarvensuunnanhistoriayhdistys.fi\/rukajarvikeskus\/wp-content\/uploads\/2016\/03\/A-POP-100-vuotta-Pentti-Perttuli-13-3-2016.jpg\" alt=\"Pentti Perttuli 100 vuotta 13.3.2016.\" width=\"2597\" height=\"3210\" srcset=\"http:\/\/www.rukajarvensuunnanhistoriayhdistys.fi\/rukajarvikeskus\/wp-content\/uploads\/2016\/03\/A-POP-100-vuotta-Pentti-Perttuli-13-3-2016.jpg 2597w, http:\/\/www.rukajarvensuunnanhistoriayhdistys.fi\/rukajarvikeskus\/wp-content\/uploads\/2016\/03\/A-POP-100-vuotta-Pentti-Perttuli-13-3-2016-243x300.jpg 243w, http:\/\/www.rukajarvensuunnanhistoriayhdistys.fi\/rukajarvikeskus\/wp-content\/uploads\/2016\/03\/A-POP-100-vuotta-Pentti-Perttuli-13-3-2016-768x949.jpg 768w, http:\/\/www.rukajarvensuunnanhistoriayhdistys.fi\/rukajarvikeskus\/wp-content\/uploads\/2016\/03\/A-POP-100-vuotta-Pentti-Perttuli-13-3-2016-828x1024.jpg 828w\" sizes=\"auto, (max-width: 2597px) 100vw, 2597px\" \/><\/a><figcaption id=\"caption-attachment-2133\" class=\"wp-caption-text\">Pentti Perttuli 100 vuotta 13.3.2016.<\/figcaption><\/figure>\n<p>Arvoisa p\u00e4iv\u00e4nsankari &#8211; hyv\u00e4t yst\u00e4v\u00e4t.<\/p>\n<p>Meill\u00e4 on ilo saapua tervehtim\u00e4\u00e4n ja onnittelemaan Rukaj\u00e4rven veteraani Pentti Perttulia h\u00e4nen 100-vuotisp\u00e4iv\u00e4n\u00e4\u00e4n.<\/p>\n<p>N\u00e4ihin elettyihin vuosiin sis\u00e4ltyy monenlaista. Monta itse koettua sotaa ja erityist\u00e4 tapahtumaa sek\u00e4 mullistavaa teknist\u00e4 kehityst\u00e4.<\/p>\n<ol>\n<li>1916 Pentti Perttuli syntyi Suomen suuriruhtinaskunnassa.<\/li>\n<li>1917 Suomi itsen\u00e4istyi<\/li>\n<li>1918 Suomessa k\u00e4ytiin vapaus- ja sis\u00e4llissota<\/li>\n<li>1930-Luvun alussa koettiin pula-aika ja k\u00e4ytiin voimakasta yhteiskunnallista keskustelua mm. Lapuan liikkeen ymp\u00e4rill\u00e4<\/li>\n<li>1939 &#8211; 1945 k\u00e4ytiin toinen maailmansota, n\u00e4in\u00e4 vuosina keksittiin tietokone<\/li>\n<li>1952 viimeinen sotakorvausjuna ylitti maamme rajan<\/li>\n<li>1955 n\u00e4htiin maassamme ensimm\u00e4inen tv-l\u00e4hetys<\/li>\n<li>1960-luvulla suoritettiin ensimm\u00e4iset avaruuslennot<\/li>\n<li>1970-luvulla viimeisetkin siirtomaat itsen\u00e4istyiv\u00e4t Afrikassa ja t\u00e4t\u00e4 perinnety\u00f6t\u00e4 ajatellen t\u00e4rke\u00e4 C-kasetti keksittiin, Suomessa pidettiin ETYK-kokous<\/li>\n<li>1980-luvulla Pentti Perttuli j\u00e4i el\u00e4kkeelle, h\u00e4net valittiin Rukaj\u00e4rven suunnan historiikkitoimikuntaan. Berliinin muuri murtui. Kylm\u00e4 sota p\u00e4\u00e4ttyi<\/li>\n<li>1990-luvulla historiikkitoimikunta saa ty\u00f6ns\u00e4 valmiiksi ja Antti Tuurin Rukaj\u00e4rven suunnan teokset ilmestyv\u00e4t ja vuosikymmenen lopulla valmistui Rukaj\u00e4rven tie-elokuva<\/li>\n<li>2000-luvulla perustettiin Rukaj\u00e4rven perinneyhdistyksi\u00e4. Ensimm\u00e4isen\u00e4<\/li>\n<\/ol>\n<p>&#8211; Rukaj\u00e4rven suunnan (14. Divisioonan) perinneyhdistys 2004 jonka nimenmuutoksessa 2005 Rukaj\u00e4rven suunta oli poistettu ilman Perttulin lupaa. Se ei tyydytt\u00e4nyt Pentti Perttulia, vaan perinnety\u00f6t\u00e4 tuli jatkaa nimenomaan Rukaj\u00e4rven suunnan nimen alla.<\/p>\n<p>N\u00e4in syntyi Rukaj\u00e4rven suunnan historiayhdistys, joka perustettiin 19.9.2009 v\u00e4rikk\u00e4itten vaiheitten j\u00e4lkeen Marskin Majalla Lopella. Yhdistyksen perustavan kokouksen kutsun allekirjoitti Pentti Perttuli. Perustamisensa j\u00e4lkeen yhteinen yhdistyksemme on jatkanut Nurmeksessa valitun Rukaj\u00e4rven suunnan historiikkitoimikunnan perinneaineiston ker\u00e4ysty\u00f6t\u00e4. Olemme nimenneet Rukaj\u00e4rven tien Pentti Perttulin vuoden 2004 aloitteen mukaisesti. Olemme perustaneet kaksi Rukaj\u00e4rvi-keskusta, ensin Lieksaan v. 2013 ja seuraavaksi Iisalmeen 13.3. 2014 Pentti Perttulin 98-vuotisp\u00e4iv\u00e4n\u00e4.<\/p>\n<p>Yhdistyksen julkaisutoiminta on mittava. Jokaisena toimintavuotena olemme julkaisseet v\u00e4hint\u00e4\u00e4n yhden teoksen.<\/p>\n<p>Esimerkin voima on ollut Pentti Perttulin vahvuus esimiehen\u00e4 niin sodassa kuin sodanj\u00e4lkeisiss\u00e4 vaativissa teht\u00e4viss\u00e4. Perttulin motto: &#8221;Vihollisen selustaan tekem\u00e4mme partiomatkan j\u00e4lkeen ei voinut katsoa miehi\u00e4 silmiin, ellei esimies asettanut itse\u00e4\u00e4n vuorollaan vaaranpaikkaan, kulkenut etummaisena.&#8221; N\u00e4in saavutettiin tavoitteet ja hyv\u00e4\u00e4 tulosta.<\/p>\n<p>Kuulemme nyt otteen Pentti Perttulin 12.3.1990 sanelusta, mik\u00e4 l\u00f6ytyy kirjoitettuna my\u00f6s t\u00e4m\u00e4n nyt luovutettavan kirjan sivuilta (kuunneltavissa <a href=\"https:\/\/youtu.be\/KsEPRyhyRdA\"><strong>T\u00c4\u00c4LT\u00c4<\/strong><\/a>).<\/p>\n<p>N\u00e4iden sanojen my\u00f6t\u00e4 toivotamme mit\u00e4 parhainta onnea 100-vuotiaalle yhdistyksemme perustajaj\u00e4senelle ja luovutamme teoksen numeroidun ensimm\u00e4isen kappaleen.<\/p>\n<figure id=\"attachment_2138\" aria-describedby=\"caption-attachment-2138\" style=\"width: 4864px\" class=\"wp-caption alignnone\"><a href=\"http:\/\/www.rukajarvensuunnanhistoriayhdistys.fi\/rukajarvikeskus\/wp-content\/uploads\/2016\/03\/A-POP-100-vuotta-Pentti-Perttuli-13-3-2016-POP-TT.jpg\" rel=\"attachment wp-att-2138\"><img loading=\"lazy\" decoding=\"async\" class=\"wp-image-2138 size-full\" src=\"http:\/\/www.rukajarvensuunnanhistoriayhdistys.fi\/rukajarvikeskus\/wp-content\/uploads\/2016\/03\/A-POP-100-vuotta-Pentti-Perttuli-13-3-2016-POP-TT.jpg\" alt=\"Raappanan ritari, Pentti Perttuli Rukaj\u00e4rven suunnan taisteluissa kirjan numeroitu ensimm\u00e4inen kappale luovutettiin 100-vuotiaalle yhdistyksen perustajaj\u00e4senelle. Ote esipuheesta: \u201dRukaj\u00e4rven suunnan historiayhdistys ry toivottaa t\u00e4m\u00e4n Raappanan ritari -teoksen my\u00f6t\u00e4 onnea perustajaj\u00e4senelleen Pentti Perttulille. Teoksen nimivalinnassa olemme ottaneet huomioon Perttulin sotilaalliset ansiot rintamalla. Kirjan nimi kuvaa Pentti Perttulia ihmisen\u00e4 samoin kuin h\u00e4nen muut huomioivaa ritarillista k\u00e4yt\u00f6st\u00e4\u00e4n.\u201d\" width=\"4864\" height=\"2736\" srcset=\"http:\/\/www.rukajarvensuunnanhistoriayhdistys.fi\/rukajarvikeskus\/wp-content\/uploads\/2016\/03\/A-POP-100-vuotta-Pentti-Perttuli-13-3-2016-POP-TT.jpg 4864w, http:\/\/www.rukajarvensuunnanhistoriayhdistys.fi\/rukajarvikeskus\/wp-content\/uploads\/2016\/03\/A-POP-100-vuotta-Pentti-Perttuli-13-3-2016-POP-TT-300x169.jpg 300w, http:\/\/www.rukajarvensuunnanhistoriayhdistys.fi\/rukajarvikeskus\/wp-content\/uploads\/2016\/03\/A-POP-100-vuotta-Pentti-Perttuli-13-3-2016-POP-TT-768x432.jpg 768w, http:\/\/www.rukajarvensuunnanhistoriayhdistys.fi\/rukajarvikeskus\/wp-content\/uploads\/2016\/03\/A-POP-100-vuotta-Pentti-Perttuli-13-3-2016-POP-TT-1024x576.jpg 1024w\" sizes=\"auto, (max-width: 4864px) 100vw, 4864px\" \/><\/a><figcaption id=\"caption-attachment-2138\" class=\"wp-caption-text\">Raappanan ritari, Pentti Perttuli Rukaj\u00e4rven suunnan taisteluissa kirjan numeroitu ensimm\u00e4inen kappale luovutettiin 100-vuotiaalle yhdistyksen perustajaj\u00e4senelle. Ote esipuheesta: \u201dRukaj\u00e4rven suunnan historiayhdistys ry toivottaa t\u00e4m\u00e4n Raappanan ritari -teoksen my\u00f6t\u00e4 onnea perustajaj\u00e4senelleen Pentti Perttulille. Teoksen nimivalinnassa olemme ottaneet huomioon Perttulin sotilaalliset ansiot rintamalla. Kirjan nimi kuvaa Pentti Perttulia ihmisen\u00e4 samoin kuin h\u00e4nen muut huomioivaa ritarillista k\u00e4yt\u00f6st\u00e4\u00e4n.\u201d<\/figcaption><\/figure>\n<figure id=\"attachment_2134\" aria-describedby=\"caption-attachment-2134\" style=\"width: 4353px\" class=\"wp-caption alignnone\"><a href=\"http:\/\/www.rukajarvensuunnanhistoriayhdistys.fi\/rukajarvikeskus\/wp-content\/uploads\/2016\/03\/A-POP-100-vuotta-Pentti-Perttuli-13-3-2016-hallitus.jpg\" rel=\"attachment wp-att-2134\"><img loading=\"lazy\" decoding=\"async\" class=\"wp-image-2134 size-full\" src=\"http:\/\/www.rukajarvensuunnanhistoriayhdistys.fi\/rukajarvikeskus\/wp-content\/uploads\/2016\/03\/A-POP-100-vuotta-Pentti-Perttuli-13-3-2016-hallitus.jpg\" alt=\"\u2014Rukaj\u00e4rven suunnan historiayhdistys ry:n hallitus, onnitteli perustajaj\u00e4sent\u00e4\u00e4n ja luovutti h\u00e4nelle 100-vuotisp\u00e4iv\u00e4n kunniaksi julkaistun kirjan Raappanan ritari, Pentti Perttuli Rukaj\u00e4rven suunnan taisteluissa. Pentti Perttuli ja Olavi Tiittanen, takana Jari K\u00e4rkk\u00e4inen, Tenho Tikkanen, Antero Huttunen, Tauno Oksanen, Seppo R\u00e4ih\u00e4 ja Aila Elo\" width=\"4353\" height=\"3080\" srcset=\"http:\/\/www.rukajarvensuunnanhistoriayhdistys.fi\/rukajarvikeskus\/wp-content\/uploads\/2016\/03\/A-POP-100-vuotta-Pentti-Perttuli-13-3-2016-hallitus.jpg 4353w, http:\/\/www.rukajarvensuunnanhistoriayhdistys.fi\/rukajarvikeskus\/wp-content\/uploads\/2016\/03\/A-POP-100-vuotta-Pentti-Perttuli-13-3-2016-hallitus-300x212.jpg 300w, http:\/\/www.rukajarvensuunnanhistoriayhdistys.fi\/rukajarvikeskus\/wp-content\/uploads\/2016\/03\/A-POP-100-vuotta-Pentti-Perttuli-13-3-2016-hallitus-768x543.jpg 768w, http:\/\/www.rukajarvensuunnanhistoriayhdistys.fi\/rukajarvikeskus\/wp-content\/uploads\/2016\/03\/A-POP-100-vuotta-Pentti-Perttuli-13-3-2016-hallitus-1024x725.jpg 1024w\" sizes=\"auto, (max-width: 4353px) 100vw, 4353px\" \/><\/a><figcaption id=\"caption-attachment-2134\" class=\"wp-caption-text\">\u2014Rukaj\u00e4rven suunnan historiayhdistys ry:n hallitus, onnitteli perustajaj\u00e4sent\u00e4\u00e4n ja luovutti h\u00e4nelle 100-vuotisp\u00e4iv\u00e4n kunniaksi julkaistun kirjan Raappanan ritari, Pentti Perttuli Rukaj\u00e4rven suunnan taisteluissa. Pentti Perttuli ja Olavi Tiittanen, takana Jari K\u00e4rkk\u00e4inen, Tenho Tikkanen, Antero Huttunen, Tauno Oksanen, Seppo R\u00e4ih\u00e4 ja Aila Elo<\/figcaption><\/figure>\n<figure id=\"attachment_2137\" aria-describedby=\"caption-attachment-2137\" style=\"width: 5472px\" class=\"wp-caption alignnone\"><a href=\"http:\/\/www.rukajarvensuunnanhistoriayhdistys.fi\/rukajarvikeskus\/wp-content\/uploads\/2016\/03\/A-POP-100-vuotta-Pentti-Perttuli-13-3-2016-Perttuli-Ahtiainen.jpg\" rel=\"attachment wp-att-2137\"><img loading=\"lazy\" decoding=\"async\" class=\"wp-image-2137 size-full\" src=\"http:\/\/www.rukajarvensuunnanhistoriayhdistys.fi\/rukajarvikeskus\/wp-content\/uploads\/2016\/03\/A-POP-100-vuotta-Pentti-Perttuli-13-3-2016-Perttuli-Ahtiainen.jpg\" alt=\"Suomen Marsalkka Mannerheimin Mets\u00e4stysmaja ry:n onnittelut toi perinnetoimikunnan puheenjohtaja Matti Ahtiainen. P\u00f6yd\u00e4ll\u00e4 raameihin kehystettyn\u00e4 Tasavallan presidentti Sauli Niinist\u00f6n onnittelus\u00e4hke.\" width=\"5472\" height=\"3080\" srcset=\"http:\/\/www.rukajarvensuunnanhistoriayhdistys.fi\/rukajarvikeskus\/wp-content\/uploads\/2016\/03\/A-POP-100-vuotta-Pentti-Perttuli-13-3-2016-Perttuli-Ahtiainen.jpg 5472w, http:\/\/www.rukajarvensuunnanhistoriayhdistys.fi\/rukajarvikeskus\/wp-content\/uploads\/2016\/03\/A-POP-100-vuotta-Pentti-Perttuli-13-3-2016-Perttuli-Ahtiainen-300x169.jpg 300w, http:\/\/www.rukajarvensuunnanhistoriayhdistys.fi\/rukajarvikeskus\/wp-content\/uploads\/2016\/03\/A-POP-100-vuotta-Pentti-Perttuli-13-3-2016-Perttuli-Ahtiainen-768x432.jpg 768w, http:\/\/www.rukajarvensuunnanhistoriayhdistys.fi\/rukajarvikeskus\/wp-content\/uploads\/2016\/03\/A-POP-100-vuotta-Pentti-Perttuli-13-3-2016-Perttuli-Ahtiainen-1024x576.jpg 1024w\" sizes=\"auto, (max-width: 5472px) 100vw, 5472px\" \/><\/a><figcaption id=\"caption-attachment-2137\" class=\"wp-caption-text\">Suomen Marsalkka Mannerheimin Mets\u00e4stysmaja ry:n onnittelut toi perinnetoimikunnan puheenjohtaja Matti Ahtiainen. P\u00f6yd\u00e4ll\u00e4 raameihin kehystettyn\u00e4 Tasavallan presidentti Sauli Niinist\u00f6n onnittelus\u00e4hke.<\/figcaption><\/figure>\n<figure id=\"attachment_2135\" aria-describedby=\"caption-attachment-2135\" style=\"width: 3467px\" class=\"wp-caption alignnone\"><a href=\"http:\/\/www.rukajarvensuunnanhistoriayhdistys.fi\/rukajarvikeskus\/wp-content\/uploads\/2016\/03\/A-POP-100-vuotta-Pentti-Perttuli-13-3-2016-Palkongas-Eela.jpg\" rel=\"attachment wp-att-2135\"><img loading=\"lazy\" decoding=\"async\" class=\"wp-image-2135 size-full\" src=\"http:\/\/www.rukajarvensuunnanhistoriayhdistys.fi\/rukajarvikeskus\/wp-content\/uploads\/2016\/03\/A-POP-100-vuotta-Pentti-Perttuli-13-3-2016-Palkongas-Eela.jpg\" alt=\"L\u00e4heiset neuvokset, Simo Palokangas, Pentti Perttuli ja Esko Eela.\" width=\"3467\" height=\"2455\" srcset=\"http:\/\/www.rukajarvensuunnanhistoriayhdistys.fi\/rukajarvikeskus\/wp-content\/uploads\/2016\/03\/A-POP-100-vuotta-Pentti-Perttuli-13-3-2016-Palkongas-Eela.jpg 3467w, http:\/\/www.rukajarvensuunnanhistoriayhdistys.fi\/rukajarvikeskus\/wp-content\/uploads\/2016\/03\/A-POP-100-vuotta-Pentti-Perttuli-13-3-2016-Palkongas-Eela-300x212.jpg 300w, http:\/\/www.rukajarvensuunnanhistoriayhdistys.fi\/rukajarvikeskus\/wp-content\/uploads\/2016\/03\/A-POP-100-vuotta-Pentti-Perttuli-13-3-2016-Palkongas-Eela-768x544.jpg 768w, http:\/\/www.rukajarvensuunnanhistoriayhdistys.fi\/rukajarvikeskus\/wp-content\/uploads\/2016\/03\/A-POP-100-vuotta-Pentti-Perttuli-13-3-2016-Palkongas-Eela-1024x725.jpg 1024w\" sizes=\"auto, (max-width: 3467px) 100vw, 3467px\" \/><\/a><figcaption id=\"caption-attachment-2135\" class=\"wp-caption-text\">L\u00e4heiset neuvokset, Simo Palokangas, Pentti Perttuli ja Esko Eela.<\/figcaption><\/figure>\n<figure id=\"attachment_2139\" aria-describedby=\"caption-attachment-2139\" style=\"width: 4864px\" class=\"wp-caption alignnone\"><a href=\"http:\/\/www.rukajarvensuunnanhistoriayhdistys.fi\/rukajarvikeskus\/wp-content\/uploads\/2016\/03\/A-POP-100-vuotta-Pentti-Perttuli-13-3-2016-Rukaj\u00e4rven-tie.jpg\" rel=\"attachment wp-att-2139\"><img loading=\"lazy\" decoding=\"async\" class=\"wp-image-2139 size-full\" src=\"http:\/\/www.rukajarvensuunnanhistoriayhdistys.fi\/rukajarvikeskus\/wp-content\/uploads\/2016\/03\/A-POP-100-vuotta-Pentti-Perttuli-13-3-2016-Rukaj\u00e4rven-tie.jpg\" alt=\"Pentti Perttulin l\u00e4heiset yhteisty\u00f6kumppanit historiikkitoiminkunnan ajoista l\u00e4htien, Heikki A. Reenp\u00e4\u00e4, Antti Tuuri ja Marko R\u00f6hr.\" width=\"4864\" height=\"2736\" srcset=\"http:\/\/www.rukajarvensuunnanhistoriayhdistys.fi\/rukajarvikeskus\/wp-content\/uploads\/2016\/03\/A-POP-100-vuotta-Pentti-Perttuli-13-3-2016-Rukaj\u00e4rven-tie.jpg 4864w, http:\/\/www.rukajarvensuunnanhistoriayhdistys.fi\/rukajarvikeskus\/wp-content\/uploads\/2016\/03\/A-POP-100-vuotta-Pentti-Perttuli-13-3-2016-Rukaj\u00e4rven-tie-300x169.jpg 300w, http:\/\/www.rukajarvensuunnanhistoriayhdistys.fi\/rukajarvikeskus\/wp-content\/uploads\/2016\/03\/A-POP-100-vuotta-Pentti-Perttuli-13-3-2016-Rukaj\u00e4rven-tie-768x432.jpg 768w, http:\/\/www.rukajarvensuunnanhistoriayhdistys.fi\/rukajarvikeskus\/wp-content\/uploads\/2016\/03\/A-POP-100-vuotta-Pentti-Perttuli-13-3-2016-Rukaj\u00e4rven-tie-1024x576.jpg 1024w\" sizes=\"auto, (max-width: 4864px) 100vw, 4864px\" \/><\/a><figcaption id=\"caption-attachment-2139\" class=\"wp-caption-text\">Pentti Perttulin l\u00e4heiset yhteisty\u00f6kumppanit historiikkitoiminkunnan ajoista l\u00e4htien, Heikki A. Reenp\u00e4\u00e4, Antti Tuuri ja Marko R\u00f6hr.<\/figcaption><\/figure>\n<figure id=\"attachment_2140\" aria-describedby=\"caption-attachment-2140\" style=\"width: 5472px\" class=\"wp-caption alignnone\"><a href=\"http:\/\/www.rukajarvensuunnanhistoriayhdistys.fi\/rukajarvikeskus\/wp-content\/uploads\/2016\/03\/A-POP-100-vuotta-Pentti-Perttuli-13-3-2016-Tuuri-Perttuli.jpg\" rel=\"attachment wp-att-2140\"><img loading=\"lazy\" decoding=\"async\" class=\"wp-image-2140 size-full\" src=\"http:\/\/www.rukajarvensuunnanhistoriayhdistys.fi\/rukajarvikeskus\/wp-content\/uploads\/2016\/03\/A-POP-100-vuotta-Pentti-Perttuli-13-3-2016-Tuuri-Perttuli.jpg\" alt=\"Yst\u00e4vykset Pentti Perttuli ja Antti Tuuri\" width=\"5472\" height=\"3080\" srcset=\"http:\/\/www.rukajarvensuunnanhistoriayhdistys.fi\/rukajarvikeskus\/wp-content\/uploads\/2016\/03\/A-POP-100-vuotta-Pentti-Perttuli-13-3-2016-Tuuri-Perttuli.jpg 5472w, http:\/\/www.rukajarvensuunnanhistoriayhdistys.fi\/rukajarvikeskus\/wp-content\/uploads\/2016\/03\/A-POP-100-vuotta-Pentti-Perttuli-13-3-2016-Tuuri-Perttuli-300x169.jpg 300w, http:\/\/www.rukajarvensuunnanhistoriayhdistys.fi\/rukajarvikeskus\/wp-content\/uploads\/2016\/03\/A-POP-100-vuotta-Pentti-Perttuli-13-3-2016-Tuuri-Perttuli-768x432.jpg 768w, http:\/\/www.rukajarvensuunnanhistoriayhdistys.fi\/rukajarvikeskus\/wp-content\/uploads\/2016\/03\/A-POP-100-vuotta-Pentti-Perttuli-13-3-2016-Tuuri-Perttuli-1024x576.jpg 1024w\" sizes=\"auto, (max-width: 5472px) 100vw, 5472px\" \/><\/a><figcaption id=\"caption-attachment-2140\" class=\"wp-caption-text\">Yst\u00e4vykset Pentti Perttuli ja Antti Tuuri<\/figcaption><\/figure>\n<figure id=\"attachment_2142\" aria-describedby=\"caption-attachment-2142\" style=\"width: 1920px\" class=\"wp-caption alignnone\"><a href=\"http:\/\/www.rukajarvensuunnanhistoriayhdistys.fi\/rukajarvikeskus\/wp-content\/uploads\/2016\/03\/D-POP-100-vuotta-Pentti-Perttuli-13-3-2016-Perttuli-Aila.jpg\" rel=\"attachment wp-att-2142\"><img loading=\"lazy\" decoding=\"async\" class=\"wp-image-2142 size-full\" src=\"http:\/\/www.rukajarvensuunnanhistoriayhdistys.fi\/rukajarvikeskus\/wp-content\/uploads\/2016\/03\/D-POP-100-vuotta-Pentti-Perttuli-13-3-2016-Perttuli-Aila.jpg\" alt=\"\u2014Aila Elo on Pentti Perttulin aseveljen tyt\u00e4r ja toimii nykyisin yhdistyksemme sihteerin teht\u00e4viss\u00e4.\" width=\"1920\" height=\"1080\" srcset=\"http:\/\/www.rukajarvensuunnanhistoriayhdistys.fi\/rukajarvikeskus\/wp-content\/uploads\/2016\/03\/D-POP-100-vuotta-Pentti-Perttuli-13-3-2016-Perttuli-Aila.jpg 1920w, http:\/\/www.rukajarvensuunnanhistoriayhdistys.fi\/rukajarvikeskus\/wp-content\/uploads\/2016\/03\/D-POP-100-vuotta-Pentti-Perttuli-13-3-2016-Perttuli-Aila-300x169.jpg 300w, http:\/\/www.rukajarvensuunnanhistoriayhdistys.fi\/rukajarvikeskus\/wp-content\/uploads\/2016\/03\/D-POP-100-vuotta-Pentti-Perttuli-13-3-2016-Perttuli-Aila-768x432.jpg 768w, http:\/\/www.rukajarvensuunnanhistoriayhdistys.fi\/rukajarvikeskus\/wp-content\/uploads\/2016\/03\/D-POP-100-vuotta-Pentti-Perttuli-13-3-2016-Perttuli-Aila-1024x576.jpg 1024w\" sizes=\"auto, (max-width: 1920px) 100vw, 1920px\" \/><\/a><figcaption id=\"caption-attachment-2142\" class=\"wp-caption-text\">\u2014Aila Elo on Pentti Perttulin aseveljen, III\/KTR 18:n komentajan Erkki Hartikaisen&nbsp;tyt\u00e4r ja toimii yhdistyksemme sihteerin\u00e4.<\/figcaption><\/figure>\n<figure id=\"attachment_2141\" aria-describedby=\"caption-attachment-2141\" style=\"width: 3072px\" class=\"wp-caption alignnone\"><a href=\"http:\/\/www.rukajarvensuunnanhistoriayhdistys.fi\/rukajarvikeskus\/wp-content\/uploads\/2016\/03\/B-POP-100-Perttuli-Antero-Huttunen.jpg\" rel=\"attachment wp-att-2141\"><img loading=\"lazy\" decoding=\"async\" class=\"wp-image-2141 size-full\" src=\"http:\/\/www.rukajarvensuunnanhistoriayhdistys.fi\/rukajarvikeskus\/wp-content\/uploads\/2016\/03\/B-POP-100-Perttuli-Antero-Huttunen.jpg\" alt=\"Pentti ja Antero, mies kameran takaa. Antero on tallentanut yhdistyksemme toiminnan ajan kaikki merkitt\u00e4v\u00e4t tapahtumat ja seminaaripuheet. Antero on Viljo Huttusen poika. Viljo toimi RajaJP 6:n viestiupseerina ja oli sodanj\u00e4lkeisen veteraanien perinnety\u00f6n l\u00e4heisin yhteisty\u00f6kumppani.\" width=\"3072\" height=\"1728\" srcset=\"http:\/\/www.rukajarvensuunnanhistoriayhdistys.fi\/rukajarvikeskus\/wp-content\/uploads\/2016\/03\/B-POP-100-Perttuli-Antero-Huttunen.jpg 3072w, http:\/\/www.rukajarvensuunnanhistoriayhdistys.fi\/rukajarvikeskus\/wp-content\/uploads\/2016\/03\/B-POP-100-Perttuli-Antero-Huttunen-300x169.jpg 300w, http:\/\/www.rukajarvensuunnanhistoriayhdistys.fi\/rukajarvikeskus\/wp-content\/uploads\/2016\/03\/B-POP-100-Perttuli-Antero-Huttunen-768x432.jpg 768w, http:\/\/www.rukajarvensuunnanhistoriayhdistys.fi\/rukajarvikeskus\/wp-content\/uploads\/2016\/03\/B-POP-100-Perttuli-Antero-Huttunen-1024x576.jpg 1024w\" sizes=\"auto, (max-width: 3072px) 100vw, 3072px\" \/><\/a><figcaption id=\"caption-attachment-2141\" class=\"wp-caption-text\">Pentti ja Antero, mies kameran takaa. Antero on tallentanut yhdistyksemme toiminnan ajan kaikki merkitt\u00e4v\u00e4t tapahtumat ja seminaaripuheet. Antero on Viljo Huttusen poika. Viljo toimi RajaJP 6:n viestiupseerina ja oli sodanj\u00e4lkeisen veteraanien perinnety\u00f6n l\u00e4heisin yhteisty\u00f6kumppani.<\/figcaption><\/figure>\n","protected":false},"excerpt":{"rendered":"<p>Ote puheenjohtaja Tenho Tikkasen puheesta Pentti Perttulin 100-vuotisjuhlatilaisuudessa: Arvoisa p\u00e4iv\u00e4nsankari &#8211; hyv\u00e4t yst\u00e4v\u00e4t. Meill\u00e4 on ilo saapua tervehtim\u00e4\u00e4n ja onnittelemaan Rukaj\u00e4rven veteraani Pentti Perttulia h\u00e4nen 100-vuotisp\u00e4iv\u00e4n\u00e4\u00e4n. N\u00e4ihin elettyihin vuosiin sis\u00e4ltyy <a class=\"more-link\" href=\"http:\/\/www.rukajarvensuunnanhistoriayhdistys.fi\/rukajarvikeskus\/ajankohtaista\/tenho-tikkanen-paivansankarille-esimerkin-voima-on-ollut-pentti-perttulin-vahvuus\/\">Lue lis\u00e4\u00e4&#8230;<span class=\"screen-reader-text\">Tenho Tikkanen p\u00e4iv\u00e4nsankarille: &#8221;Esimerkin voima on ollut Pentti Perttulin vahvuus&#8221;<\/span><span class=\"meta-nav\">\u2192<\/span><\/a><\/p>\n","protected":false},"author":4,"featured_media":2133,"comment_status":"closed","ping_status":"open","sticky":false,"template":"","format":"standard","meta":{"ngg_post_thumbnail":0,"_jetpack_newsletter_access":"","_jetpack_dont_email_post_to_subs":false,"_jetpack_newsletter_tier_id":0,"_jetpack_memberships_contains_paywalled_content":false,"_jetpack_memberships_contains_paid_content":false,"footnotes":""},"categories":[26],"tags":[],"class_list":["post-2132","post","type-post","status-publish","format-standard","has-post-thumbnail","hentry","category-ajankohtaista"],"jetpack_featured_media_url":"http:\/\/www.rukajarvensuunnanhistoriayhdistys.fi\/rukajarvikeskus\/wp-content\/uploads\/2016\/03\/A-POP-100-vuotta-Pentti-Perttuli-13-3-2016.jpg","jetpack_sharing_enabled":true,"jetpack_shortlink":"https:\/\/wp.me\/p72N2f-yo","_links":{"self":[{"href":"http:\/\/www.rukajarvensuunnanhistoriayhdistys.fi\/rukajarvikeskus\/wp-json\/wp\/v2\/posts\/2132","targetHints":{"allow":["GET"]}}],"collection":[{"href":"http:\/\/www.rukajarvensuunnanhistoriayhdistys.fi\/rukajarvikeskus\/wp-json\/wp\/v2\/posts"}],"about":[{"href":"http:\/\/www.rukajarvensuunnanhistoriayhdistys.fi\/rukajarvikeskus\/wp-json\/wp\/v2\/types\/post"}],"author":[{"embeddable":true,"href":"http:\/\/www.rukajarvensuunnanhistoriayhdistys.fi\/rukajarvikeskus\/wp-json\/wp\/v2\/users\/4"}],"replies":[{"embeddable":true,"href":"http:\/\/www.rukajarvensuunnanhistoriayhdistys.fi\/rukajarvikeskus\/wp-json\/wp\/v2\/comments?post=2132"}],"version-history":[{"count":4,"href":"http:\/\/www.rukajarvensuunnanhistoriayhdistys.fi\/rukajarvikeskus\/wp-json\/wp\/v2\/posts\/2132\/revisions"}],"predecessor-version":[{"id":11475,"href":"http:\/\/www.rukajarvensuunnanhistoriayhdistys.fi\/rukajarvikeskus\/wp-json\/wp\/v2\/posts\/2132\/revisions\/11475"}],"wp:featuredmedia":[{"embeddable":true,"href":"http:\/\/www.rukajarvensuunnanhistoriayhdistys.fi\/rukajarvikeskus\/wp-json\/wp\/v2\/media\/2133"}],"wp:attachment":[{"href":"http:\/\/www.rukajarvensuunnanhistoriayhdistys.fi\/rukajarvikeskus\/wp-json\/wp\/v2\/media?parent=2132"}],"wp:term":[{"taxonomy":"category","embeddable":true,"href":"http:\/\/www.rukajarvensuunnanhistoriayhdistys.fi\/rukajarvikeskus\/wp-json\/wp\/v2\/categories?post=2132"},{"taxonomy":"post_tag","embeddable":true,"href":"http:\/\/www.rukajarvensuunnanhistoriayhdistys.fi\/rukajarvikeskus\/wp-json\/wp\/v2\/tags?post=2132"}],"curies":[{"name":"wp","href":"https:\/\/api.w.org\/{rel}","templated":true}]}}